{"id":10308,"date":"2022-08-01T05:21:49","date_gmt":"2022-08-01T08:21:49","guid":{"rendered":"https:\/\/noticiasnoface.com.br\/?p=10308"},"modified":"2022-08-01T05:21:50","modified_gmt":"2022-08-01T08:21:50","slug":"morreu-joao-paulo-diniz-filho-de-abilio-diniz","status":"publish","type":"post","link":"https:\/\/noticiasnoface.com.br\/index.php\/2022\/08\/01\/morreu-joao-paulo-diniz-filho-de-abilio-diniz\/","title":{"rendered":"Morreu Jo\u00e3o Paulo Diniz, filho de Ab\u00edlio Diniz!"},"content":{"rendered":"\n<figure class=\"wp-block-image size-large\"><img data-opt-id=552639571  fetchpriority=\"high\" decoding=\"async\" width=\"610\" height=\"502\" src=\"https:\/\/mlbfrsat7ahr.i.optimole.com\/w:auto\/h:auto\/q:mauto\/ig:avif\/https:\/\/noticiasnoface.com.br\/wp-content\/uploads\/2022\/08\/img_0031.jpg\" class=\"wp-image-10307\" srcset=\"https:\/\/mlbfrsat7ahr.i.optimole.com\/w:610\/h:502\/q:mauto\/ig:avif\/https:\/\/noticiasnoface.com.br\/wp-content\/uploads\/2022\/08\/img_0031.jpg 610w, https:\/\/mlbfrsat7ahr.i.optimole.com\/w:300\/h:247\/q:mauto\/ig:avif\/https:\/\/noticiasnoface.com.br\/wp-content\/uploads\/2022\/08\/img_0031.jpg 300w\" sizes=\"(max-width: 610px) 100vw, 610px\" \/><figcaption><a rel=\"noreferrer noopener\" href=\"https:\/\/economia.uol.com.br\/noticias\/estadao-conteudo\/2022\/07\/31\/joao-paulo-diniz-filho-de-abilio-diniz-morre-aos-58-anos.htm\" target=\"_blank\">Morreu neste domingo o empres\u00e1rio e ex-atleta Jo\u00e3o Paulo Diniz<\/a>, filho do empres\u00e1rio Ab\u00edlio Diniz, aos 58 anos, no Rio de Janeiro. Praticante de triatlo desde os anos 1980 e competidor de maratonas, ele foi um incentivador do esporte brasileiro. Dentre os grandes patrim\u00f4nios do pa\u00eds, era quem mais contribu\u00eda, com recursos e atua\u00e7\u00e3o pessoal, para um melhor ambiente para o esporte de alto rendimento do Brasil.<br>Atleta fascinado pelas provas de resist\u00eancia, Jo\u00e3o Paulo participou de grandes maratonas como as de Nova York, Paris e Londres, e foi um dos idealizadores da Maratona de Revezamento P\u00e3o de A\u00e7\u00facar, marco na hist\u00f3ria das corridas de participa\u00e7\u00e3o em S\u00e3o Paulo e no Brasil. A prova foi a raz\u00e3o para diversas empresas incentivarem seus funcion\u00e1rios a praticar esporte.<br>Relacionadas<br>O empres\u00e1rio sempre esteve por tr\u00e1s do principal empreendimento privado de apoio ao esporte de alto rendimento no Brasil, o N\u00facleo de Alto Rendimento (NAR), centro de excel\u00eancia em estudo, avalia\u00e7\u00e3o, prescri\u00e7\u00e3o de treinamento esportivo e capacita\u00e7\u00e3o de t\u00e9cnicos e preparadores f\u00edsicos.<br>O NAR fica em S\u00e3o Paulo, em um centro esportivo da Prefeitura paulistana, mas, desde mar\u00e7o de 2014, \u00e9 mantido pelo Instituto Pen\u00ednsula, bra\u00e7o de investimento social da fam\u00edlia Diniz. A grosso modo, Jo\u00e3o Paulo Diniz era quem garantia o financiamento, com recursos pr\u00f3prios e de parceiros, do local onde treinam, por exemplo, a <a href=\"https:\/\/www.uol.com.br\/esporte\/futebol\/selecoes\/selecao-brasileira\/\" target=\"_blank\" rel=\"noopener\">sele\u00e7\u00e3o brasileira<\/a> de r\u00fagbi, alguns dos principais nomes do atletismo ol\u00edmpico e paral\u00edmpico, al\u00e9m de outras modalidades.<br>Jo\u00e3o Paulo tamb\u00e9m integrava o conselho gestor do Pacto pelo Esporte, um acordo privado e volunt\u00e1rio entre empresas patrocinadoras do esporte brasileiro, que objetivam contribuir para uma gest\u00e3o profissional, \u00edntegra, com transpar\u00eancia e governan\u00e7a. Na semana passada, ele esteve entre os respons\u00e1veis por lan\u00e7ar o bra\u00e7o latino-americano da SIGA, uma plataforma global de governan\u00e7a que se aliou ao Pacto.<br>O empres\u00e1rio tinha outras muitas liga\u00e7\u00f5es com o movimento ol\u00edmpico. O Grupo P\u00e3o de A\u00e7\u00facar, na \u00e9poca sob tutela da fam\u00edlia Diniz, incentivou a forma\u00e7\u00e3o da primeira equipe ol\u00edmpica de triatlo do Brasil, visando os Jogos Ol\u00edmpicos de Sydney 2000. Desde ent\u00e3o, Jo\u00e3o Paulo \u00e9 muito influente na gest\u00e3o da modalidade.<br>Foi Jo\u00e3o Paulo tamb\u00e9m quem liderou o projeto do Instituto Live Wright, que bancou equipes de ciclismo de pista e, especialmente, de gin\u00e1stica art\u00edstica, contratando para a Cegin, do Paran\u00e1, nomes de peso no in\u00edcio da d\u00e9cada, como Jade Barbosa e Daniele Hypolito.<br>As redes sociais de Jo\u00e3o Paulo \u2014que tamb\u00e9m disputou provas como a Race Across Am\u00e9rica e Ironman\u2014 tamb\u00e9m eram usadas para propaga\u00e7\u00e3o do notici\u00e1rio esportivo. Al\u00e9m de fotos suas praticando diferentes modalidade, Jo\u00e3o Paulo compartilhava not\u00edcias sobre o segmento.<br><br>Jo\u00e3o Paulo tamb\u00e9m tinha uma rela\u00e7\u00e3o com o S\u00e3o Paulo, clube para o qual seu pai torce. Em suas redes sociais, o clube paulista lamentou a morte do empres\u00e1rio, que tamb\u00e9m foi s\u00f3cio de restaurantes, como o Forneria San Paolo.<\/figcaption><\/figure>\n","protected":false},"excerpt":{"rendered":"","protected":false},"author":1,"featured_media":0,"comment_status":"open","ping_status":"open","sticky":false,"template":"","format":"standard","meta":{"site-sidebar-layout":"default","site-content-layout":"","ast-site-content-layout":"default","site-content-style":"default","site-sidebar-style":"default","ast-global-header-display":"","ast-banner-title-visibility":"","ast-main-header-display":"","ast-hfb-above-header-display":"","ast-hfb-below-header-display":"","ast-hfb-mobile-header-display":"","site-post-title":"","ast-breadcrumbs-content":"","ast-featured-img":"","footer-sml-layout":"","ast-disable-related-posts":"","theme-transparent-header-meta":"","adv-header-id-meta":"","stick-header-meta":"","header-above-stick-meta":"","header-main-stick-meta":"","header-below-stick-meta":"","astra-migrate-meta-layouts":"default","ast-page-background-enabled":"default","ast-page-background-meta":{"desktop":{"background-color":"var(--ast-global-color-4)","background-image":"","background-repeat":"repeat","background-position":"center center","background-size":"auto","background-attachment":"scroll","background-type":"","background-media":"","overlay-type":"","overlay-color":"","overlay-opacity":"","overlay-gradient":""},"tablet":{"background-color":"","background-image":"","background-repeat":"repeat","background-position":"center center","background-size":"auto","background-attachment":"scroll","background-type":"","background-media":"","overlay-type":"","overlay-color":"","overlay-opacity":"","overlay-gradient":""},"mobile":{"background-color":"","background-image":"","background-repeat":"repeat","background-position":"center center","background-size":"auto","background-attachment":"scroll","background-type":"","background-media":"","overlay-type":"","overlay-color":"","overlay-opacity":"","overlay-gradient":""}},"ast-content-background-meta":{"desktop":{"background-color":"var(--ast-global-color-5)","background-image":"","background-repeat":"repeat","background-position":"center center","background-size":"auto","background-attachment":"scroll","background-type":"","background-media":"","overlay-type":"","overlay-color":"","overlay-opacity":"","overlay-gradient":""},"tablet":{"background-color":"var(--ast-global-color-5)","background-image":"","background-repeat":"repeat","background-position":"center center","background-size":"auto","background-attachment":"scroll","background-type":"","background-media":"","overlay-type":"","overlay-color":"","overlay-opacity":"","overlay-gradient":""},"mobile":{"background-color":"var(--ast-global-color-5)","background-image":"","background-repeat":"repeat","background-position":"center center","background-size":"auto","background-attachment":"scroll","background-type":"","background-media":"","overlay-type":"","overlay-color":"","overlay-opacity":"","overlay-gradient":""}},"footnotes":""},"categories":[517],"tags":[1598,1597,801,50,22,199],"class_list":["post-10308","post","type-post","status-publish","format-standard","hentry","category-aconteceu","tag-infarto","tag-joao-paulo-diniz","tag-morreu","tag-noticias-do-face","tag-noticias-no-face","tag-noticiasnoface"],"_links":{"self":[{"href":"https:\/\/noticiasnoface.com.br\/index.php\/wp-json\/wp\/v2\/posts\/10308","targetHints":{"allow":["GET"]}}],"collection":[{"href":"https:\/\/noticiasnoface.com.br\/index.php\/wp-json\/wp\/v2\/posts"}],"about":[{"href":"https:\/\/noticiasnoface.com.br\/index.php\/wp-json\/wp\/v2\/types\/post"}],"author":[{"embeddable":true,"href":"https:\/\/noticiasnoface.com.br\/index.php\/wp-json\/wp\/v2\/users\/1"}],"replies":[{"embeddable":true,"href":"https:\/\/noticiasnoface.com.br\/index.php\/wp-json\/wp\/v2\/comments?post=10308"}],"version-history":[{"count":1,"href":"https:\/\/noticiasnoface.com.br\/index.php\/wp-json\/wp\/v2\/posts\/10308\/revisions"}],"predecessor-version":[{"id":10309,"href":"https:\/\/noticiasnoface.com.br\/index.php\/wp-json\/wp\/v2\/posts\/10308\/revisions\/10309"}],"wp:attachment":[{"href":"https:\/\/noticiasnoface.com.br\/index.php\/wp-json\/wp\/v2\/media?parent=10308"}],"wp:term":[{"taxonomy":"category","embeddable":true,"href":"https:\/\/noticiasnoface.com.br\/index.php\/wp-json\/wp\/v2\/categories?post=10308"},{"taxonomy":"post_tag","embeddable":true,"href":"https:\/\/noticiasnoface.com.br\/index.php\/wp-json\/wp\/v2\/tags?post=10308"}],"curies":[{"name":"wp","href":"https:\/\/api.w.org\/{rel}","templated":true}]}}