{"id":10352,"date":"2022-08-02T09:31:28","date_gmt":"2022-08-02T12:31:28","guid":{"rendered":"https:\/\/noticiasnoface.com.br\/?p=10352"},"modified":"2022-08-02T09:33:33","modified_gmt":"2022-08-02T12:33:33","slug":"rogerio-marinho-lidera-5-pesquisas-espontaneas","status":"publish","type":"post","link":"https:\/\/noticiasnoface.com.br\/index.php\/2022\/08\/02\/rogerio-marinho-lidera-5-pesquisas-espontaneas\/","title":{"rendered":"Rog\u00e9rio Marinho lidera 5 pesquisas espont\u00e2neas para senado"},"content":{"rendered":"\n<figure class=\"wp-block-image size-large\"><img data-opt-id=2013514846  fetchpriority=\"high\" decoding=\"async\" width=\"1242\" height=\"1040\" src=\"https:\/\/mlbfrsat7ahr.i.optimole.com\/w:auto\/h:auto\/q:mauto\/ig:avif\/https:\/\/noticiasnoface.com.br\/wp-content\/uploads\/2022\/08\/img_0093.jpg\" alt=\"\" class=\"wp-image-10355\" srcset=\"https:\/\/mlbfrsat7ahr.i.optimole.com\/w:1242\/h:1040\/q:mauto\/ig:avif\/https:\/\/noticiasnoface.com.br\/wp-content\/uploads\/2022\/08\/img_0093.jpg 1242w, https:\/\/mlbfrsat7ahr.i.optimole.com\/w:300\/h:251\/q:mauto\/ig:avif\/https:\/\/noticiasnoface.com.br\/wp-content\/uploads\/2022\/08\/img_0093.jpg 300w, https:\/\/mlbfrsat7ahr.i.optimole.com\/w:1024\/h:857\/q:mauto\/ig:avif\/https:\/\/noticiasnoface.com.br\/wp-content\/uploads\/2022\/08\/img_0093.jpg 1024w, https:\/\/mlbfrsat7ahr.i.optimole.com\/w:768\/h:643\/q:mauto\/ig:avif\/https:\/\/noticiasnoface.com.br\/wp-content\/uploads\/2022\/08\/img_0093.jpg 768w\" sizes=\"(max-width: 1000px) 100vw, 1000px\" \/><figcaption>O ex-ministro Rog\u00e9rio Marinho deve andar bastante animado com os \u00faltimos n\u00fameros de levantamentos no RN e em Natal.<br \/>Nos \u00faltimos dez dias, cinco pesquisas sobre inten\u00e7\u00e3o de voto de cinco institutos diferentes, contratadas por cinco ve\u00edculos diferentes, para senador apontaram a lideran\u00e7a do ex-ministro Rog\u00e9rio Marinho (PL) no formato espont\u00e2neo \u2013 no qual o eleitor \u00e9 convidado a mencionar o seu candidato, sem que haja apresenta\u00e7\u00e3o de qualquer nome.<br \/>Rog\u00e9rio Marinho ficou \u00e0 frente do ex-prefeito de Natal Carlos Eduardo Alves (PDT) nas seguintes pesquisas: CONSULT\/98 FM, BR\u00c2MANE\/BG , SETA\/BAND, ITEM\/R\u00c1DIO CIDADE e at\u00e9 na AGORA SEI\/96FM realizada em NATAL.<br \/>Acendeu a luz amarela \u2013 ou talvez vermelha \u2013 para Carlos Eduardo, que antes cantava vit\u00f3ria certa nas elei\u00e7\u00f5es de outubro pr\u00f3ximo, para alguns dizia que seria com larga vantagem. Via BG<\/figcaption><\/figure>\n","protected":false},"excerpt":{"rendered":"","protected":false},"author":1,"featured_media":0,"comment_status":"open","ping_status":"open","sticky":false,"template":"","format":"standard","meta":{"site-sidebar-layout":"default","site-content-layout":"","ast-site-content-layout":"default","site-content-style":"default","site-sidebar-style":"default","ast-global-header-display":"","ast-banner-title-visibility":"","ast-main-header-display":"","ast-hfb-above-header-display":"","ast-hfb-below-header-display":"","ast-hfb-mobile-header-display":"","site-post-title":"","ast-breadcrumbs-content":"","ast-featured-img":"","footer-sml-layout":"","ast-disable-related-posts":"","theme-transparent-header-meta":"","adv-header-id-meta":"","stick-header-meta":"","header-above-stick-meta":"","header-main-stick-meta":"","header-below-stick-meta":"","astra-migrate-meta-layouts":"default","ast-page-background-enabled":"default","ast-page-background-meta":{"desktop":{"background-color":"var(--ast-global-color-4)","background-image":"","background-repeat":"repeat","background-position":"center center","background-size":"auto","background-attachment":"scroll","background-type":"","background-media":"","overlay-type":"","overlay-color":"","overlay-opacity":"","overlay-gradient":""},"tablet":{"background-color":"","background-image":"","background-repeat":"repeat","background-position":"center center","background-size":"auto","background-attachment":"scroll","background-type":"","background-media":"","overlay-type":"","overlay-color":"","overlay-opacity":"","overlay-gradient":""},"mobile":{"background-color":"","background-image":"","background-repeat":"repeat","background-position":"center center","background-size":"auto","background-attachment":"scroll","background-type":"","background-media":"","overlay-type":"","overlay-color":"","overlay-opacity":"","overlay-gradient":""}},"ast-content-background-meta":{"desktop":{"background-color":"var(--ast-global-color-5)","background-image":"","background-repeat":"repeat","background-position":"center center","background-size":"auto","background-attachment":"scroll","background-type":"","background-media":"","overlay-type":"","overlay-color":"","overlay-opacity":"","overlay-gradient":""},"tablet":{"background-color":"var(--ast-global-color-5)","background-image":"","background-repeat":"repeat","background-position":"center center","background-size":"auto","background-attachment":"scroll","background-type":"","background-media":"","overlay-type":"","overlay-color":"","overlay-opacity":"","overlay-gradient":""},"mobile":{"background-color":"var(--ast-global-color-5)","background-image":"","background-repeat":"repeat","background-position":"center center","background-size":"auto","background-attachment":"scroll","background-type":"","background-media":"","overlay-type":"","overlay-color":"","overlay-opacity":"","overlay-gradient":""}},"footnotes":""},"categories":[517],"tags":[317,192,610,50,22,250,228,193],"class_list":["post-10352","post","type-post","status-publish","format-standard","hentry","category-aconteceu","tag-eleicoes","tag-eleicoes-2022","tag-ministro-rogerio-marinho","tag-noticias-do-face","tag-noticias-no-face","tag-pesquisas","tag-rogerio-marinho","tag-senador"],"_links":{"self":[{"href":"https:\/\/noticiasnoface.com.br\/index.php\/wp-json\/wp\/v2\/posts\/10352","targetHints":{"allow":["GET"]}}],"collection":[{"href":"https:\/\/noticiasnoface.com.br\/index.php\/wp-json\/wp\/v2\/posts"}],"about":[{"href":"https:\/\/noticiasnoface.com.br\/index.php\/wp-json\/wp\/v2\/types\/post"}],"author":[{"embeddable":true,"href":"https:\/\/noticiasnoface.com.br\/index.php\/wp-json\/wp\/v2\/users\/1"}],"replies":[{"embeddable":true,"href":"https:\/\/noticiasnoface.com.br\/index.php\/wp-json\/wp\/v2\/comments?post=10352"}],"version-history":[{"count":4,"href":"https:\/\/noticiasnoface.com.br\/index.php\/wp-json\/wp\/v2\/posts\/10352\/revisions"}],"predecessor-version":[{"id":10358,"href":"https:\/\/noticiasnoface.com.br\/index.php\/wp-json\/wp\/v2\/posts\/10352\/revisions\/10358"}],"wp:attachment":[{"href":"https:\/\/noticiasnoface.com.br\/index.php\/wp-json\/wp\/v2\/media?parent=10352"}],"wp:term":[{"taxonomy":"category","embeddable":true,"href":"https:\/\/noticiasnoface.com.br\/index.php\/wp-json\/wp\/v2\/categories?post=10352"},{"taxonomy":"post_tag","embeddable":true,"href":"https:\/\/noticiasnoface.com.br\/index.php\/wp-json\/wp\/v2\/tags?post=10352"}],"curies":[{"name":"wp","href":"https:\/\/api.w.org\/{rel}","templated":true}]}}