{"id":10366,"date":"2022-08-02T17:05:44","date_gmt":"2022-08-02T20:05:44","guid":{"rendered":"https:\/\/noticiasnoface.com.br\/?p=10366"},"modified":"2022-08-02T17:07:27","modified_gmt":"2022-08-02T20:07:27","slug":"giannini-alencar-entra-na-disputa-para-uma-vaga-de-deputado-federal","status":"publish","type":"post","link":"https:\/\/noticiasnoface.com.br\/index.php\/2022\/08\/02\/giannini-alencar-entra-na-disputa-para-uma-vaga-de-deputado-federal\/","title":{"rendered":"Giannini Alencar entra na disputa para uma vaga de deputado federal!"},"content":{"rendered":"\n<figure class=\"wp-block-image size-large\"><img data-opt-id=1753466914  fetchpriority=\"high\" decoding=\"async\" width=\"1213\" height=\"919\" src=\"https:\/\/mlbfrsat7ahr.i.optimole.com\/w:auto\/h:auto\/q:mauto\/ig:avif\/https:\/\/noticiasnoface.com.br\/wp-content\/uploads\/2022\/08\/img_0114.jpg\" alt=\"\" class=\"wp-image-10368\" srcset=\"https:\/\/mlbfrsat7ahr.i.optimole.com\/w:1213\/h:919\/q:mauto\/ig:avif\/https:\/\/noticiasnoface.com.br\/wp-content\/uploads\/2022\/08\/img_0114.jpg 1213w, https:\/\/mlbfrsat7ahr.i.optimole.com\/w:300\/h:227\/q:mauto\/ig:avif\/https:\/\/noticiasnoface.com.br\/wp-content\/uploads\/2022\/08\/img_0114.jpg 300w, https:\/\/mlbfrsat7ahr.i.optimole.com\/w:1024\/h:776\/q:mauto\/ig:avif\/https:\/\/noticiasnoface.com.br\/wp-content\/uploads\/2022\/08\/img_0114.jpg 1024w, https:\/\/mlbfrsat7ahr.i.optimole.com\/w:768\/h:582\/q:mauto\/ig:avif\/https:\/\/noticiasnoface.com.br\/wp-content\/uploads\/2022\/08\/img_0114.jpg 768w\" sizes=\"(max-width: 1000px) 100vw, 1000px\" \/><figcaption><br \/><em>Cantor Giannini Alencar entra na disputa por uma vaga de deputado federal<\/em><br \/>Com 611 mil seguidores no Instagram e fazendo sucesso em todo RN, o jovem cantor vai defender a Cultura, a Juventude, o empreendedorismo, a Sa\u00fade Mental e a Vida! Com sucesso na capital e no interior, Giannini Alencar decidiu entrar para a pol\u00edtica. No PSDB ser\u00e1 candidato a Deputado Federal. Seu pai, Jaime Fernandes J\u00fanior j\u00e1 foi Vereador, Vice-Prefeito e Prefeito na sua cidade natal, Olho D\u2019\u00e1gua do Borges. Seus av\u00f3s, tanto o paterno quanto o materno tamb\u00e9m j\u00e1 foram parlamentares!<br \/>Cantor, m\u00fasico, compositor e produtor musical, empres\u00e1rio, Giannini Alencar \u00e9 um artista de in\u00fameros talentos e estes foram os respons\u00e1veis pelo destaque no cen\u00e1rio musical.<br \/>O cantor assinou a ficha de filia\u00e7\u00e3o do PSDB durante o evento \u201cComo ser\u00e1 o mundo influenciado por voc\u00ea Giannini tem forte atua\u00e7\u00e3o no Instagram e hoje tem mais de 611 mil seguidores em todo interior Potiguar.<\/figcaption><\/figure>\n","protected":false},"excerpt":{"rendered":"","protected":false},"author":1,"featured_media":0,"comment_status":"open","ping_status":"open","sticky":false,"template":"","format":"standard","meta":{"site-sidebar-layout":"default","site-content-layout":"","ast-site-content-layout":"default","site-content-style":"default","site-sidebar-style":"default","ast-global-header-display":"","ast-banner-title-visibility":"","ast-main-header-display":"","ast-hfb-above-header-display":"","ast-hfb-below-header-display":"","ast-hfb-mobile-header-display":"","site-post-title":"","ast-breadcrumbs-content":"","ast-featured-img":"","footer-sml-layout":"","ast-disable-related-posts":"","theme-transparent-header-meta":"","adv-header-id-meta":"","stick-header-meta":"","header-above-stick-meta":"","header-main-stick-meta":"","header-below-stick-meta":"","astra-migrate-meta-layouts":"default","ast-page-background-enabled":"default","ast-page-background-meta":{"desktop":{"background-color":"var(--ast-global-color-4)","background-image":"","background-repeat":"repeat","background-position":"center center","background-size":"auto","background-attachment":"scroll","background-type":"","background-media":"","overlay-type":"","overlay-color":"","overlay-opacity":"","overlay-gradient":""},"tablet":{"background-color":"","background-image":"","background-repeat":"repeat","background-position":"center center","background-size":"auto","background-attachment":"scroll","background-type":"","background-media":"","overlay-type":"","overlay-color":"","overlay-opacity":"","overlay-gradient":""},"mobile":{"background-color":"","background-image":"","background-repeat":"repeat","background-position":"center center","background-size":"auto","background-attachment":"scroll","background-type":"","background-media":"","overlay-type":"","overlay-color":"","overlay-opacity":"","overlay-gradient":""}},"ast-content-background-meta":{"desktop":{"background-color":"var(--ast-global-color-5)","background-image":"","background-repeat":"repeat","background-position":"center center","background-size":"auto","background-attachment":"scroll","background-type":"","background-media":"","overlay-type":"","overlay-color":"","overlay-opacity":"","overlay-gradient":""},"tablet":{"background-color":"var(--ast-global-color-5)","background-image":"","background-repeat":"repeat","background-position":"center center","background-size":"auto","background-attachment":"scroll","background-type":"","background-media":"","overlay-type":"","overlay-color":"","overlay-opacity":"","overlay-gradient":""},"mobile":{"background-color":"var(--ast-global-color-5)","background-image":"","background-repeat":"repeat","background-position":"center center","background-size":"auto","background-attachment":"scroll","background-type":"","background-media":"","overlay-type":"","overlay-color":"","overlay-opacity":"","overlay-gradient":""}},"footnotes":""},"categories":[517],"tags":[1011,1445,983,317,192,50,22],"class_list":["post-10366","post","type-post","status-publish","format-standard","hentry","category-aconteceu","tag-candidato","tag-deputada-federal","tag-deputado","tag-eleicoes","tag-eleicoes-2022","tag-noticias-do-face","tag-noticias-no-face"],"_links":{"self":[{"href":"https:\/\/noticiasnoface.com.br\/index.php\/wp-json\/wp\/v2\/posts\/10366","targetHints":{"allow":["GET"]}}],"collection":[{"href":"https:\/\/noticiasnoface.com.br\/index.php\/wp-json\/wp\/v2\/posts"}],"about":[{"href":"https:\/\/noticiasnoface.com.br\/index.php\/wp-json\/wp\/v2\/types\/post"}],"author":[{"embeddable":true,"href":"https:\/\/noticiasnoface.com.br\/index.php\/wp-json\/wp\/v2\/users\/1"}],"replies":[{"embeddable":true,"href":"https:\/\/noticiasnoface.com.br\/index.php\/wp-json\/wp\/v2\/comments?post=10366"}],"version-history":[{"count":3,"href":"https:\/\/noticiasnoface.com.br\/index.php\/wp-json\/wp\/v2\/posts\/10366\/revisions"}],"predecessor-version":[{"id":10370,"href":"https:\/\/noticiasnoface.com.br\/index.php\/wp-json\/wp\/v2\/posts\/10366\/revisions\/10370"}],"wp:attachment":[{"href":"https:\/\/noticiasnoface.com.br\/index.php\/wp-json\/wp\/v2\/media?parent=10366"}],"wp:term":[{"taxonomy":"category","embeddable":true,"href":"https:\/\/noticiasnoface.com.br\/index.php\/wp-json\/wp\/v2\/categories?post=10366"},{"taxonomy":"post_tag","embeddable":true,"href":"https:\/\/noticiasnoface.com.br\/index.php\/wp-json\/wp\/v2\/tags?post=10366"}],"curies":[{"name":"wp","href":"https:\/\/api.w.org\/{rel}","templated":true}]}}