{"id":10373,"date":"2022-08-03T10:37:26","date_gmt":"2022-08-03T13:37:26","guid":{"rendered":"https:\/\/noticiasnoface.com.br\/?p=10373"},"modified":"2022-08-03T10:37:27","modified_gmt":"2022-08-03T13:37:27","slug":"nao-gosto-de-negro-so-querem-chupar-minha-rola-diz-homem-em-biblioteca-assistam","status":"publish","type":"post","link":"https:\/\/noticiasnoface.com.br\/index.php\/2022\/08\/03\/nao-gosto-de-negro-so-querem-chupar-minha-rola-diz-homem-em-biblioteca-assistam\/","title":{"rendered":"\u201cN\u00e3o gosto de negro, s\u00f3 querem chupar minha r\u00f4la\u201d diz homem em biblioteca, assistam:"},"content":{"rendered":"\n<figure class=\"wp-block-video\"><video height=\"640\" style=\"aspect-ratio: 360 \/ 640;\" width=\"360\" controls src=\"https:\/\/noticiasnoface.com.br\/wp-content\/uploads\/2022\/08\/2022-08-03_103139_video.mp4\"><\/video><figcaption>Um v\u00eddeo que circula nas redes sociais mostra um homem, identificado pela pol\u00edcia como Wilho da Silva Brito, de 39 anos, fazendo<a href=\"https:\/\/g1.globo.com\/fantastico\/noticia\/2022\/08\/01\/giovanna-ewbank-admite-que-agrediu-mulher-que-fez-ofensas-racistas-para-seus-filhos-titi-e-bless.ghtml\" target=\"_blank\" rel=\"noopener\"> afirma\u00e7\u00f5es racistas<\/a> e homof\u00f3bicas na Biblioteca Mario de Andrade, no Centro da capital paulista.<br>Wilho repete v\u00e1rias vezes que \u201cn\u00e3o gosta de negro\u201d. Uma testemunha, que faz as imagens, fala que ele estava sendo racista, ao que Wilho repete que \u201cn\u00e3o gosta de negro\u201d.<br>Uma frequentadora da biblioteca interv\u00e9m e tamb\u00e9m diz que ele est\u00e1 sendo racista. Ele confirma e diz que \u00e9 racista. Durante a discuss\u00e3o, Brito tamb\u00e9m critica a popula\u00e7\u00e3o LGBTQIA+ e faz coment\u00e1rios homof\u00f3bicos. <br><br>Wilho estudava na biblioteca na hora da confus\u00e3o. Em cima da mesa que ele usava \u00e9 poss\u00edvel ver livros sobre o nazismo, entre eles um exemplar de &#8220;Minha Luta&#8221; (&#8220;Mein Kampf&#8221;), de Adolf Hitler. <br>Em depoimento, funcion\u00e1rias afirmaram que Wilho \u00e9 frequentador da biblioteca e j\u00e1 causou problemas v\u00e1rias vezes no local. Segundo elas, ele estava incomodando os outros frequentadores com coment\u00e1rios racistas. As testemunhas afirmam que ele chegou a fazer gestos nazistas e ofensas \u00e0s pessoas negras. <br><br>A Pol\u00edcia Militar foi acionada, e o homem foi preso em flagrante. Em depoimento, ele repetiu as ofensas contra pessoas negras e homossexuais. O caso foi registrado como inj\u00faria racial e racismo.<br>Em nota, a Secretaria Municipal da Cultura, que \u00e9 respons\u00e1vel pela biblioteca M\u00e1rio de Andrade, repudiou o fato. &#8220;A Secretaria Municipal de Cultura, repudia veementemente as falas e atitudes nazistas, homof\u00f3bicas e racistas do frequentador flagrado na tarde desta ter\u00e7a-feira (02) na Biblioteca M\u00e1rio de Andrade (BMA), um espa\u00e7o marcado pelo respeito \u00e0s diferen\u00e7as de g\u00eanero, ra\u00e7a, orienta\u00e7\u00e3o sexual e pela celebra\u00e7\u00e3o da diversidade.&#8221;<br>&#8220;Ap\u00f3s o ocorrido, o frequentador, que j\u00e1 havia tido problemas anteriores no espa\u00e7o, foi imediatamente levado para a 77\u00aa Delegacia de Pol\u00edcia para registro de ocorr\u00eancia. A Prefeitura ressalta que racismo \u00e9 crime inafian\u00e7\u00e1vel, pela Constitui\u00e7\u00e3o Federal, lei n.\u00ba 7.716, de 5 de janeiro de 1989&#8221;, diz a nota, que finaliza afirmando que &#8220;as pastas da Cultura e de Direitos Humanos e Cidadania est\u00e3o em di\u00e1logo para tratar do caso&#8221;.<br>Tamb\u00e9m em nota, a Secretaria da Seguran\u00e7a P\u00fablica (SSP), informou que &#8220;um homem, de 39 anos, foi preso em flagrante ap\u00f3s proferir inj\u00farias, na tarde de ter\u00e7a-feira (02\/08), por volta das 13h, na Avenida S\u00e3o Lu\u00eds, na Rep\u00fablica, regi\u00e3o central da Capital&#8221; e que guardas foram acionados para a ocorr\u00eancia. <br><br>&#8220;O caso foi registrado como inj\u00faria e preconceitos de ra\u00e7a ou de cor (praticar a discrimina\u00e7\u00e3o) pelo 2\u00ba Distrito Policial (Bom Retiro), onde ficou detido \u00e0 disposi\u00e7\u00e3o da Justi\u00e7a&#8221;, diz o comunicado.<\/figcaption><\/figure>\n\n\n\n<figure class=\"wp-block-image size-large\"><img data-opt-id=506714297  fetchpriority=\"high\" decoding=\"async\" width=\"1242\" height=\"1110\" src=\"https:\/\/mlbfrsat7ahr.i.optimole.com\/w:auto\/h:auto\/q:mauto\/ig:avif\/https:\/\/noticiasnoface.com.br\/wp-content\/uploads\/2022\/08\/img_0153.jpg\" class=\"wp-image-10372\" srcset=\"https:\/\/mlbfrsat7ahr.i.optimole.com\/w:1208\/h:1080\/q:mauto\/ig:avif\/https:\/\/noticiasnoface.com.br\/wp-content\/uploads\/2022\/08\/img_0153.jpg 1242w, https:\/\/mlbfrsat7ahr.i.optimole.com\/w:300\/h:268\/q:mauto\/ig:avif\/https:\/\/noticiasnoface.com.br\/wp-content\/uploads\/2022\/08\/img_0153.jpg 300w, https:\/\/mlbfrsat7ahr.i.optimole.com\/w:1024\/h:915\/q:mauto\/ig:avif\/https:\/\/noticiasnoface.com.br\/wp-content\/uploads\/2022\/08\/img_0153.jpg 1024w, https:\/\/mlbfrsat7ahr.i.optimole.com\/w:768\/h:686\/q:mauto\/ig:avif\/https:\/\/noticiasnoface.com.br\/wp-content\/uploads\/2022\/08\/img_0153.jpg 768w\" sizes=\"(max-width: 1000px) 100vw, 1000px\" \/><\/figure>\n","protected":false},"excerpt":{"rendered":"","protected":false},"author":1,"featured_media":0,"comment_status":"open","ping_status":"open","sticky":false,"template":"","format":"standard","meta":{"site-sidebar-layout":"default","site-content-layout":"","ast-site-content-layout":"default","site-content-style":"default","site-sidebar-style":"default","ast-global-header-display":"","ast-banner-title-visibility":"","ast-main-header-display":"","ast-hfb-above-header-display":"","ast-hfb-below-header-display":"","ast-hfb-mobile-header-display":"","site-post-title":"","ast-breadcrumbs-content":"","ast-featured-img":"","footer-sml-layout":"","ast-disable-related-posts":"","theme-transparent-header-meta":"","adv-header-id-meta":"","stick-header-meta":"","header-above-stick-meta":"","header-main-stick-meta":"","header-below-stick-meta":"","astra-migrate-meta-layouts":"default","ast-page-background-enabled":"default","ast-page-background-meta":{"desktop":{"background-color":"var(--ast-global-color-4)","background-image":"","background-repeat":"repeat","background-position":"center center","background-size":"auto","background-attachment":"scroll","background-type":"","background-media":"","overlay-type":"","overlay-color":"","overlay-opacity":"","overlay-gradient":""},"tablet":{"background-color":"","background-image":"","background-repeat":"repeat","background-position":"center center","background-size":"auto","background-attachment":"scroll","background-type":"","background-media":"","overlay-type":"","overlay-color":"","overlay-opacity":"","overlay-gradient":""},"mobile":{"background-color":"","background-image":"","background-repeat":"repeat","background-position":"center center","background-size":"auto","background-attachment":"scroll","background-type":"","background-media":"","overlay-type":"","overlay-color":"","overlay-opacity":"","overlay-gradient":""}},"ast-content-background-meta":{"desktop":{"background-color":"var(--ast-global-color-5)","background-image":"","background-repeat":"repeat","background-position":"center center","background-size":"auto","background-attachment":"scroll","background-type":"","background-media":"","overlay-type":"","overlay-color":"","overlay-opacity":"","overlay-gradient":""},"tablet":{"background-color":"var(--ast-global-color-5)","background-image":"","background-repeat":"repeat","background-position":"center center","background-size":"auto","background-attachment":"scroll","background-type":"","background-media":"","overlay-type":"","overlay-color":"","overlay-opacity":"","overlay-gradient":""},"mobile":{"background-color":"var(--ast-global-color-5)","background-image":"","background-repeat":"repeat","background-position":"center center","background-size":"auto","background-attachment":"scroll","background-type":"","background-media":"","overlay-type":"","overlay-color":"","overlay-opacity":"","overlay-gradient":""}},"footnotes":""},"categories":[517],"tags":[1607,735,1573,50,22,199,1605],"class_list":["post-10373","post","type-post","status-publish","format-standard","hentry","category-aconteceu","tag-biblioteca","tag-homofobia","tag-macaco","tag-noticias-do-face","tag-noticias-no-face","tag-noticiasnoface","tag-racismo"],"_links":{"self":[{"href":"https:\/\/noticiasnoface.com.br\/index.php\/wp-json\/wp\/v2\/posts\/10373","targetHints":{"allow":["GET"]}}],"collection":[{"href":"https:\/\/noticiasnoface.com.br\/index.php\/wp-json\/wp\/v2\/posts"}],"about":[{"href":"https:\/\/noticiasnoface.com.br\/index.php\/wp-json\/wp\/v2\/types\/post"}],"author":[{"embeddable":true,"href":"https:\/\/noticiasnoface.com.br\/index.php\/wp-json\/wp\/v2\/users\/1"}],"replies":[{"embeddable":true,"href":"https:\/\/noticiasnoface.com.br\/index.php\/wp-json\/wp\/v2\/comments?post=10373"}],"version-history":[{"count":1,"href":"https:\/\/noticiasnoface.com.br\/index.php\/wp-json\/wp\/v2\/posts\/10373\/revisions"}],"predecessor-version":[{"id":10374,"href":"https:\/\/noticiasnoface.com.br\/index.php\/wp-json\/wp\/v2\/posts\/10373\/revisions\/10374"}],"wp:attachment":[{"href":"https:\/\/noticiasnoface.com.br\/index.php\/wp-json\/wp\/v2\/media?parent=10373"}],"wp:term":[{"taxonomy":"category","embeddable":true,"href":"https:\/\/noticiasnoface.com.br\/index.php\/wp-json\/wp\/v2\/categories?post=10373"},{"taxonomy":"post_tag","embeddable":true,"href":"https:\/\/noticiasnoface.com.br\/index.php\/wp-json\/wp\/v2\/tags?post=10373"}],"curies":[{"name":"wp","href":"https:\/\/api.w.org\/{rel}","templated":true}]}}