{"id":10437,"date":"2022-08-06T10:00:30","date_gmt":"2022-08-06T13:00:30","guid":{"rendered":"https:\/\/noticiasnoface.com.br\/?p=10437"},"modified":"2022-08-06T10:02:09","modified_gmt":"2022-08-06T13:02:09","slug":"obras-da-estrada-do-melao-serao-iniciadas-garante-general-girao","status":"publish","type":"post","link":"https:\/\/noticiasnoface.com.br\/index.php\/2022\/08\/06\/obras-da-estrada-do-melao-serao-iniciadas-garante-general-girao\/","title":{"rendered":"Obras da estrada do mel\u00e3o ser\u00e3o iniciadas, garante General Gir\u00e3o"},"content":{"rendered":"\n<figure class=\"wp-block-image size-large\"><img data-opt-id=1853144396  fetchpriority=\"high\" decoding=\"async\" width=\"1242\" height=\"842\" src=\"https:\/\/mlbfrsat7ahr.i.optimole.com\/w:auto\/h:auto\/q:mauto\/ig:avif\/https:\/\/noticiasnoface.com.br\/wp-content\/uploads\/2022\/08\/img_0380.jpg\" alt=\"\" class=\"wp-image-10439\" srcset=\"https:\/\/mlbfrsat7ahr.i.optimole.com\/w:1242\/h:842\/q:mauto\/ig:avif\/https:\/\/noticiasnoface.com.br\/wp-content\/uploads\/2022\/08\/img_0380.jpg 1242w, https:\/\/mlbfrsat7ahr.i.optimole.com\/w:300\/h:203\/q:mauto\/ig:avif\/https:\/\/noticiasnoface.com.br\/wp-content\/uploads\/2022\/08\/img_0380.jpg 300w, https:\/\/mlbfrsat7ahr.i.optimole.com\/w:1024\/h:694\/q:mauto\/ig:avif\/https:\/\/noticiasnoface.com.br\/wp-content\/uploads\/2022\/08\/img_0380.jpg 1024w, https:\/\/mlbfrsat7ahr.i.optimole.com\/w:768\/h:521\/q:mauto\/ig:avif\/https:\/\/noticiasnoface.com.br\/wp-content\/uploads\/2022\/08\/img_0380.jpg 768w\" sizes=\"(max-width: 1000px) 100vw, 1000px\" \/><figcaption>O Deputado Federal do Rio Grande do Norte, General Gir\u00e3o (PL) cumpre agenda em Mossor\u00f3 nesta sexta-feira (5), e divulgou, atrav\u00e9s de suas redes sociais, que as obras da Estrada do Mel\u00e3o ser\u00e3o iniciadas em duas semanas.<br \/>Segundo o parlamentar, a Companhia de Desenvolvimento dos Vales do S\u00e3o Francisco e do Parna\u00edba (CODEVASF), finalizou os \u00faltimos ajustes das planilhas que autoriza o in\u00edcio das obras da Estrada do Mel\u00e3o, localizada na zona rural de Mossor\u00f3. Trata-se de uma significativa, e bastante aguardada, que vai beneficiar a popula\u00e7\u00e3o mossoroense e da regi\u00e3o oeste potiguar que trafega pela localidade.<br \/>\u201cDentro de duas semanas, as m\u00e1quinas e funcion\u00e1rios v\u00e3o iniciar os trabalhos, ap\u00f3s 6 meses de procrastina\u00e7\u00e3o do Governo do RN\u201d, disse Gir\u00e3o.<\/figcaption><\/figure>\n","protected":false},"excerpt":{"rendered":"","protected":false},"author":1,"featured_media":0,"comment_status":"open","ping_status":"open","sticky":false,"template":"","format":"standard","meta":{"site-sidebar-layout":"default","site-content-layout":"","ast-site-content-layout":"default","site-content-style":"default","site-sidebar-style":"default","ast-global-header-display":"","ast-banner-title-visibility":"","ast-main-header-display":"","ast-hfb-above-header-display":"","ast-hfb-below-header-display":"","ast-hfb-mobile-header-display":"","site-post-title":"","ast-breadcrumbs-content":"","ast-featured-img":"","footer-sml-layout":"","ast-disable-related-posts":"","theme-transparent-header-meta":"","adv-header-id-meta":"","stick-header-meta":"","header-above-stick-meta":"","header-main-stick-meta":"","header-below-stick-meta":"","astra-migrate-meta-layouts":"default","ast-page-background-enabled":"default","ast-page-background-meta":{"desktop":{"background-color":"var(--ast-global-color-4)","background-image":"","background-repeat":"repeat","background-position":"center center","background-size":"auto","background-attachment":"scroll","background-type":"","background-media":"","overlay-type":"","overlay-color":"","overlay-opacity":"","overlay-gradient":""},"tablet":{"background-color":"","background-image":"","background-repeat":"repeat","background-position":"center center","background-size":"auto","background-attachment":"scroll","background-type":"","background-media":"","overlay-type":"","overlay-color":"","overlay-opacity":"","overlay-gradient":""},"mobile":{"background-color":"","background-image":"","background-repeat":"repeat","background-position":"center center","background-size":"auto","background-attachment":"scroll","background-type":"","background-media":"","overlay-type":"","overlay-color":"","overlay-opacity":"","overlay-gradient":""}},"ast-content-background-meta":{"desktop":{"background-color":"var(--ast-global-color-5)","background-image":"","background-repeat":"repeat","background-position":"center center","background-size":"auto","background-attachment":"scroll","background-type":"","background-media":"","overlay-type":"","overlay-color":"","overlay-opacity":"","overlay-gradient":""},"tablet":{"background-color":"var(--ast-global-color-5)","background-image":"","background-repeat":"repeat","background-position":"center center","background-size":"auto","background-attachment":"scroll","background-type":"","background-media":"","overlay-type":"","overlay-color":"","overlay-opacity":"","overlay-gradient":""},"mobile":{"background-color":"var(--ast-global-color-5)","background-image":"","background-repeat":"repeat","background-position":"center center","background-size":"auto","background-attachment":"scroll","background-type":"","background-media":"","overlay-type":"","overlay-color":"","overlay-opacity":"","overlay-gradient":""}},"footnotes":""},"categories":[153],"tags":[1620,1584,1621,50,199,1619],"class_list":["post-10437","post","type-post","status-publish","format-standard","hentry","category-politica","tag-estradas","tag-general-girao","tag-melao","tag-noticias-do-face","tag-noticiasnoface","tag-obras"],"_links":{"self":[{"href":"https:\/\/noticiasnoface.com.br\/index.php\/wp-json\/wp\/v2\/posts\/10437","targetHints":{"allow":["GET"]}}],"collection":[{"href":"https:\/\/noticiasnoface.com.br\/index.php\/wp-json\/wp\/v2\/posts"}],"about":[{"href":"https:\/\/noticiasnoface.com.br\/index.php\/wp-json\/wp\/v2\/types\/post"}],"author":[{"embeddable":true,"href":"https:\/\/noticiasnoface.com.br\/index.php\/wp-json\/wp\/v2\/users\/1"}],"replies":[{"embeddable":true,"href":"https:\/\/noticiasnoface.com.br\/index.php\/wp-json\/wp\/v2\/comments?post=10437"}],"version-history":[{"count":3,"href":"https:\/\/noticiasnoface.com.br\/index.php\/wp-json\/wp\/v2\/posts\/10437\/revisions"}],"predecessor-version":[{"id":10441,"href":"https:\/\/noticiasnoface.com.br\/index.php\/wp-json\/wp\/v2\/posts\/10437\/revisions\/10441"}],"wp:attachment":[{"href":"https:\/\/noticiasnoface.com.br\/index.php\/wp-json\/wp\/v2\/media?parent=10437"}],"wp:term":[{"taxonomy":"category","embeddable":true,"href":"https:\/\/noticiasnoface.com.br\/index.php\/wp-json\/wp\/v2\/categories?post=10437"},{"taxonomy":"post_tag","embeddable":true,"href":"https:\/\/noticiasnoface.com.br\/index.php\/wp-json\/wp\/v2\/tags?post=10437"}],"curies":[{"name":"wp","href":"https:\/\/api.w.org\/{rel}","templated":true}]}}