{"id":10444,"date":"2022-08-06T13:30:23","date_gmt":"2022-08-06T16:30:23","guid":{"rendered":"https:\/\/noticiasnoface.com.br\/?p=10444"},"modified":"2022-08-06T13:31:44","modified_gmt":"2022-08-06T16:31:44","slug":"rosalba-nega-apoio-a-fabio-dantas","status":"publish","type":"post","link":"https:\/\/noticiasnoface.com.br\/index.php\/2022\/08\/06\/rosalba-nega-apoio-a-fabio-dantas\/","title":{"rendered":"Rosalba Nega apoio a F\u00e1bio Dantas!"},"content":{"rendered":"\n<figure class=\"wp-block-image size-large\"><img data-opt-id=1254900462  fetchpriority=\"high\" decoding=\"async\" width=\"502\" height=\"489\" src=\"https:\/\/mlbfrsat7ahr.i.optimole.com\/w:auto\/h:auto\/q:mauto\/ig:avif\/https:\/\/noticiasnoface.com.br\/wp-content\/uploads\/2022\/08\/image.jpg\" alt=\"\" class=\"wp-image-10443\" srcset=\"https:\/\/mlbfrsat7ahr.i.optimole.com\/w:502\/h:489\/q:mauto\/ig:avif\/https:\/\/noticiasnoface.com.br\/wp-content\/uploads\/2022\/08\/image.jpg 502w, https:\/\/mlbfrsat7ahr.i.optimole.com\/w:300\/h:292\/q:mauto\/ig:avif\/https:\/\/noticiasnoface.com.br\/wp-content\/uploads\/2022\/08\/image.jpg 300w\" sizes=\"(max-width: 502px) 100vw, 502px\" \/><figcaption>\u201cA \u00fanica certeza \u00e9 que n\u00e3o apoio F\u00e1bio\u201d, diz Rosalba<br \/><br \/>Encontrei casualmente a ex-governadora Rosalba Ciarlini (PP) em um restaurante aqui em Mossor\u00f3. Na conversa perguntei sobre seus apoios na disputa majorit\u00e1ria.<br \/><br \/>A resposta foi: \u201cainda n\u00e3o decidimos nada\u201d para em seguida dizer: \u201ca \u00fanica certeza \u00e9 que n\u00e3o apoio F\u00e1bio\u201d.<br \/>F\u00e1bio no caso \u00e9 o ex-vice-governador F\u00e1bio Dantas, que \u00e9 do partido do prefeito de Mossor\u00f3 Allyson Bezerra, o Solidariedade.<br \/><br \/>A jornalista Tha\u00edsa Galv\u00e3o chegou a cravar ontem que Rosalba estaria fechando apoio a governadora F\u00e1tima Bezerra (PT), mas a pepista n\u00e3o confirmou.<br \/>Sobre o Senado est\u00e3o em aberto as possibilidades de apoio ao ex-prefeito do Natal Carlos Eduardo Alves (PDT), o ex-ministro Rog\u00e9rio Marinho (PL) ou o deputado federal Rafael Motta (PSB).<br \/>O rosalbismo engoliu seco a obriga\u00e7\u00e3o de coligar com o Solidariedade, mas liberou os membros do partido para dar apoio a quem desejar.<br \/>Via Bruno Barreto <\/figcaption><\/figure>\n","protected":false},"excerpt":{"rendered":"","protected":false},"author":1,"featured_media":0,"comment_status":"open","ping_status":"open","sticky":false,"template":"","format":"standard","meta":{"site-sidebar-layout":"default","site-content-layout":"","ast-site-content-layout":"default","site-content-style":"default","site-sidebar-style":"default","ast-global-header-display":"","ast-banner-title-visibility":"","ast-main-header-display":"","ast-hfb-above-header-display":"","ast-hfb-below-header-display":"","ast-hfb-mobile-header-display":"","site-post-title":"","ast-breadcrumbs-content":"","ast-featured-img":"","footer-sml-layout":"","ast-disable-related-posts":"","theme-transparent-header-meta":"","adv-header-id-meta":"","stick-header-meta":"","header-above-stick-meta":"","header-main-stick-meta":"","header-below-stick-meta":"","astra-migrate-meta-layouts":"default","ast-page-background-enabled":"default","ast-page-background-meta":{"desktop":{"background-color":"var(--ast-global-color-4)","background-image":"","background-repeat":"repeat","background-position":"center center","background-size":"auto","background-attachment":"scroll","background-type":"","background-media":"","overlay-type":"","overlay-color":"","overlay-opacity":"","overlay-gradient":""},"tablet":{"background-color":"","background-image":"","background-repeat":"repeat","background-position":"center center","background-size":"auto","background-attachment":"scroll","background-type":"","background-media":"","overlay-type":"","overlay-color":"","overlay-opacity":"","overlay-gradient":""},"mobile":{"background-color":"","background-image":"","background-repeat":"repeat","background-position":"center center","background-size":"auto","background-attachment":"scroll","background-type":"","background-media":"","overlay-type":"","overlay-color":"","overlay-opacity":"","overlay-gradient":""}},"ast-content-background-meta":{"desktop":{"background-color":"var(--ast-global-color-5)","background-image":"","background-repeat":"repeat","background-position":"center center","background-size":"auto","background-attachment":"scroll","background-type":"","background-media":"","overlay-type":"","overlay-color":"","overlay-opacity":"","overlay-gradient":""},"tablet":{"background-color":"var(--ast-global-color-5)","background-image":"","background-repeat":"repeat","background-position":"center center","background-size":"auto","background-attachment":"scroll","background-type":"","background-media":"","overlay-type":"","overlay-color":"","overlay-opacity":"","overlay-gradient":""},"mobile":{"background-color":"var(--ast-global-color-5)","background-image":"","background-repeat":"repeat","background-position":"center center","background-size":"auto","background-attachment":"scroll","background-type":"","background-media":"","overlay-type":"","overlay-color":"","overlay-opacity":"","overlay-gradient":""}},"footnotes":""},"categories":[517],"tags":[317,192,622,50,22,199,1622],"class_list":["post-10444","post","type-post","status-publish","format-standard","hentry","category-aconteceu","tag-eleicoes","tag-eleicoes-2022","tag-fabio-dantas","tag-noticias-do-face","tag-noticias-no-face","tag-noticiasnoface","tag-rosalba"],"_links":{"self":[{"href":"https:\/\/noticiasnoface.com.br\/index.php\/wp-json\/wp\/v2\/posts\/10444","targetHints":{"allow":["GET"]}}],"collection":[{"href":"https:\/\/noticiasnoface.com.br\/index.php\/wp-json\/wp\/v2\/posts"}],"about":[{"href":"https:\/\/noticiasnoface.com.br\/index.php\/wp-json\/wp\/v2\/types\/post"}],"author":[{"embeddable":true,"href":"https:\/\/noticiasnoface.com.br\/index.php\/wp-json\/wp\/v2\/users\/1"}],"replies":[{"embeddable":true,"href":"https:\/\/noticiasnoface.com.br\/index.php\/wp-json\/wp\/v2\/comments?post=10444"}],"version-history":[{"count":3,"href":"https:\/\/noticiasnoface.com.br\/index.php\/wp-json\/wp\/v2\/posts\/10444\/revisions"}],"predecessor-version":[{"id":10447,"href":"https:\/\/noticiasnoface.com.br\/index.php\/wp-json\/wp\/v2\/posts\/10444\/revisions\/10447"}],"wp:attachment":[{"href":"https:\/\/noticiasnoface.com.br\/index.php\/wp-json\/wp\/v2\/media?parent=10444"}],"wp:term":[{"taxonomy":"category","embeddable":true,"href":"https:\/\/noticiasnoface.com.br\/index.php\/wp-json\/wp\/v2\/categories?post=10444"},{"taxonomy":"post_tag","embeddable":true,"href":"https:\/\/noticiasnoface.com.br\/index.php\/wp-json\/wp\/v2\/tags?post=10444"}],"curies":[{"name":"wp","href":"https:\/\/api.w.org\/{rel}","templated":true}]}}