{"id":10766,"date":"2022-08-26T14:56:20","date_gmt":"2022-08-26T17:56:20","guid":{"rendered":"https:\/\/noticiasnoface.com.br\/?p=10766"},"modified":"2022-08-26T14:56:21","modified_gmt":"2022-08-26T17:56:21","slug":"inacreditavel-moraes-proibe-uso-de-verde-e-amarelo-no-7-de-setembro","status":"publish","type":"post","link":"https:\/\/noticiasnoface.com.br\/index.php\/2022\/08\/26\/inacreditavel-moraes-proibe-uso-de-verde-e-amarelo-no-7-de-setembro\/","title":{"rendered":"Inacredit\u00e1vel- Moraes pro\u00edbe uso de verde e amarelo no 7 de setembro"},"content":{"rendered":"\n<figure class=\"wp-block-image size-large\"><img data-opt-id=947057462  fetchpriority=\"high\" decoding=\"async\" width=\"300\" height=\"150\" src=\"https:\/\/mlbfrsat7ahr.i.optimole.com\/w:300\/h:150\/q:mauto\/ig:avif\/https:\/\/noticiasnoface.com.br\/wp-content\/uploads\/2022\/08\/img_2243.jpg\" class=\"wp-image-10765\" srcset=\"https:\/\/mlbfrsat7ahr.i.optimole.com\/w:300\/h:150\/q:mauto\/ig:avif\/https:\/\/noticiasnoface.com.br\/wp-content\/uploads\/2022\/08\/img_2243.jpg 300w, https:\/\/mlbfrsat7ahr.i.optimole.com\/w:750\/h:375\/q:mauto\/ig:avif\/https:\/\/noticiasnoface.com.br\/wp-content\/uploads\/2022\/08\/img_2243.jpg 750w\" sizes=\"(max-width: 300px) 100vw, 300px\" \/><figcaption class=\"wp-element-caption\">Depois de ordenar uma opera\u00e7\u00e3o contra 8 empres\u00e1rios que trocaram mensagens privadas supostamente falando sobre um golpe, o presidente do TSE, Alexandre de Moraes, agora decidiu proibir uma campanha publicit\u00e1ria do governo federal sobre os 200 anos da Independ\u00eancia. O slogan seria <em>\u201co futuro escrito em verde e amarelo\u201d.<\/em>Na opini\u00e3o de Moraes, h\u00e1 <em>\u201cvi\u00e9s pol\u00edtico da campanha, conforme se extrai de v\u00e1rios trechos das pe\u00e7as publicitarias<\/em>\u201d. Eis a <a rel=\"noreferrer noopener\" href=\"https:\/\/static.poder360.com.br\/2022\/08\/decisao-alexandre-de-moraes-verde-e-amarelo-eleicoes-independencia-do-brasil.pdf\" target=\"_blank\">\u00edntegra<\/a> do documento (207 KB).<br><br>Na decis\u00e3o, o presidente do TSE destacou os seguintes trechos da propaganda:<br><em>\u201cBrasil. A na\u00e7\u00e3o de um povo heroico. <\/em><br><em>\u201cSomos, h\u00e1 200 anos, brasileiros livres gra\u00e7as \u00e0 coragem constante. <\/em><br><em>Porque a mesma coragem de Dom Pedro existe ainda hoje em milh\u00f5es de Pedros Brasil afora. <\/em><br><em>\u201cA mesma bravura de Maria Quit\u00e9ria existe em Marias empreendedoras por todo o Pa\u00eds. Somos uma na\u00e7\u00e3o independente, que est\u00e1 escrevendo um futuro melhor. 200 anos de Independ\u00eancia do Brasil. <\/em><br><em>\u201cO futuro escrito em verde e amarelo. #FuturoVerdeAmarelo\u201d<\/em><br>Eis imagens da campanha reproduzidas na decis\u00e3o judicial:<\/figcaption><\/figure>\n","protected":false},"excerpt":{"rendered":"","protected":false},"author":1,"featured_media":0,"comment_status":"open","ping_status":"open","sticky":false,"template":"","format":"standard","meta":{"site-sidebar-layout":"default","site-content-layout":"","ast-site-content-layout":"default","site-content-style":"default","site-sidebar-style":"default","ast-global-header-display":"","ast-banner-title-visibility":"","ast-main-header-display":"","ast-hfb-above-header-display":"","ast-hfb-below-header-display":"","ast-hfb-mobile-header-display":"","site-post-title":"","ast-breadcrumbs-content":"","ast-featured-img":"","footer-sml-layout":"","ast-disable-related-posts":"","theme-transparent-header-meta":"","adv-header-id-meta":"","stick-header-meta":"","header-above-stick-meta":"","header-main-stick-meta":"","header-below-stick-meta":"","astra-migrate-meta-layouts":"default","ast-page-background-enabled":"default","ast-page-background-meta":{"desktop":{"background-color":"var(--ast-global-color-4)","background-image":"","background-repeat":"repeat","background-position":"center center","background-size":"auto","background-attachment":"scroll","background-type":"","background-media":"","overlay-type":"","overlay-color":"","overlay-opacity":"","overlay-gradient":""},"tablet":{"background-color":"","background-image":"","background-repeat":"repeat","background-position":"center center","background-size":"auto","background-attachment":"scroll","background-type":"","background-media":"","overlay-type":"","overlay-color":"","overlay-opacity":"","overlay-gradient":""},"mobile":{"background-color":"","background-image":"","background-repeat":"repeat","background-position":"center center","background-size":"auto","background-attachment":"scroll","background-type":"","background-media":"","overlay-type":"","overlay-color":"","overlay-opacity":"","overlay-gradient":""}},"ast-content-background-meta":{"desktop":{"background-color":"var(--ast-global-color-5)","background-image":"","background-repeat":"repeat","background-position":"center center","background-size":"auto","background-attachment":"scroll","background-type":"","background-media":"","overlay-type":"","overlay-color":"","overlay-opacity":"","overlay-gradient":""},"tablet":{"background-color":"var(--ast-global-color-5)","background-image":"","background-repeat":"repeat","background-position":"center center","background-size":"auto","background-attachment":"scroll","background-type":"","background-media":"","overlay-type":"","overlay-color":"","overlay-opacity":"","overlay-gradient":""},"mobile":{"background-color":"var(--ast-global-color-5)","background-image":"","background-repeat":"repeat","background-position":"center center","background-size":"auto","background-attachment":"scroll","background-type":"","background-media":"","overlay-type":"","overlay-color":"","overlay-opacity":"","overlay-gradient":""}},"footnotes":""},"categories":[517],"tags":[9,8,126],"class_list":["post-10766","post","type-post","status-publish","format-standard","hentry","category-aconteceu","tag-alexandre-de-moraes","tag-bolsonaro","tag-ministro-alexandre-de-moraes"],"_links":{"self":[{"href":"https:\/\/noticiasnoface.com.br\/index.php\/wp-json\/wp\/v2\/posts\/10766","targetHints":{"allow":["GET"]}}],"collection":[{"href":"https:\/\/noticiasnoface.com.br\/index.php\/wp-json\/wp\/v2\/posts"}],"about":[{"href":"https:\/\/noticiasnoface.com.br\/index.php\/wp-json\/wp\/v2\/types\/post"}],"author":[{"embeddable":true,"href":"https:\/\/noticiasnoface.com.br\/index.php\/wp-json\/wp\/v2\/users\/1"}],"replies":[{"embeddable":true,"href":"https:\/\/noticiasnoface.com.br\/index.php\/wp-json\/wp\/v2\/comments?post=10766"}],"version-history":[{"count":1,"href":"https:\/\/noticiasnoface.com.br\/index.php\/wp-json\/wp\/v2\/posts\/10766\/revisions"}],"predecessor-version":[{"id":10767,"href":"https:\/\/noticiasnoface.com.br\/index.php\/wp-json\/wp\/v2\/posts\/10766\/revisions\/10767"}],"wp:attachment":[{"href":"https:\/\/noticiasnoface.com.br\/index.php\/wp-json\/wp\/v2\/media?parent=10766"}],"wp:term":[{"taxonomy":"category","embeddable":true,"href":"https:\/\/noticiasnoface.com.br\/index.php\/wp-json\/wp\/v2\/categories?post=10766"},{"taxonomy":"post_tag","embeddable":true,"href":"https:\/\/noticiasnoface.com.br\/index.php\/wp-json\/wp\/v2\/tags?post=10766"}],"curies":[{"name":"wp","href":"https:\/\/api.w.org\/{rel}","templated":true}]}}