{"id":11328,"date":"2022-09-27T22:20:44","date_gmt":"2022-09-28T01:20:44","guid":{"rendered":"https:\/\/noticiasnoface.com.br\/?p=11328"},"modified":"2022-09-27T22:20:45","modified_gmt":"2022-09-28T01:20:45","slug":"pl-garante-inscricao-gratuita-para-pessoas-com-deficiencia-em-eventos-esportivos","status":"publish","type":"post","link":"https:\/\/noticiasnoface.com.br\/index.php\/2022\/09\/27\/pl-garante-inscricao-gratuita-para-pessoas-com-deficiencia-em-eventos-esportivos\/","title":{"rendered":"PL garante inscri\u00e7\u00e3o gratuita para pessoas com defici\u00eancia em eventos esportivos"},"content":{"rendered":"\n<figure class=\"wp-block-image size-large\"><img data-opt-id=1395323658  fetchpriority=\"high\" decoding=\"async\" width=\"1024\" height=\"679\" src=\"https:\/\/mlbfrsat7ahr.i.optimole.com\/w:1024\/h:679\/q:mauto\/ig:avif\/https:\/\/noticiasnoface.com.br\/wp-content\/uploads\/2022\/09\/img_4181.jpg\" class=\"wp-image-11327\" srcset=\"https:\/\/mlbfrsat7ahr.i.optimole.com\/w:1024\/h:679\/q:mauto\/ig:avif\/https:\/\/noticiasnoface.com.br\/wp-content\/uploads\/2022\/09\/img_4181.jpg 1024w, https:\/\/mlbfrsat7ahr.i.optimole.com\/w:300\/h:199\/q:mauto\/ig:avif\/https:\/\/noticiasnoface.com.br\/wp-content\/uploads\/2022\/09\/img_4181.jpg 300w, https:\/\/mlbfrsat7ahr.i.optimole.com\/w:768\/h:509\/q:mauto\/ig:avif\/https:\/\/noticiasnoface.com.br\/wp-content\/uploads\/2022\/09\/img_4181.jpg 768w, https:\/\/mlbfrsat7ahr.i.optimole.com\/w:1280\/h:849\/q:mauto\/ig:avif\/https:\/\/noticiasnoface.com.br\/wp-content\/uploads\/2022\/09\/img_4181.jpg 1280w\" sizes=\"(max-width: 1000px) 100vw, 1000px\" \/><figcaption class=\"wp-element-caption\">O plen\u00e1rio da C\u00e2mara Municipal de Natal aprovou durante sess\u00e3o ordin\u00e1ria, nesta quarta-feira (14), o Projeto de Lei n\u00b0 574\/2021 apresentado pelo vereador Aldo Clemente (PSDB), que disp\u00f5e sobre a reserva de inscri\u00e7\u00f5es gratuitas \u00e0s pessoas com defici\u00eancia em eventos esportivos de competi\u00e7\u00e3o realizadas no munic\u00edpio. Aprovada em segunda discuss\u00e3o, a mat\u00e9ria segue agora para o Executivo. <br>A proposi\u00e7\u00e3o abre espa\u00e7o para o crescimento da participa\u00e7\u00e3o das pessoas com defici\u00eancia e incentiva a pr\u00e1tica esportiva que acontece em nossa cidade. A participa\u00e7\u00e3o plena dessas pessoas permanece dificultada ou mesmo inviabilizada pela persist\u00eancia de diversas barreiras f\u00edsicas e socioecon\u00f4micas ainda existentes.<br>&#8220;Diante dessa problem\u00e1tica, prop\u00f5e-se que a garantia da gratuidade do valor da inscri\u00e7\u00e3o em eventos esportivos possa representar um importante incentivo \u00e0 participa\u00e7\u00e3o desse p\u00fablico, de modo que possa competir e se integrar com os demais atletas sem \u00f4nus financeiro. \u00c9 importante enfatizar que a realiza\u00e7\u00e3o desses eventos permite o desenvolvimento do esporte, a troca de conhecimentos e a integra\u00e7\u00e3o entre os atletas, o que fomenta o crescimento de atividades sociais da cidade&#8221;, explicou o vereador Aldo Clemente.<br>Na sequ\u00eancia, os parlamentares aprovaram em segunda discuss\u00e3o o PL 753\/2021 que institui o Selo Escola Inclusiva no \u00e2mbito do munic\u00edpio, que ser\u00e1 conferido \u00e0s escolas p\u00fablicas ou privadas que, comprovadamente, contribuem com a inclus\u00e3o social de pessoas com defici\u00eancia e Transtorno do Espectro Autista. Tamb\u00e9m em segunda discuss\u00e3o, recebeu parecer favor\u00e1vel o PL 211\/2022 sobre a cria\u00e7\u00e3o do dia municipal da Apraxia de Fala na Inf\u00e2ncia (AFI) \u2013 no calend\u00e1rio de datas comemorativas e de conscientiza\u00e7\u00e3o da capital potiguar. <br>J\u00e1 em primeira discuss\u00e3o foram aprovados os seguintes textos: PL 768\/2021, do vereador Preto Aquino (PSD), que institui a Semana Municipal de Combate e Preven\u00e7\u00e3o \u00e0 S\u00edndrome de Burnout; PL 798\/2021, do vereador Aroldo Alves (PSDB), sobre o programa Crian\u00e7as Seguras nas escolas da rede p\u00fablica municipal de ensino; PL 85\/2022, do vereador Eribaldo Medeiros (PSB), que inclui no calend\u00e1rio de eventos do munic\u00edpio o Festival do PET, a ser comemorado anualmente no dia 14 do m\u00eas de mar\u00e7o; PL 11\/2022, do vereador Chagas Catarino, que institui a Semana Municipal da Psicologia em Natal, e o PL 118\/2022 que reconhece como de Utilidade P\u00fablica Municipal o Instituto Mais Cidades \u2013 IMC. <br>Por fim, em discuss\u00e3o \u00fanica, foi acatado o Projeto de Resolu\u00e7\u00e3o 11\/2022 que institui, no \u00e2mbito da C\u00e2mara Municipal de Natal, a Comenda Tom\u00e1zia Fernandes, com o objetivo de agraciar pessoas ou institui\u00e7\u00f5es que desenvolvam, no munic\u00edpio de Natal, a\u00e7\u00f5es e atividades destinadas \u00e0 prote\u00e7\u00e3o da crian\u00e7a e do adolescente. A honraria ser\u00e1 conferida, anualmente, em sess\u00e3o solene da C\u00e2mara Municipal e a indica\u00e7\u00e3o dos homenageados dever\u00e1 ser feita pela Frente Parlamentar Municipal em Defesa dos Direitos da Crian\u00e7a e do Adolescente.<br><strong><em>Texto: Junior Martins<br>Fotos: Francisco de Assis<\/em><\/strong><\/figcaption><\/figure>\n","protected":false},"excerpt":{"rendered":"","protected":false},"author":1,"featured_media":0,"comment_status":"open","ping_status":"open","sticky":false,"template":"","format":"standard","meta":{"site-sidebar-layout":"default","site-content-layout":"","ast-site-content-layout":"default","site-content-style":"default","site-sidebar-style":"default","ast-global-header-display":"","ast-banner-title-visibility":"","ast-main-header-display":"","ast-hfb-above-header-display":"","ast-hfb-below-header-display":"","ast-hfb-mobile-header-display":"","site-post-title":"","ast-breadcrumbs-content":"","ast-featured-img":"","footer-sml-layout":"","ast-disable-related-posts":"","theme-transparent-header-meta":"","adv-header-id-meta":"","stick-header-meta":"","header-above-stick-meta":"","header-main-stick-meta":"","header-below-stick-meta":"","astra-migrate-meta-layouts":"default","ast-page-background-enabled":"default","ast-page-background-meta":{"desktop":{"background-color":"var(--ast-global-color-4)","background-image":"","background-repeat":"repeat","background-position":"center center","background-size":"auto","background-attachment":"scroll","background-type":"","background-media":"","overlay-type":"","overlay-color":"","overlay-opacity":"","overlay-gradient":""},"tablet":{"background-color":"","background-image":"","background-repeat":"repeat","background-position":"center center","background-size":"auto","background-attachment":"scroll","background-type":"","background-media":"","overlay-type":"","overlay-color":"","overlay-opacity":"","overlay-gradient":""},"mobile":{"background-color":"","background-image":"","background-repeat":"repeat","background-position":"center center","background-size":"auto","background-attachment":"scroll","background-type":"","background-media":"","overlay-type":"","overlay-color":"","overlay-opacity":"","overlay-gradient":""}},"ast-content-background-meta":{"desktop":{"background-color":"var(--ast-global-color-5)","background-image":"","background-repeat":"repeat","background-position":"center center","background-size":"auto","background-attachment":"scroll","background-type":"","background-media":"","overlay-type":"","overlay-color":"","overlay-opacity":"","overlay-gradient":""},"tablet":{"background-color":"var(--ast-global-color-5)","background-image":"","background-repeat":"repeat","background-position":"center center","background-size":"auto","background-attachment":"scroll","background-type":"","background-media":"","overlay-type":"","overlay-color":"","overlay-opacity":"","overlay-gradient":""},"mobile":{"background-color":"var(--ast-global-color-5)","background-image":"","background-repeat":"repeat","background-position":"center center","background-size":"auto","background-attachment":"scroll","background-type":"","background-media":"","overlay-type":"","overlay-color":"","overlay-opacity":"","overlay-gradient":""}},"footnotes":""},"categories":[517],"tags":[],"class_list":["post-11328","post","type-post","status-publish","format-standard","hentry","category-aconteceu"],"_links":{"self":[{"href":"https:\/\/noticiasnoface.com.br\/index.php\/wp-json\/wp\/v2\/posts\/11328","targetHints":{"allow":["GET"]}}],"collection":[{"href":"https:\/\/noticiasnoface.com.br\/index.php\/wp-json\/wp\/v2\/posts"}],"about":[{"href":"https:\/\/noticiasnoface.com.br\/index.php\/wp-json\/wp\/v2\/types\/post"}],"author":[{"embeddable":true,"href":"https:\/\/noticiasnoface.com.br\/index.php\/wp-json\/wp\/v2\/users\/1"}],"replies":[{"embeddable":true,"href":"https:\/\/noticiasnoface.com.br\/index.php\/wp-json\/wp\/v2\/comments?post=11328"}],"version-history":[{"count":1,"href":"https:\/\/noticiasnoface.com.br\/index.php\/wp-json\/wp\/v2\/posts\/11328\/revisions"}],"predecessor-version":[{"id":11329,"href":"https:\/\/noticiasnoface.com.br\/index.php\/wp-json\/wp\/v2\/posts\/11328\/revisions\/11329"}],"wp:attachment":[{"href":"https:\/\/noticiasnoface.com.br\/index.php\/wp-json\/wp\/v2\/media?parent=11328"}],"wp:term":[{"taxonomy":"category","embeddable":true,"href":"https:\/\/noticiasnoface.com.br\/index.php\/wp-json\/wp\/v2\/categories?post=11328"},{"taxonomy":"post_tag","embeddable":true,"href":"https:\/\/noticiasnoface.com.br\/index.php\/wp-json\/wp\/v2\/tags?post=11328"}],"curies":[{"name":"wp","href":"https:\/\/api.w.org\/{rel}","templated":true}]}}