{"id":11345,"date":"2022-09-28T21:15:17","date_gmt":"2022-09-29T00:15:17","guid":{"rendered":"https:\/\/noticiasnoface.com.br\/?p=11345"},"modified":"2022-09-28T21:15:18","modified_gmt":"2022-09-29T00:15:18","slug":"comissao-de-educacao-reconhece-feira-do-alecrim-patrimonio-imaterial-de-natal","status":"publish","type":"post","link":"https:\/\/noticiasnoface.com.br\/index.php\/2022\/09\/28\/comissao-de-educacao-reconhece-feira-do-alecrim-patrimonio-imaterial-de-natal\/","title":{"rendered":"Comiss\u00e3o de Educa\u00e7\u00e3o reconhece Feira do Alecrim patrim\u00f4nio imaterial de Natal"},"content":{"rendered":"\n<figure class=\"wp-block-image size-large\"><img data-opt-id=1682174427  fetchpriority=\"high\" decoding=\"async\" width=\"1024\" height=\"727\" src=\"https:\/\/mlbfrsat7ahr.i.optimole.com\/w:1024\/h:727\/q:mauto\/ig:avif\/https:\/\/noticiasnoface.com.br\/wp-content\/uploads\/2022\/09\/img_4240.jpg\" class=\"wp-image-11344\" srcset=\"https:\/\/mlbfrsat7ahr.i.optimole.com\/w:1024\/h:727\/q:mauto\/ig:avif\/https:\/\/noticiasnoface.com.br\/wp-content\/uploads\/2022\/09\/img_4240.jpg 1024w, https:\/\/mlbfrsat7ahr.i.optimole.com\/w:300\/h:213\/q:mauto\/ig:avif\/https:\/\/noticiasnoface.com.br\/wp-content\/uploads\/2022\/09\/img_4240.jpg 300w, https:\/\/mlbfrsat7ahr.i.optimole.com\/w:768\/h:545\/q:mauto\/ig:avif\/https:\/\/noticiasnoface.com.br\/wp-content\/uploads\/2022\/09\/img_4240.jpg 768w, https:\/\/mlbfrsat7ahr.i.optimole.com\/w:1280\/h:909\/q:mauto\/ig:avif\/https:\/\/noticiasnoface.com.br\/wp-content\/uploads\/2022\/09\/img_4240.jpg 1280w\" sizes=\"(max-width: 1000px) 100vw, 1000px\" \/><figcaption class=\"wp-element-caption\">A Comiss\u00e3o de Educa\u00e7\u00e3o, Cultura, Ci\u00eancia, Tecnologia e Inova\u00e7\u00e3o da C\u00e2mara Municipal de Natal se reuniu, na tarde desta ter\u00e7a-feira (06), e aprovou 14 mat\u00e9rias, sendo um Projeto de Decreto Legislativo, dois Projetos de Resolu\u00e7\u00e3o e 11 Projetos de Lei, entre os quais os PLs 245 e 247\/2022, ambos de autoria da vereadora Margarete R\u00e9gia (PROS), que reconhecem a feira livre e o cemit\u00e9rio do Alecrim como patrim\u00f4nio cultural de natureza imaterial do Munic\u00edpio.<br>Segundo a vereadora, a Feira do Alecrim \u00e9 a mais antiga da cidade, com a primeira edi\u00e7\u00e3o datada de 18 de julho de 1920. \u201cA centen\u00e1ria Feira do Alecrim \u00e9 uma tradi\u00e7\u00e3o na capital potiguar que precisa ser preservada pelo Munic\u00edpio, em parceria com a popula\u00e7\u00e3o, para as futuras gera\u00e7\u00f5es. Ela se tornou a maior e mais importante refer\u00eancia do bairro e, al\u00e9m do com\u00e9rcio, tornou-se um local de importantes representa\u00e7\u00f5es folcl\u00f3ricas e da cultura nordestina\u201d, justifica a propositora. J\u00e1 sobre o Cemit\u00e9rio do Alecrim, constru\u00eddo em 1856, a vereadora alega: \u201cAo longo de seus 166 anos, o Cemit\u00e9rio do Alecrim guardou hist\u00f3rias de personalidades e an\u00f4nimos. Os t\u00famulos s\u00e3o diferenciados por singularidades arquitet\u00f4nicas e as hist\u00f3rias por tr\u00e1s de cada indiv\u00edduo enterrado l\u00e1, desde pessoas pobres at\u00e9 os mais ricos e ilustres, entre os quais o ex-presidente Caf\u00e9 Filho\u201d.<br>A Comiss\u00e3o de Educa\u00e7\u00e3o tamb\u00e9m aprovou os PLs 18\/2021, do vereador Herberth Sena (PSDB), que cria o programa \u201cEmpresa Amiga do Esporte e do Lazer\u201d, para estimular a doa\u00e7\u00e3o de materiais esportivos, realiza\u00e7\u00e3o de manuten\u00e7\u00e3o em equipamentos p\u00fablicos esportivos ou de obras de reforma e amplia\u00e7\u00e3o de \u00e1reas p\u00fablicas de pr\u00e1tica de esportes ou quaisquer a\u00e7\u00f5es que visem fomentar o esporte e o lazer; o PL 171\/2022, que cria o \u201cPr\u00eamio Escola Atuante\u201d, para premiar as escolas municipais  que alcancem metas definidas pelo Minist\u00e9rio da Educa\u00e7\u00e3o, por meio do \u00cdndice de Desenvolvimento da Educa\u00e7\u00e3o B\u00e1sica \u2013 IDEB, com aquisi\u00e7\u00e3o de materiais ou bonifica\u00e7\u00e3o para os professores, entre outros recursos, e o  PL 753\/2021,  que institui o \u201cSelo Escola Inclusiva\u201d, a ser conferido a escolas p\u00fablicas ou particulares que contribuem para a inclus\u00e3o de estudantes com defici\u00eancia e Transtorno do Espectro Autista.<br>A presidente da Comiss\u00e3o, vereadora Brisa Bracchi (PT),  elogiou tamb\u00e9m os PLs 67 e 289\/2022, que criam duas datas a serem inclu\u00eddas no Calend\u00e1rio Oficial do Munic\u00edpio, sendo respectivamente, o Dia Municipal das Ekedis (\u00c8k\u00e8j\u00ed) a ser celebrado, anualmente, em 27 de maio, e o \u201cDia Miguel\u201d, para a realiza\u00e7\u00e3o de a\u00e7\u00f5es de combate ao racismo e genoc\u00eddio contra as crian\u00e7as e adolescentes negros, em 02 de junho.<br>O \u201cDia Miguel\u201d faz alus\u00e3o \u00e0 mem\u00f3ria de Miguel Ot\u00e1vio Santana da Silva, que morreu com apenas cinco anos de idade, em 2 de junho de 2020, em Recife\/PE, ao cair do 9\u00ba andar do edif\u00edcio onde a m\u00e3e era empregada dom\u00e9stica, e o menino foi deixado sozinho pela patroa dela, no elevador. J\u00e1 sobre o \u201cDia Municipal das Ekedis (\u00c8k\u00e8j\u00ed)\u201d, a vereadora ressalta que o objetivo \u00e9 que a data seja mais um momento de luta contra o preconceito contra as mulheres e contra as religi\u00f5es afro-amer\u00edndias. \u201cEm mar\u00e7o, m\u00eas das mulheres, \u00e9 justo promover uma devida homenagem \u00e0s Ekedis, que lutam todos os dias contra o preconceito, o machismo e fazem das vidas delas um semear de novas vidas, perpetuando a tradi\u00e7\u00e3o do Candombl\u00e9 e das demais religi\u00f5es afro-amer\u00edndias\u201d,  comentou Brisa. <br><br>Texto: Ilana Albuquerque<br>Fotos: Francisco de Assis<\/figcaption><\/figure>\n","protected":false},"excerpt":{"rendered":"","protected":false},"author":1,"featured_media":0,"comment_status":"open","ping_status":"open","sticky":false,"template":"","format":"standard","meta":{"site-sidebar-layout":"default","site-content-layout":"","ast-site-content-layout":"default","site-content-style":"default","site-sidebar-style":"default","ast-global-header-display":"","ast-banner-title-visibility":"","ast-main-header-display":"","ast-hfb-above-header-display":"","ast-hfb-below-header-display":"","ast-hfb-mobile-header-display":"","site-post-title":"","ast-breadcrumbs-content":"","ast-featured-img":"","footer-sml-layout":"","ast-disable-related-posts":"","theme-transparent-header-meta":"","adv-header-id-meta":"","stick-header-meta":"","header-above-stick-meta":"","header-main-stick-meta":"","header-below-stick-meta":"","astra-migrate-meta-layouts":"default","ast-page-background-enabled":"default","ast-page-background-meta":{"desktop":{"background-color":"var(--ast-global-color-4)","background-image":"","background-repeat":"repeat","background-position":"center center","background-size":"auto","background-attachment":"scroll","background-type":"","background-media":"","overlay-type":"","overlay-color":"","overlay-opacity":"","overlay-gradient":""},"tablet":{"background-color":"","background-image":"","background-repeat":"repeat","background-position":"center center","background-size":"auto","background-attachment":"scroll","background-type":"","background-media":"","overlay-type":"","overlay-color":"","overlay-opacity":"","overlay-gradient":""},"mobile":{"background-color":"","background-image":"","background-repeat":"repeat","background-position":"center center","background-size":"auto","background-attachment":"scroll","background-type":"","background-media":"","overlay-type":"","overlay-color":"","overlay-opacity":"","overlay-gradient":""}},"ast-content-background-meta":{"desktop":{"background-color":"var(--ast-global-color-5)","background-image":"","background-repeat":"repeat","background-position":"center center","background-size":"auto","background-attachment":"scroll","background-type":"","background-media":"","overlay-type":"","overlay-color":"","overlay-opacity":"","overlay-gradient":""},"tablet":{"background-color":"var(--ast-global-color-5)","background-image":"","background-repeat":"repeat","background-position":"center center","background-size":"auto","background-attachment":"scroll","background-type":"","background-media":"","overlay-type":"","overlay-color":"","overlay-opacity":"","overlay-gradient":""},"mobile":{"background-color":"var(--ast-global-color-5)","background-image":"","background-repeat":"repeat","background-position":"center center","background-size":"auto","background-attachment":"scroll","background-type":"","background-media":"","overlay-type":"","overlay-color":"","overlay-opacity":"","overlay-gradient":""}},"footnotes":""},"categories":[517],"tags":[],"class_list":["post-11345","post","type-post","status-publish","format-standard","hentry","category-aconteceu"],"_links":{"self":[{"href":"https:\/\/noticiasnoface.com.br\/index.php\/wp-json\/wp\/v2\/posts\/11345","targetHints":{"allow":["GET"]}}],"collection":[{"href":"https:\/\/noticiasnoface.com.br\/index.php\/wp-json\/wp\/v2\/posts"}],"about":[{"href":"https:\/\/noticiasnoface.com.br\/index.php\/wp-json\/wp\/v2\/types\/post"}],"author":[{"embeddable":true,"href":"https:\/\/noticiasnoface.com.br\/index.php\/wp-json\/wp\/v2\/users\/1"}],"replies":[{"embeddable":true,"href":"https:\/\/noticiasnoface.com.br\/index.php\/wp-json\/wp\/v2\/comments?post=11345"}],"version-history":[{"count":1,"href":"https:\/\/noticiasnoface.com.br\/index.php\/wp-json\/wp\/v2\/posts\/11345\/revisions"}],"predecessor-version":[{"id":11346,"href":"https:\/\/noticiasnoface.com.br\/index.php\/wp-json\/wp\/v2\/posts\/11345\/revisions\/11346"}],"wp:attachment":[{"href":"https:\/\/noticiasnoface.com.br\/index.php\/wp-json\/wp\/v2\/media?parent=11345"}],"wp:term":[{"taxonomy":"category","embeddable":true,"href":"https:\/\/noticiasnoface.com.br\/index.php\/wp-json\/wp\/v2\/categories?post=11345"},{"taxonomy":"post_tag","embeddable":true,"href":"https:\/\/noticiasnoface.com.br\/index.php\/wp-json\/wp\/v2\/tags?post=11345"}],"curies":[{"name":"wp","href":"https:\/\/api.w.org\/{rel}","templated":true}]}}