{"id":11365,"date":"2022-09-29T21:55:06","date_gmt":"2022-09-30T00:55:06","guid":{"rendered":"https:\/\/noticiasnoface.com.br\/?p=11365"},"modified":"2022-09-29T21:55:06","modified_gmt":"2022-09-30T00:55:06","slug":"comissao-de-saude-da-camara-visita-maternidade-leide-morais","status":"publish","type":"post","link":"https:\/\/noticiasnoface.com.br\/index.php\/2022\/09\/29\/comissao-de-saude-da-camara-visita-maternidade-leide-morais\/","title":{"rendered":"Comiss\u00e3o de Sa\u00fade da C\u00e2mara visita Maternidade Leide Morais"},"content":{"rendered":"\n<figure class=\"wp-block-image size-large\"><img data-opt-id=917298016  fetchpriority=\"high\" decoding=\"async\" width=\"1024\" height=\"682\" src=\"https:\/\/mlbfrsat7ahr.i.optimole.com\/w:1024\/h:682\/q:mauto\/ig:avif\/https:\/\/noticiasnoface.com.br\/wp-content\/uploads\/2022\/09\/img_4287.jpg\" class=\"wp-image-11364\" srcset=\"https:\/\/mlbfrsat7ahr.i.optimole.com\/w:1024\/h:682\/q:mauto\/ig:avif\/https:\/\/noticiasnoface.com.br\/wp-content\/uploads\/2022\/09\/img_4287.jpg 1024w, https:\/\/mlbfrsat7ahr.i.optimole.com\/w:300\/h:200\/q:mauto\/ig:avif\/https:\/\/noticiasnoface.com.br\/wp-content\/uploads\/2022\/09\/img_4287.jpg 300w, https:\/\/mlbfrsat7ahr.i.optimole.com\/w:768\/h:512\/q:mauto\/ig:avif\/https:\/\/noticiasnoface.com.br\/wp-content\/uploads\/2022\/09\/img_4287.jpg 768w, https:\/\/mlbfrsat7ahr.i.optimole.com\/w:1280\/h:853\/q:mauto\/ig:avif\/https:\/\/noticiasnoface.com.br\/wp-content\/uploads\/2022\/09\/img_4287.jpg 1280w\" sizes=\"(max-width: 1000px) 100vw, 1000px\" \/><figcaption class=\"wp-element-caption\">Nesta segunda-feira (29), a Comiss\u00e3o de Sa\u00fade, Previd\u00eancia e de Assist\u00eancia Social da C\u00e2mara Municipal de Natal deu prosseguimento \u00e0s visitas fiscalizat\u00f3rias aos equipamentos de sa\u00fade da capital potiguar. O colegiado vistoriou dessa vez as novas instala\u00e7\u00f5es da Maternidade Leide Morais, no bairro Potengi, zona Norte, para verificar o andamento dos trabalhos, identificar problemas e providenciar solu\u00e7\u00f5es. Estiveram presentes no encontro, os vereadores Preto Aquino (PSD), presidente da Comiss\u00e3o, Luciano Nascimento (PTB) e Peixoto (PTB). <br>De acordo com o vereador Preto Aquino, o maior desafio a ser enfrentado pela gest\u00e3o da unidade s\u00e3o os problemas estruturais que comprometem a equipe e o espa\u00e7o f\u00edsico. &#8220;Encontramos aqui defici\u00eancias de v\u00e1rios tipos, por\u00e9m, a quest\u00e3o das infiltra\u00e7\u00f5es \u00e9 a mais grave. S\u00e3o raras as salas que n\u00e3o apresentam infiltra\u00e7\u00e3o. Os profissionais s\u00e3o competentes e esfor\u00e7ados, mas precisam de uma estrutura melhor para trabalhar. A Prefeitura precisa fazer uma reforma para que a maternidade se torne uma refer\u00eancia&#8221;, pontuou o parlamentar, ressaltando que encaminhar\u00e1 relat\u00f3rio da visita para a Secretaria Municipal de Sa\u00fade. <br>&#8220;Chamo a aten\u00e7\u00e3o para a exist\u00eancia de salas fechadas por causa das infiltra\u00e7\u00f5es. &#8220;Outro problema \u00e9 a aus\u00eancia de obstetras nos finais de semana devido a uma car\u00eancia de profissionais no mercado. Precisamos resolver esta situa\u00e7\u00e3o para que as gestantes n\u00e3o precisem mais serem transferidas para o Hospital Santa Catarina ou o Hospital Maternidade Dr. Araken Irer\u00ea Pinto. Felizmente, a nova administra\u00e7\u00e3o da Leide Morais est\u00e1 tomando p\u00e9 da situa\u00e7\u00e3o e buscando solu\u00e7\u00f5es para os problemas&#8221;, disse o vereador Luciano Nascimento.<br>Em seguida, o vereador Peixoto observou o mofo que toma conta da maternidade. &#8220;Para que as infiltra\u00e7\u00f5es sejam resolvidas \u00e9 preciso acontecer uma reestrutura\u00e7\u00e3o do pr\u00e9dio. N\u00e3o \u00e9 f\u00e1cil conviver com mofo todos os dias. Dito isso, vamos discutir a situa\u00e7\u00e3o com o Poder P\u00fablico a fim de garantir dias melhores para usu\u00e1rios e profissionais desta unidade de sa\u00fade&#8221;.<br>Graco Dorneles Cunha, diretor da Maternidade Leide Morais, falou que existe o compromisso da Prefeitura para realizar uma reforma no equipamento e o refor\u00e7o na equipe. &#8220;A Secretaria de Sa\u00fade j\u00e1 sinalizou com recursos para melhorias, al\u00e9m de um novo contrato de manuten\u00e7\u00e3o predial nas pr\u00f3ximas semanas. Ent\u00e3o, a gente espera contar com essa ajuda para oferecer um atendimento de qualidade para a popula\u00e7\u00e3o e condi\u00e7\u00f5es de trabalho aos profissionais&#8221;, concluiu. <br><strong><em>Texto: Junior Martins<br>Fotos: Elp\u00eddio J\u00fanior<\/em><\/strong><\/figcaption><\/figure>\n\n\n\n<p><\/p>\n","protected":false},"excerpt":{"rendered":"","protected":false},"author":1,"featured_media":0,"comment_status":"open","ping_status":"open","sticky":false,"template":"","format":"standard","meta":{"site-sidebar-layout":"default","site-content-layout":"","ast-site-content-layout":"default","site-content-style":"default","site-sidebar-style":"default","ast-global-header-display":"","ast-banner-title-visibility":"","ast-main-header-display":"","ast-hfb-above-header-display":"","ast-hfb-below-header-display":"","ast-hfb-mobile-header-display":"","site-post-title":"","ast-breadcrumbs-content":"","ast-featured-img":"","footer-sml-layout":"","ast-disable-related-posts":"","theme-transparent-header-meta":"","adv-header-id-meta":"","stick-header-meta":"","header-above-stick-meta":"","header-main-stick-meta":"","header-below-stick-meta":"","astra-migrate-meta-layouts":"default","ast-page-background-enabled":"default","ast-page-background-meta":{"desktop":{"background-color":"var(--ast-global-color-4)","background-image":"","background-repeat":"repeat","background-position":"center center","background-size":"auto","background-attachment":"scroll","background-type":"","background-media":"","overlay-type":"","overlay-color":"","overlay-opacity":"","overlay-gradient":""},"tablet":{"background-color":"","background-image":"","background-repeat":"repeat","background-position":"center center","background-size":"auto","background-attachment":"scroll","background-type":"","background-media":"","overlay-type":"","overlay-color":"","overlay-opacity":"","overlay-gradient":""},"mobile":{"background-color":"","background-image":"","background-repeat":"repeat","background-position":"center center","background-size":"auto","background-attachment":"scroll","background-type":"","background-media":"","overlay-type":"","overlay-color":"","overlay-opacity":"","overlay-gradient":""}},"ast-content-background-meta":{"desktop":{"background-color":"var(--ast-global-color-5)","background-image":"","background-repeat":"repeat","background-position":"center center","background-size":"auto","background-attachment":"scroll","background-type":"","background-media":"","overlay-type":"","overlay-color":"","overlay-opacity":"","overlay-gradient":""},"tablet":{"background-color":"var(--ast-global-color-5)","background-image":"","background-repeat":"repeat","background-position":"center center","background-size":"auto","background-attachment":"scroll","background-type":"","background-media":"","overlay-type":"","overlay-color":"","overlay-opacity":"","overlay-gradient":""},"mobile":{"background-color":"var(--ast-global-color-5)","background-image":"","background-repeat":"repeat","background-position":"center center","background-size":"auto","background-attachment":"scroll","background-type":"","background-media":"","overlay-type":"","overlay-color":"","overlay-opacity":"","overlay-gradient":""}},"footnotes":""},"categories":[517],"tags":[],"class_list":["post-11365","post","type-post","status-publish","format-standard","hentry","category-aconteceu"],"_links":{"self":[{"href":"https:\/\/noticiasnoface.com.br\/index.php\/wp-json\/wp\/v2\/posts\/11365","targetHints":{"allow":["GET"]}}],"collection":[{"href":"https:\/\/noticiasnoface.com.br\/index.php\/wp-json\/wp\/v2\/posts"}],"about":[{"href":"https:\/\/noticiasnoface.com.br\/index.php\/wp-json\/wp\/v2\/types\/post"}],"author":[{"embeddable":true,"href":"https:\/\/noticiasnoface.com.br\/index.php\/wp-json\/wp\/v2\/users\/1"}],"replies":[{"embeddable":true,"href":"https:\/\/noticiasnoface.com.br\/index.php\/wp-json\/wp\/v2\/comments?post=11365"}],"version-history":[{"count":1,"href":"https:\/\/noticiasnoface.com.br\/index.php\/wp-json\/wp\/v2\/posts\/11365\/revisions"}],"predecessor-version":[{"id":11366,"href":"https:\/\/noticiasnoface.com.br\/index.php\/wp-json\/wp\/v2\/posts\/11365\/revisions\/11366"}],"wp:attachment":[{"href":"https:\/\/noticiasnoface.com.br\/index.php\/wp-json\/wp\/v2\/media?parent=11365"}],"wp:term":[{"taxonomy":"category","embeddable":true,"href":"https:\/\/noticiasnoface.com.br\/index.php\/wp-json\/wp\/v2\/categories?post=11365"},{"taxonomy":"post_tag","embeddable":true,"href":"https:\/\/noticiasnoface.com.br\/index.php\/wp-json\/wp\/v2\/tags?post=11365"}],"curies":[{"name":"wp","href":"https:\/\/api.w.org\/{rel}","templated":true}]}}