{"id":11394,"date":"2022-09-30T22:04:40","date_gmt":"2022-10-01T01:04:40","guid":{"rendered":"https:\/\/noticiasnoface.com.br\/?p=11394"},"modified":"2022-09-30T22:04:41","modified_gmt":"2022-10-01T01:04:41","slug":"tv-camara-natal-realiza-cobertura-completa-das-eleicoes-2022","status":"publish","type":"post","link":"https:\/\/noticiasnoface.com.br\/index.php\/2022\/09\/30\/tv-camara-natal-realiza-cobertura-completa-das-eleicoes-2022\/","title":{"rendered":"TV C\u00e2mara Natal realiza cobertura completa das Elei\u00e7\u00f5es 2022"},"content":{"rendered":"\n<figure class=\"wp-block-image size-large\"><img data-opt-id=1697682558  fetchpriority=\"high\" decoding=\"async\" width=\"1024\" height=\"663\" src=\"https:\/\/mlbfrsat7ahr.i.optimole.com\/w:1024\/h:663\/q:mauto\/ig:avif\/https:\/\/noticiasnoface.com.br\/wp-content\/uploads\/2022\/09\/img_4344.jpg\" class=\"wp-image-11393\" srcset=\"https:\/\/mlbfrsat7ahr.i.optimole.com\/w:1024\/h:663\/q:mauto\/ig:avif\/https:\/\/noticiasnoface.com.br\/wp-content\/uploads\/2022\/09\/img_4344.jpg 1024w, https:\/\/mlbfrsat7ahr.i.optimole.com\/w:300\/h:194\/q:mauto\/ig:avif\/https:\/\/noticiasnoface.com.br\/wp-content\/uploads\/2022\/09\/img_4344.jpg 300w, https:\/\/mlbfrsat7ahr.i.optimole.com\/w:768\/h:497\/q:mauto\/ig:avif\/https:\/\/noticiasnoface.com.br\/wp-content\/uploads\/2022\/09\/img_4344.jpg 768w, https:\/\/mlbfrsat7ahr.i.optimole.com\/w:1536\/h:995\/q:mauto\/ig:avif\/https:\/\/noticiasnoface.com.br\/wp-content\/uploads\/2022\/09\/img_4344.jpg 1536w, https:\/\/mlbfrsat7ahr.i.optimole.com\/w:1667\/h:1080\/q:mauto\/ig:avif\/https:\/\/noticiasnoface.com.br\/wp-content\/uploads\/2022\/09\/img_4344.jpg 2000w\" sizes=\"(max-width: 1000px) 100vw, 1000px\" \/><figcaption class=\"wp-element-caption\"><br>No pr\u00f3ximo domingo, 2 de outubro, a TV C\u00e2mara Natal ir\u00e1 realizar uma cobertura especial das Elei\u00e7\u00f5es 2022. Para a programa\u00e7\u00e3o est\u00e3o previstas exibi\u00e7\u00f5es de mat\u00e9rias e boletins ao longo de todo o dia e a transmiss\u00e3o ao vivo do programa Elei\u00e7\u00f5es 2022, a partir das 17h. O programa ser\u00e1 apresentado pelos jornalistas Kleber Teixeira e Larisse de Souza e ter\u00e1 como comentarista o diretor da TV C\u00e2mara Natal, Rodrigues Neto. <br>\u201cA C\u00e2mara Municipal, atrav\u00e9s da TV C\u00e2mara Natal, mais uma vez vai realizar a cobertura da festa da democracia. Escalamos uma equipe completa para levar \u00e0 popula\u00e7\u00e3o um conte\u00fado diferenciado, com informa\u00e7\u00f5es em tempo real e an\u00e1lise de especialistas\u201d, afirmou o diretor de Comunica\u00e7\u00e3o da CMN, Marcelo Dieb Filho.<br>\u201cIremos fazer uma super cobertura para o telespectador da TV C\u00e2mara. Teremos equipes durante o dia por toda a cidade acompanhando o comparecimento de candidatos \u00e0s urnas e vendo as situa\u00e7\u00f5es das filas e andamentos de diversas zonas eleitorais\u201d, disse o jornalista Rodrigues Neto. <br>A jornalista Mara Rochelle, chefe de reportagem da TV C\u00e2mara Natal, destacou a participa\u00e7\u00e3o de comentaristas, que ir\u00e3o debater sobre os mais diversos t\u00f3picos relacionados \u00e0s elei\u00e7\u00f5es durante o programa ao vivo. S\u00e3o eles: o advogado eleitoral Wlademir Capistrano, o profissional de Marketing Digital Gleber Duarte, a professora e pesquisadora Mariana de Siqueira e o advogado eleitoral Daniel Monteiro.<br>A produ\u00e7\u00e3o da programa\u00e7\u00e3o especial das Elei\u00e7\u00f5es 2022 envolve 39 profissionais, entre jornalistas, cinegrafistas, produtores e demais \u00e1reas necess\u00e1rias para o funcionamento da emissora.<br>A cobertura ao vivo da apura\u00e7\u00e3o e de todas as informa\u00e7\u00f5es do dia das Elei\u00e7\u00f5es 2022 come\u00e7a \u00e0s partir das 17 horas com transmiss\u00e3o pela TV C\u00e2mara Natal atrav\u00e9s dos canais 10.2 da TV aberta e 10 ou 110 da Cabo. A programa\u00e7\u00e3o tamb\u00e9m est\u00e1 dispon\u00edvel no YouTube da TV C\u00e2mara Natal.<br><em>Texto: Juliane Araujo<br>Foto: Elp\u00eddio J\u00fanior <\/em><\/figcaption><\/figure>\n","protected":false},"excerpt":{"rendered":"","protected":false},"author":1,"featured_media":0,"comment_status":"open","ping_status":"open","sticky":false,"template":"","format":"standard","meta":{"site-sidebar-layout":"default","site-content-layout":"","ast-site-content-layout":"default","site-content-style":"default","site-sidebar-style":"default","ast-global-header-display":"","ast-banner-title-visibility":"","ast-main-header-display":"","ast-hfb-above-header-display":"","ast-hfb-below-header-display":"","ast-hfb-mobile-header-display":"","site-post-title":"","ast-breadcrumbs-content":"","ast-featured-img":"","footer-sml-layout":"","ast-disable-related-posts":"","theme-transparent-header-meta":"","adv-header-id-meta":"","stick-header-meta":"","header-above-stick-meta":"","header-main-stick-meta":"","header-below-stick-meta":"","astra-migrate-meta-layouts":"default","ast-page-background-enabled":"default","ast-page-background-meta":{"desktop":{"background-color":"var(--ast-global-color-4)","background-image":"","background-repeat":"repeat","background-position":"center center","background-size":"auto","background-attachment":"scroll","background-type":"","background-media":"","overlay-type":"","overlay-color":"","overlay-opacity":"","overlay-gradient":""},"tablet":{"background-color":"","background-image":"","background-repeat":"repeat","background-position":"center center","background-size":"auto","background-attachment":"scroll","background-type":"","background-media":"","overlay-type":"","overlay-color":"","overlay-opacity":"","overlay-gradient":""},"mobile":{"background-color":"","background-image":"","background-repeat":"repeat","background-position":"center center","background-size":"auto","background-attachment":"scroll","background-type":"","background-media":"","overlay-type":"","overlay-color":"","overlay-opacity":"","overlay-gradient":""}},"ast-content-background-meta":{"desktop":{"background-color":"var(--ast-global-color-5)","background-image":"","background-repeat":"repeat","background-position":"center center","background-size":"auto","background-attachment":"scroll","background-type":"","background-media":"","overlay-type":"","overlay-color":"","overlay-opacity":"","overlay-gradient":""},"tablet":{"background-color":"var(--ast-global-color-5)","background-image":"","background-repeat":"repeat","background-position":"center center","background-size":"auto","background-attachment":"scroll","background-type":"","background-media":"","overlay-type":"","overlay-color":"","overlay-opacity":"","overlay-gradient":""},"mobile":{"background-color":"var(--ast-global-color-5)","background-image":"","background-repeat":"repeat","background-position":"center center","background-size":"auto","background-attachment":"scroll","background-type":"","background-media":"","overlay-type":"","overlay-color":"","overlay-opacity":"","overlay-gradient":""}},"footnotes":""},"categories":[517],"tags":[],"class_list":["post-11394","post","type-post","status-publish","format-standard","hentry","category-aconteceu"],"_links":{"self":[{"href":"https:\/\/noticiasnoface.com.br\/index.php\/wp-json\/wp\/v2\/posts\/11394","targetHints":{"allow":["GET"]}}],"collection":[{"href":"https:\/\/noticiasnoface.com.br\/index.php\/wp-json\/wp\/v2\/posts"}],"about":[{"href":"https:\/\/noticiasnoface.com.br\/index.php\/wp-json\/wp\/v2\/types\/post"}],"author":[{"embeddable":true,"href":"https:\/\/noticiasnoface.com.br\/index.php\/wp-json\/wp\/v2\/users\/1"}],"replies":[{"embeddable":true,"href":"https:\/\/noticiasnoface.com.br\/index.php\/wp-json\/wp\/v2\/comments?post=11394"}],"version-history":[{"count":1,"href":"https:\/\/noticiasnoface.com.br\/index.php\/wp-json\/wp\/v2\/posts\/11394\/revisions"}],"predecessor-version":[{"id":11395,"href":"https:\/\/noticiasnoface.com.br\/index.php\/wp-json\/wp\/v2\/posts\/11394\/revisions\/11395"}],"wp:attachment":[{"href":"https:\/\/noticiasnoface.com.br\/index.php\/wp-json\/wp\/v2\/media?parent=11394"}],"wp:term":[{"taxonomy":"category","embeddable":true,"href":"https:\/\/noticiasnoface.com.br\/index.php\/wp-json\/wp\/v2\/categories?post=11394"},{"taxonomy":"post_tag","embeddable":true,"href":"https:\/\/noticiasnoface.com.br\/index.php\/wp-json\/wp\/v2\/tags?post=11394"}],"curies":[{"name":"wp","href":"https:\/\/api.w.org\/{rel}","templated":true}]}}