{"id":11407,"date":"2022-10-03T07:53:11","date_gmt":"2022-10-03T10:53:11","guid":{"rendered":"https:\/\/noticiasnoface.com.br\/?p=11407"},"modified":"2022-10-03T07:53:12","modified_gmt":"2022-10-03T10:53:12","slug":"ze-trovao-e-eleito-deputado-federal-por-santa-catarina","status":"publish","type":"post","link":"https:\/\/noticiasnoface.com.br\/index.php\/2022\/10\/03\/ze-trovao-e-eleito-deputado-federal-por-santa-catarina\/","title":{"rendered":"Z\u00e9 trov\u00e3o \u00e9 eleito deputado federal por Santa Catarina"},"content":{"rendered":"\n<figure class=\"wp-block-image size-large\"><img data-opt-id=335205853  fetchpriority=\"high\" decoding=\"async\" width=\"300\" height=\"167\" src=\"https:\/\/mlbfrsat7ahr.i.optimole.com\/w:300\/h:167\/q:mauto\/ig:avif\/https:\/\/noticiasnoface.com.br\/wp-content\/uploads\/2022\/10\/img_4443.jpg\" class=\"wp-image-11406\" srcset=\"https:\/\/mlbfrsat7ahr.i.optimole.com\/w:300\/h:167\/q:mauto\/ig:avif\/https:\/\/noticiasnoface.com.br\/wp-content\/uploads\/2022\/10\/img_4443.jpg 300w, https:\/\/mlbfrsat7ahr.i.optimole.com\/w:768\/h:427\/q:mauto\/ig:avif\/https:\/\/noticiasnoface.com.br\/wp-content\/uploads\/2022\/10\/img_4443.jpg 768w, https:\/\/mlbfrsat7ahr.i.optimole.com\/w:788\/h:438\/q:mauto\/ig:avif\/https:\/\/noticiasnoface.com.br\/wp-content\/uploads\/2022\/10\/img_4443.jpg 788w\" sizes=\"(max-width: 300px) 100vw, 300px\" \/><figcaption class=\"wp-element-caption\">Alvo do STF e usando tornozeleira eletr\u00f4nica, o caminhoneiro <a rel=\"noreferrer noopener\" href=\"https:\/\/www.metropoles.com\/colunas\/guilherme-amado\/planalto-aceitou-reuniao-com-ze-trovao-em-minutos?amp\" target=\"_blank\">Z\u00e9 Trov\u00e3o<\/a> foi eleito para a C\u00e2mara dos Deputados. Trov\u00e3o obteve 71,1 mil votos em Santa Catarina pelo PL, partido de Jair Bolsonaro.<br><br><br>No ano passado, Trov\u00e3o foi preso e chegou a ficar um m\u00eas e meio <a rel=\"noreferrer noopener\" href=\"https:\/\/www.metropoles.com\/colunas\/guilherme-amado\/foragido-ha-um-mes-ze-trovao-mantem-ataques-nao-retiro-o-que-disse?amp\" target=\"_blank\">foragido no M\u00e9xico<\/a>, tentando escapar de uma ordem de pris\u00e3o decretada pelo ministro Alexandre de Moraes. A pris\u00e3o foi ordenada ap\u00f3s Z\u00e9 Trov\u00e3o amea\u00e7ar o STF nas manifesta\u00e7\u00f5es do Sete de Setembro de 2021.<br>Segundo a PGR, o caminhoneiro foi respons\u00e1vel pelo in\u00edcio de um \u201clevante\u201d contra a democracia em amea\u00e7as antes do 7 de Setembro. O PL, partido de Bolsonaro, deu <a rel=\"noreferrer noopener\" href=\"https:\/\/www.metropoles.com\/colunas\/guilherme-amado\/partido-de-bolsonaro-da-tratamento-vip-para-candidato-preso-por-moraes?amp\" target=\"_blank\">tratamento vip ao caminhoneiro<\/a> nesta elei\u00e7\u00e3o e destinou R$ 500 mil para sua campanha \u2014 a mesma quantia enviada a Eduardo Bolsonaro, Ricardo Salles e H\u00e9lio Lopes, por exemplo.<\/figcaption><\/figure>\n","protected":false},"excerpt":{"rendered":"","protected":false},"author":1,"featured_media":0,"comment_status":"open","ping_status":"open","sticky":false,"template":"","format":"standard","meta":{"site-sidebar-layout":"default","site-content-layout":"","ast-site-content-layout":"default","site-content-style":"default","site-sidebar-style":"default","ast-global-header-display":"","ast-banner-title-visibility":"","ast-main-header-display":"","ast-hfb-above-header-display":"","ast-hfb-below-header-display":"","ast-hfb-mobile-header-display":"","site-post-title":"","ast-breadcrumbs-content":"","ast-featured-img":"","footer-sml-layout":"","ast-disable-related-posts":"","theme-transparent-header-meta":"","adv-header-id-meta":"","stick-header-meta":"","header-above-stick-meta":"","header-main-stick-meta":"","header-below-stick-meta":"","astra-migrate-meta-layouts":"default","ast-page-background-enabled":"default","ast-page-background-meta":{"desktop":{"background-color":"var(--ast-global-color-4)","background-image":"","background-repeat":"repeat","background-position":"center center","background-size":"auto","background-attachment":"scroll","background-type":"","background-media":"","overlay-type":"","overlay-color":"","overlay-opacity":"","overlay-gradient":""},"tablet":{"background-color":"","background-image":"","background-repeat":"repeat","background-position":"center center","background-size":"auto","background-attachment":"scroll","background-type":"","background-media":"","overlay-type":"","overlay-color":"","overlay-opacity":"","overlay-gradient":""},"mobile":{"background-color":"","background-image":"","background-repeat":"repeat","background-position":"center center","background-size":"auto","background-attachment":"scroll","background-type":"","background-media":"","overlay-type":"","overlay-color":"","overlay-opacity":"","overlay-gradient":""}},"ast-content-background-meta":{"desktop":{"background-color":"var(--ast-global-color-5)","background-image":"","background-repeat":"repeat","background-position":"center center","background-size":"auto","background-attachment":"scroll","background-type":"","background-media":"","overlay-type":"","overlay-color":"","overlay-opacity":"","overlay-gradient":""},"tablet":{"background-color":"var(--ast-global-color-5)","background-image":"","background-repeat":"repeat","background-position":"center center","background-size":"auto","background-attachment":"scroll","background-type":"","background-media":"","overlay-type":"","overlay-color":"","overlay-opacity":"","overlay-gradient":""},"mobile":{"background-color":"var(--ast-global-color-5)","background-image":"","background-repeat":"repeat","background-position":"center center","background-size":"auto","background-attachment":"scroll","background-type":"","background-media":"","overlay-type":"","overlay-color":"","overlay-opacity":"","overlay-gradient":""}},"footnotes":""},"categories":[517],"tags":[],"class_list":["post-11407","post","type-post","status-publish","format-standard","hentry","category-aconteceu"],"_links":{"self":[{"href":"https:\/\/noticiasnoface.com.br\/index.php\/wp-json\/wp\/v2\/posts\/11407","targetHints":{"allow":["GET"]}}],"collection":[{"href":"https:\/\/noticiasnoface.com.br\/index.php\/wp-json\/wp\/v2\/posts"}],"about":[{"href":"https:\/\/noticiasnoface.com.br\/index.php\/wp-json\/wp\/v2\/types\/post"}],"author":[{"embeddable":true,"href":"https:\/\/noticiasnoface.com.br\/index.php\/wp-json\/wp\/v2\/users\/1"}],"replies":[{"embeddable":true,"href":"https:\/\/noticiasnoface.com.br\/index.php\/wp-json\/wp\/v2\/comments?post=11407"}],"version-history":[{"count":1,"href":"https:\/\/noticiasnoface.com.br\/index.php\/wp-json\/wp\/v2\/posts\/11407\/revisions"}],"predecessor-version":[{"id":11408,"href":"https:\/\/noticiasnoface.com.br\/index.php\/wp-json\/wp\/v2\/posts\/11407\/revisions\/11408"}],"wp:attachment":[{"href":"https:\/\/noticiasnoface.com.br\/index.php\/wp-json\/wp\/v2\/media?parent=11407"}],"wp:term":[{"taxonomy":"category","embeddable":true,"href":"https:\/\/noticiasnoface.com.br\/index.php\/wp-json\/wp\/v2\/categories?post=11407"},{"taxonomy":"post_tag","embeddable":true,"href":"https:\/\/noticiasnoface.com.br\/index.php\/wp-json\/wp\/v2\/tags?post=11407"}],"curies":[{"name":"wp","href":"https:\/\/api.w.org\/{rel}","templated":true}]}}