{"id":11413,"date":"2022-10-03T08:52:16","date_gmt":"2022-10-03T11:52:16","guid":{"rendered":"https:\/\/noticiasnoface.com.br\/?p=11413"},"modified":"2022-10-03T08:52:16","modified_gmt":"2022-10-03T11:52:16","slug":"forte-cassado-gabriel-monteiro-elege-o-pai-e-a-irma","status":"publish","type":"post","link":"https:\/\/noticiasnoface.com.br\/index.php\/2022\/10\/03\/forte-cassado-gabriel-monteiro-elege-o-pai-e-a-irma\/","title":{"rendered":"Forte-Cassado Gabriel Monteiro elege o pai e a irm\u00e3!"},"content":{"rendered":"\n<figure class=\"wp-block-image size-large\"><img data-opt-id=537669347  fetchpriority=\"high\" decoding=\"async\" width=\"300\" height=\"169\" src=\"https:\/\/mlbfrsat7ahr.i.optimole.com\/w:300\/h:169\/q:mauto\/ig:avif\/https:\/\/noticiasnoface.com.br\/wp-content\/uploads\/2022\/10\/img_4448.jpg\" class=\"wp-image-11412\" srcset=\"https:\/\/mlbfrsat7ahr.i.optimole.com\/w:300\/h:169\/q:mauto\/ig:avif\/https:\/\/noticiasnoface.com.br\/wp-content\/uploads\/2022\/10\/img_4448.jpg 300w, https:\/\/mlbfrsat7ahr.i.optimole.com\/w:488\/h:275\/q:mauto\/ig:avif\/https:\/\/noticiasnoface.com.br\/wp-content\/uploads\/2022\/10\/img_4448.jpg 488w\" sizes=\"(max-width: 300px) 100vw, 300px\" \/><figcaption class=\"wp-element-caption\">Cassado pela C\u00e2mara do Rio, o ex-vereador Gabriel Monteiro renunciou sua candidatura a deputado federal ap\u00f3s o Tribunal Regional Eleitoral (TRE-RJ) indeferir a participa\u00e7\u00e3o do youtuber nas elei\u00e7\u00f5es 2022 e voltou as energias para eleger a fam\u00edlia. Monteiro era visto como um forte puxador de votos para o PL e, por isso, emplacou rapidamente seu pai, Roberto Monteiro, na nominata como seu substituto.<br><br>A campanha para deputado federal foi quase conjunta, sempre com a presen\u00e7a de Monteiro e frases no plural. A estrat\u00e9gia parece ter dado muito certo, j\u00e1 que Roberto Monteiro pai ser\u00e1 eleito com mais de 78 mil votos, sendo o sexto mais votado do PL.<br>A irm\u00e3 do ex-PM, Giselle Monteiro, candidata a uma vaga na Assembleia Legislativa do Rio (Alerj), tamb\u00e9m j\u00e1 era uma aposta do partido desde o in\u00edcio da pr\u00e9-campanha. Assim como o pai, ela contou com a presen\u00e7a massiva de Gabriel nas pe\u00e7as de campanha, e ser\u00e1 eleita com mais de 83 mil votos, sendo a sexta mais votada do PL para a Alerj.<br><br><br>O ex-vereador foi cassado em sess\u00e3o do dia 18 de agosto da C\u00e2mara Municipal do Rio por quebra de decoro parlamentar por causa de acusa\u00e7\u00f5es de estupro, ass\u00e9dio sexual e v\u00eddeos forjados para a internet.<\/figcaption><\/figure>\n","protected":false},"excerpt":{"rendered":"","protected":false},"author":1,"featured_media":0,"comment_status":"open","ping_status":"open","sticky":false,"template":"","format":"standard","meta":{"site-sidebar-layout":"default","site-content-layout":"","ast-site-content-layout":"default","site-content-style":"default","site-sidebar-style":"default","ast-global-header-display":"","ast-banner-title-visibility":"","ast-main-header-display":"","ast-hfb-above-header-display":"","ast-hfb-below-header-display":"","ast-hfb-mobile-header-display":"","site-post-title":"","ast-breadcrumbs-content":"","ast-featured-img":"","footer-sml-layout":"","ast-disable-related-posts":"","theme-transparent-header-meta":"","adv-header-id-meta":"","stick-header-meta":"","header-above-stick-meta":"","header-main-stick-meta":"","header-below-stick-meta":"","astra-migrate-meta-layouts":"default","ast-page-background-enabled":"default","ast-page-background-meta":{"desktop":{"background-color":"var(--ast-global-color-4)","background-image":"","background-repeat":"repeat","background-position":"center center","background-size":"auto","background-attachment":"scroll","background-type":"","background-media":"","overlay-type":"","overlay-color":"","overlay-opacity":"","overlay-gradient":""},"tablet":{"background-color":"","background-image":"","background-repeat":"repeat","background-position":"center center","background-size":"auto","background-attachment":"scroll","background-type":"","background-media":"","overlay-type":"","overlay-color":"","overlay-opacity":"","overlay-gradient":""},"mobile":{"background-color":"","background-image":"","background-repeat":"repeat","background-position":"center center","background-size":"auto","background-attachment":"scroll","background-type":"","background-media":"","overlay-type":"","overlay-color":"","overlay-opacity":"","overlay-gradient":""}},"ast-content-background-meta":{"desktop":{"background-color":"var(--ast-global-color-5)","background-image":"","background-repeat":"repeat","background-position":"center center","background-size":"auto","background-attachment":"scroll","background-type":"","background-media":"","overlay-type":"","overlay-color":"","overlay-opacity":"","overlay-gradient":""},"tablet":{"background-color":"var(--ast-global-color-5)","background-image":"","background-repeat":"repeat","background-position":"center center","background-size":"auto","background-attachment":"scroll","background-type":"","background-media":"","overlay-type":"","overlay-color":"","overlay-opacity":"","overlay-gradient":""},"mobile":{"background-color":"var(--ast-global-color-5)","background-image":"","background-repeat":"repeat","background-position":"center center","background-size":"auto","background-attachment":"scroll","background-type":"","background-media":"","overlay-type":"","overlay-color":"","overlay-opacity":"","overlay-gradient":""}},"footnotes":""},"categories":[517],"tags":[650,317,192,865,50,22,742,743],"class_list":["post-11413","post","type-post","status-publish","format-standard","hentry","category-aconteceu","tag-cassado","tag-eleicoes","tag-eleicoes-2022","tag-gabriel-monteiro","tag-noticias-do-face","tag-noticias-no-face","tag-youtube","tag-youtuber"],"_links":{"self":[{"href":"https:\/\/noticiasnoface.com.br\/index.php\/wp-json\/wp\/v2\/posts\/11413","targetHints":{"allow":["GET"]}}],"collection":[{"href":"https:\/\/noticiasnoface.com.br\/index.php\/wp-json\/wp\/v2\/posts"}],"about":[{"href":"https:\/\/noticiasnoface.com.br\/index.php\/wp-json\/wp\/v2\/types\/post"}],"author":[{"embeddable":true,"href":"https:\/\/noticiasnoface.com.br\/index.php\/wp-json\/wp\/v2\/users\/1"}],"replies":[{"embeddable":true,"href":"https:\/\/noticiasnoface.com.br\/index.php\/wp-json\/wp\/v2\/comments?post=11413"}],"version-history":[{"count":1,"href":"https:\/\/noticiasnoface.com.br\/index.php\/wp-json\/wp\/v2\/posts\/11413\/revisions"}],"predecessor-version":[{"id":11414,"href":"https:\/\/noticiasnoface.com.br\/index.php\/wp-json\/wp\/v2\/posts\/11413\/revisions\/11414"}],"wp:attachment":[{"href":"https:\/\/noticiasnoface.com.br\/index.php\/wp-json\/wp\/v2\/media?parent=11413"}],"wp:term":[{"taxonomy":"category","embeddable":true,"href":"https:\/\/noticiasnoface.com.br\/index.php\/wp-json\/wp\/v2\/categories?post=11413"},{"taxonomy":"post_tag","embeddable":true,"href":"https:\/\/noticiasnoface.com.br\/index.php\/wp-json\/wp\/v2\/tags?post=11413"}],"curies":[{"name":"wp","href":"https:\/\/api.w.org\/{rel}","templated":true}]}}