{"id":11416,"date":"2022-10-03T10:49:55","date_gmt":"2022-10-03T13:49:55","guid":{"rendered":"https:\/\/noticiasnoface.com.br\/?p=11416"},"modified":"2022-10-03T10:49:56","modified_gmt":"2022-10-03T13:49:56","slug":"mulher-morre-ao-cair-da-carroceria-de-um-carro-em-carreata","status":"publish","type":"post","link":"https:\/\/noticiasnoface.com.br\/index.php\/2022\/10\/03\/mulher-morre-ao-cair-da-carroceria-de-um-carro-em-carreata\/","title":{"rendered":"Mulher morre ao cair da carroceria de um carro em carreata"},"content":{"rendered":"\n<figure class=\"wp-block-image size-large\"><img data-opt-id=974022562  fetchpriority=\"high\" decoding=\"async\" width=\"289\" height=\"300\" src=\"https:\/\/mlbfrsat7ahr.i.optimole.com\/w:289\/h:300\/q:mauto\/ig:avif\/https:\/\/noticiasnoface.com.br\/wp-content\/uploads\/2022\/10\/img_4449.jpg\" class=\"wp-image-11415\" srcset=\"https:\/\/mlbfrsat7ahr.i.optimole.com\/w:289\/h:300\/q:mauto\/ig:avif\/https:\/\/noticiasnoface.com.br\/wp-content\/uploads\/2022\/10\/img_4449.jpg 289w, https:\/\/mlbfrsat7ahr.i.optimole.com\/w:768\/h:796\/q:mauto\/ig:avif\/https:\/\/noticiasnoface.com.br\/wp-content\/uploads\/2022\/10\/img_4449.jpg 768w, https:\/\/mlbfrsat7ahr.i.optimole.com\/w:926\/h:960\/q:mauto\/ig:avif\/https:\/\/noticiasnoface.com.br\/wp-content\/uploads\/2022\/10\/img_4449.jpg 926w\" sizes=\"(max-width: 289px) 100vw, 289px\" \/><figcaption class=\"wp-element-caption\"> Uma mulher de 23 anos morreu enquanto participava de uma carreata pol\u00edtica na capital do Acre, Rio Branco. Durante o ato a favor da reelei\u00e7\u00e3o do governador Gladson Cameli (PP), a v\u00edtima identificada como Kevysla Costa Fernandes, caiu do ve\u00edculo onde estava.<br>O acidente aconteceu no bairro da Paz, em Rio Branco, na tarde desta sexta-feira (30), a menos de dois dias do primeiro turno das elei\u00e7\u00f5es. Kevysla era administradora e residia na capital acreana.<br>A ocorr\u00eancia policial relata que a jovem participava da carreata na carroceria de um carro e, ap\u00f3s se abaixar para pegar um telefone, se desequilibrou e caiu do ve\u00edculo em movimento.<br>Na queda, ela bateu a cabe\u00e7a e veio a \u00f3bito. O Samu (Servi\u00e7o de Atendimento M\u00f3vel de Urg\u00eancia) foi acionado para prestar atendimento a administradora, mas ao chegar na ocorr\u00eancia, os socorristas apenas puderam constatar a morte da v\u00edtima ainda no local do acidente.<br>A \u00e1rea foi isolada e a motorista que conduzia o ve\u00edculo no momento do acidente foi direcionada \u00e0 Delegacia de Flagrantes, onde prestou depoimento e foi liberada em seguida. A Coliga\u00e7\u00e3o Avan\u00e7ar Para Fazer Mais, do governador do Acre, usou as redes sociais para publicar uma nota de pesar sobre a morte da jovem.<br><br>Kevysla Costa Fernandes morreu em carreata pol\u00edtica; mulher caiu do ve\u00edculo onde estava (Reprodu\u00e7\u00e3o)<br>\u201cDiante do lament\u00e1vel acontecimento envolvendo a jovem Kevysla Costa Fernandes, a Coliga\u00e7\u00e3o Avan\u00e7ar para Fazer Mais vem a p\u00fablico expressar sua consterna\u00e7\u00e3o com o ocorrido e solidariedade com toda a fam\u00edlia e amigos\u201d, diz o posicionamento.<br>A nota afirma ainda que Kevysla era atuante na organiza\u00e7\u00e3o da campanha e sua morte foi bastante lamentada nas redes sociais por familiares, amigos e apoiadores pol\u00edticos.<br>Ap\u00f3s a trag\u00e9dia, todas as atividades de campanha foram suspensas \u201cem respeito ao luto\u201d, de acordo com o comunicado da campanha do governador, e todo o suporte necess\u00e1rio dever\u00e1 ser oferecido \u00e0 fam\u00edlia da jovem.<\/figcaption><\/figure>\n","protected":false},"excerpt":{"rendered":"","protected":false},"author":1,"featured_media":0,"comment_status":"open","ping_status":"open","sticky":false,"template":"","format":"standard","meta":{"site-sidebar-layout":"default","site-content-layout":"","ast-site-content-layout":"default","site-content-style":"default","site-sidebar-style":"default","ast-global-header-display":"","ast-banner-title-visibility":"","ast-main-header-display":"","ast-hfb-above-header-display":"","ast-hfb-below-header-display":"","ast-hfb-mobile-header-display":"","site-post-title":"","ast-breadcrumbs-content":"","ast-featured-img":"","footer-sml-layout":"","ast-disable-related-posts":"","theme-transparent-header-meta":"","adv-header-id-meta":"","stick-header-meta":"","header-above-stick-meta":"","header-main-stick-meta":"","header-below-stick-meta":"","astra-migrate-meta-layouts":"default","ast-page-background-enabled":"default","ast-page-background-meta":{"desktop":{"background-color":"var(--ast-global-color-4)","background-image":"","background-repeat":"repeat","background-position":"center center","background-size":"auto","background-attachment":"scroll","background-type":"","background-media":"","overlay-type":"","overlay-color":"","overlay-opacity":"","overlay-gradient":""},"tablet":{"background-color":"","background-image":"","background-repeat":"repeat","background-position":"center center","background-size":"auto","background-attachment":"scroll","background-type":"","background-media":"","overlay-type":"","overlay-color":"","overlay-opacity":"","overlay-gradient":""},"mobile":{"background-color":"","background-image":"","background-repeat":"repeat","background-position":"center center","background-size":"auto","background-attachment":"scroll","background-type":"","background-media":"","overlay-type":"","overlay-color":"","overlay-opacity":"","overlay-gradient":""}},"ast-content-background-meta":{"desktop":{"background-color":"var(--ast-global-color-5)","background-image":"","background-repeat":"repeat","background-position":"center center","background-size":"auto","background-attachment":"scroll","background-type":"","background-media":"","overlay-type":"","overlay-color":"","overlay-opacity":"","overlay-gradient":""},"tablet":{"background-color":"var(--ast-global-color-5)","background-image":"","background-repeat":"repeat","background-position":"center center","background-size":"auto","background-attachment":"scroll","background-type":"","background-media":"","overlay-type":"","overlay-color":"","overlay-opacity":"","overlay-gradient":""},"mobile":{"background-color":"var(--ast-global-color-5)","background-image":"","background-repeat":"repeat","background-position":"center center","background-size":"auto","background-attachment":"scroll","background-type":"","background-media":"","overlay-type":"","overlay-color":"","overlay-opacity":"","overlay-gradient":""}},"footnotes":""},"categories":[517],"tags":[1856,1857,261,801,722,50,22,199],"class_list":["post-11416","post","type-post","status-publish","format-standard","hentry","category-aconteceu","tag-caiu","tag-carreata","tag-carro","tag-morreu","tag-mulher","tag-noticias-do-face","tag-noticias-no-face","tag-noticiasnoface"],"_links":{"self":[{"href":"https:\/\/noticiasnoface.com.br\/index.php\/wp-json\/wp\/v2\/posts\/11416","targetHints":{"allow":["GET"]}}],"collection":[{"href":"https:\/\/noticiasnoface.com.br\/index.php\/wp-json\/wp\/v2\/posts"}],"about":[{"href":"https:\/\/noticiasnoface.com.br\/index.php\/wp-json\/wp\/v2\/types\/post"}],"author":[{"embeddable":true,"href":"https:\/\/noticiasnoface.com.br\/index.php\/wp-json\/wp\/v2\/users\/1"}],"replies":[{"embeddable":true,"href":"https:\/\/noticiasnoface.com.br\/index.php\/wp-json\/wp\/v2\/comments?post=11416"}],"version-history":[{"count":1,"href":"https:\/\/noticiasnoface.com.br\/index.php\/wp-json\/wp\/v2\/posts\/11416\/revisions"}],"predecessor-version":[{"id":11417,"href":"https:\/\/noticiasnoface.com.br\/index.php\/wp-json\/wp\/v2\/posts\/11416\/revisions\/11417"}],"wp:attachment":[{"href":"https:\/\/noticiasnoface.com.br\/index.php\/wp-json\/wp\/v2\/media?parent=11416"}],"wp:term":[{"taxonomy":"category","embeddable":true,"href":"https:\/\/noticiasnoface.com.br\/index.php\/wp-json\/wp\/v2\/categories?post=11416"},{"taxonomy":"post_tag","embeddable":true,"href":"https:\/\/noticiasnoface.com.br\/index.php\/wp-json\/wp\/v2\/tags?post=11416"}],"curies":[{"name":"wp","href":"https:\/\/api.w.org\/{rel}","templated":true}]}}