{"id":11419,"date":"2022-10-03T13:26:05","date_gmt":"2022-10-03T16:26:05","guid":{"rendered":"https:\/\/noticiasnoface.com.br\/?p=11419"},"modified":"2022-10-03T13:34:11","modified_gmt":"2022-10-03T16:34:11","slug":"segurancas-da-governadora-tem-celular-roubado-na-comemoracao-da-vitoria","status":"publish","type":"post","link":"https:\/\/noticiasnoface.com.br\/index.php\/2022\/10\/03\/segurancas-da-governadora-tem-celular-roubado-na-comemoracao-da-vitoria\/","title":{"rendered":"Seguran\u00e7as da governadora tem celular roubado na comemora\u00e7\u00e3o da vit\u00f3ria"},"content":{"rendered":"\n<figure class=\"wp-block-image size-large\"><img data-opt-id=399308978  fetchpriority=\"high\" decoding=\"async\" width=\"1024\" height=\"984\" src=\"https:\/\/mlbfrsat7ahr.i.optimole.com\/w:1024\/h:984\/q:mauto\/ig:avif\/https:\/\/noticiasnoface.com.br\/wp-content\/uploads\/2022\/10\/img_4454.jpg\" alt=\"\" class=\"wp-image-11418\" srcset=\"https:\/\/mlbfrsat7ahr.i.optimole.com\/w:1024\/h:984\/q:mauto\/ig:avif\/https:\/\/noticiasnoface.com.br\/wp-content\/uploads\/2022\/10\/img_4454.jpg 1024w, https:\/\/mlbfrsat7ahr.i.optimole.com\/w:300\/h:288\/q:mauto\/ig:avif\/https:\/\/noticiasnoface.com.br\/wp-content\/uploads\/2022\/10\/img_4454.jpg 300w, https:\/\/mlbfrsat7ahr.i.optimole.com\/w:768\/h:738\/q:mauto\/ig:avif\/https:\/\/noticiasnoface.com.br\/wp-content\/uploads\/2022\/10\/img_4454.jpg 768w, https:\/\/mlbfrsat7ahr.i.optimole.com\/w:1124\/h:1080\/q:mauto\/ig:avif\/https:\/\/noticiasnoface.com.br\/wp-content\/uploads\/2022\/10\/img_4454.jpg 1242w\" sizes=\"(max-width: 1000px) 100vw, 1000px\" \/><figcaption class=\"wp-element-caption\">Um amigo meu que tava ontem trabalhando na comemora\u00e7\u00e3o da governadora em ponta negra, relatou que pasmem, quando ela desceu do trio e foi caminhar no meio da milit\u00e2ncia, 3 dos seus seguran\u00e7as, 2 sargentos e 1 cabo, tiveram seus celulares furtados no meio do povo. O cabo procurou uma patrulha e relatou o furto, exigindo provid\u00eancias. Ele ouviu do CMT da patrulha que ele estava simplesmente colhendo o que plantou. Os seguran\u00e7as pegaram os nomes dos militares e amea\u00e7aram dizendo que a governadora iria tomar provid\u00eancias.<\/figcaption><\/figure>\n","protected":false},"excerpt":{"rendered":"","protected":false},"author":1,"featured_media":0,"comment_status":"open","ping_status":"open","sticky":false,"template":"","format":"standard","meta":{"site-sidebar-layout":"default","site-content-layout":"","ast-site-content-layout":"default","site-content-style":"default","site-sidebar-style":"default","ast-global-header-display":"","ast-banner-title-visibility":"","ast-main-header-display":"","ast-hfb-above-header-display":"","ast-hfb-below-header-display":"","ast-hfb-mobile-header-display":"","site-post-title":"","ast-breadcrumbs-content":"","ast-featured-img":"","footer-sml-layout":"","ast-disable-related-posts":"","theme-transparent-header-meta":"","adv-header-id-meta":"","stick-header-meta":"","header-above-stick-meta":"","header-main-stick-meta":"","header-below-stick-meta":"","astra-migrate-meta-layouts":"default","ast-page-background-enabled":"default","ast-page-background-meta":{"desktop":{"background-color":"var(--ast-global-color-4)","background-image":"","background-repeat":"repeat","background-position":"center center","background-size":"auto","background-attachment":"scroll","background-type":"","background-media":"","overlay-type":"","overlay-color":"","overlay-opacity":"","overlay-gradient":""},"tablet":{"background-color":"","background-image":"","background-repeat":"repeat","background-position":"center center","background-size":"auto","background-attachment":"scroll","background-type":"","background-media":"","overlay-type":"","overlay-color":"","overlay-opacity":"","overlay-gradient":""},"mobile":{"background-color":"","background-image":"","background-repeat":"repeat","background-position":"center center","background-size":"auto","background-attachment":"scroll","background-type":"","background-media":"","overlay-type":"","overlay-color":"","overlay-opacity":"","overlay-gradient":""}},"ast-content-background-meta":{"desktop":{"background-color":"var(--ast-global-color-5)","background-image":"","background-repeat":"repeat","background-position":"center center","background-size":"auto","background-attachment":"scroll","background-type":"","background-media":"","overlay-type":"","overlay-color":"","overlay-opacity":"","overlay-gradient":""},"tablet":{"background-color":"var(--ast-global-color-5)","background-image":"","background-repeat":"repeat","background-position":"center center","background-size":"auto","background-attachment":"scroll","background-type":"","background-media":"","overlay-type":"","overlay-color":"","overlay-opacity":"","overlay-gradient":""},"mobile":{"background-color":"var(--ast-global-color-5)","background-image":"","background-repeat":"repeat","background-position":"center center","background-size":"auto","background-attachment":"scroll","background-type":"","background-media":"","overlay-type":"","overlay-color":"","overlay-opacity":"","overlay-gradient":""}},"footnotes":""},"categories":[517],"tags":[406,630,352,1227,1342,50,90,981],"class_list":["post-11419","post","type-post","status-publish","format-standard","hentry","category-aconteceu","tag-celular","tag-fatima-bezerra","tag-governadora","tag-not","tag-not-icias-do-face","tag-noticias-do-face","tag-partido-dos-trabalhadores","tag-roubado"],"_links":{"self":[{"href":"https:\/\/noticiasnoface.com.br\/index.php\/wp-json\/wp\/v2\/posts\/11419","targetHints":{"allow":["GET"]}}],"collection":[{"href":"https:\/\/noticiasnoface.com.br\/index.php\/wp-json\/wp\/v2\/posts"}],"about":[{"href":"https:\/\/noticiasnoface.com.br\/index.php\/wp-json\/wp\/v2\/types\/post"}],"author":[{"embeddable":true,"href":"https:\/\/noticiasnoface.com.br\/index.php\/wp-json\/wp\/v2\/users\/1"}],"replies":[{"embeddable":true,"href":"https:\/\/noticiasnoface.com.br\/index.php\/wp-json\/wp\/v2\/comments?post=11419"}],"version-history":[{"count":2,"href":"https:\/\/noticiasnoface.com.br\/index.php\/wp-json\/wp\/v2\/posts\/11419\/revisions"}],"predecessor-version":[{"id":11422,"href":"https:\/\/noticiasnoface.com.br\/index.php\/wp-json\/wp\/v2\/posts\/11419\/revisions\/11422"}],"wp:attachment":[{"href":"https:\/\/noticiasnoface.com.br\/index.php\/wp-json\/wp\/v2\/media?parent=11419"}],"wp:term":[{"taxonomy":"category","embeddable":true,"href":"https:\/\/noticiasnoface.com.br\/index.php\/wp-json\/wp\/v2\/categories?post=11419"},{"taxonomy":"post_tag","embeddable":true,"href":"https:\/\/noticiasnoface.com.br\/index.php\/wp-json\/wp\/v2\/tags?post=11419"}],"curies":[{"name":"wp","href":"https:\/\/api.w.org\/{rel}","templated":true}]}}