{"id":11429,"date":"2022-10-04T07:24:24","date_gmt":"2022-10-04T10:24:24","guid":{"rendered":"https:\/\/noticiasnoface.com.br\/?p=11429"},"modified":"2022-10-04T07:24:25","modified_gmt":"2022-10-04T10:24:25","slug":"bolsonaro-elege-a-maior-bancada-de-direita-nos-ultimos-24-anos-99-deputados","status":"publish","type":"post","link":"https:\/\/noticiasnoface.com.br\/index.php\/2022\/10\/04\/bolsonaro-elege-a-maior-bancada-de-direita-nos-ultimos-24-anos-99-deputados\/","title":{"rendered":"Bolsonaro elege a maior bancada de direita nos \u00faltimos 24 anos, 99 deputados"},"content":{"rendered":"\n<figure class=\"wp-block-image size-large\"><img data-opt-id=1378638550  fetchpriority=\"high\" decoding=\"async\" width=\"1024\" height=\"558\" src=\"https:\/\/mlbfrsat7ahr.i.optimole.com\/w:1024\/h:558\/q:mauto\/ig:avif\/https:\/\/noticiasnoface.com.br\/wp-content\/uploads\/2022\/10\/img_4469.jpg\" class=\"wp-image-11428\" srcset=\"https:\/\/mlbfrsat7ahr.i.optimole.com\/w:1024\/h:558\/q:mauto\/ig:avif\/https:\/\/noticiasnoface.com.br\/wp-content\/uploads\/2022\/10\/img_4469.jpg 1024w, https:\/\/mlbfrsat7ahr.i.optimole.com\/w:300\/h:164\/q:mauto\/ig:avif\/https:\/\/noticiasnoface.com.br\/wp-content\/uploads\/2022\/10\/img_4469.jpg 300w, https:\/\/mlbfrsat7ahr.i.optimole.com\/w:768\/h:419\/q:mauto\/ig:avif\/https:\/\/noticiasnoface.com.br\/wp-content\/uploads\/2022\/10\/img_4469.jpg 768w, https:\/\/mlbfrsat7ahr.i.optimole.com\/w:1080\/h:589\/q:mauto\/ig:avif\/https:\/\/noticiasnoface.com.br\/wp-content\/uploads\/2022\/10\/img_4469.jpg 1080w\" sizes=\"(max-width: 1000px) 100vw, 1000px\" \/><figcaption class=\"wp-element-caption\">Desempenho supera as proje\u00e7\u00f5es para siglas como Uni\u00e3o Brasil (57), PP (47), MDB (42) e PSD (40), e \u00e9 mais uma demonstra\u00e7\u00e3o de for\u00e7a do atual presidente<br><br>O Partido Liberal, sigla do presidente Jair Bolsonaro, candidato \u00e0 reelei\u00e7\u00e3o, elegeu a maior bancada da C\u00e2mara dos Deputados para a pr\u00f3xima legislatura. At\u00e9 a manh\u00e3 desta segunda-feira (3), os resultados parciais da apura\u00e7\u00e3o indicavam que a legenda ter\u00e1 algo em torno de 99 representantes na casa legislativa, o que equivale a 19% dos 513 assentos.<br><br>O desempenho supera as proje\u00e7\u00f5es para siglas como Uni\u00e3o Brasil (57) \u2013 resultado da fus\u00e3o entre Democratas e PSL \u2013, PP (47), MDB (42) e PSD (40), e \u00e9 mais uma demonstra\u00e7\u00e3o de for\u00e7a do bolsonarismo na disputa. A avalia\u00e7\u00e3o de especialistas \u00e9 que, independentemente do resultado da corrida presidencial, o grupo ser\u00e1 protagonista no processo pol\u00edtico a partir de 2023.<\/figcaption><\/figure>\n","protected":false},"excerpt":{"rendered":"","protected":false},"author":1,"featured_media":0,"comment_status":"open","ping_status":"open","sticky":false,"template":"","format":"standard","meta":{"site-sidebar-layout":"default","site-content-layout":"","ast-site-content-layout":"default","site-content-style":"default","site-sidebar-style":"default","ast-global-header-display":"","ast-banner-title-visibility":"","ast-main-header-display":"","ast-hfb-above-header-display":"","ast-hfb-below-header-display":"","ast-hfb-mobile-header-display":"","site-post-title":"","ast-breadcrumbs-content":"","ast-featured-img":"","footer-sml-layout":"","ast-disable-related-posts":"","theme-transparent-header-meta":"","adv-header-id-meta":"","stick-header-meta":"","header-above-stick-meta":"","header-main-stick-meta":"","header-below-stick-meta":"","astra-migrate-meta-layouts":"default","ast-page-background-enabled":"default","ast-page-background-meta":{"desktop":{"background-color":"var(--ast-global-color-4)","background-image":"","background-repeat":"repeat","background-position":"center center","background-size":"auto","background-attachment":"scroll","background-type":"","background-media":"","overlay-type":"","overlay-color":"","overlay-opacity":"","overlay-gradient":""},"tablet":{"background-color":"","background-image":"","background-repeat":"repeat","background-position":"center center","background-size":"auto","background-attachment":"scroll","background-type":"","background-media":"","overlay-type":"","overlay-color":"","overlay-opacity":"","overlay-gradient":""},"mobile":{"background-color":"","background-image":"","background-repeat":"repeat","background-position":"center center","background-size":"auto","background-attachment":"scroll","background-type":"","background-media":"","overlay-type":"","overlay-color":"","overlay-opacity":"","overlay-gradient":""}},"ast-content-background-meta":{"desktop":{"background-color":"var(--ast-global-color-5)","background-image":"","background-repeat":"repeat","background-position":"center center","background-size":"auto","background-attachment":"scroll","background-type":"","background-media":"","overlay-type":"","overlay-color":"","overlay-opacity":"","overlay-gradient":""},"tablet":{"background-color":"var(--ast-global-color-5)","background-image":"","background-repeat":"repeat","background-position":"center center","background-size":"auto","background-attachment":"scroll","background-type":"","background-media":"","overlay-type":"","overlay-color":"","overlay-opacity":"","overlay-gradient":""},"mobile":{"background-color":"var(--ast-global-color-5)","background-image":"","background-repeat":"repeat","background-position":"center center","background-size":"auto","background-attachment":"scroll","background-type":"","background-media":"","overlay-type":"","overlay-color":"","overlay-opacity":"","overlay-gradient":""}},"footnotes":""},"categories":[408],"tags":[1859,8,403,395,223,50,22,199],"class_list":["post-11429","post","type-post","status-publish","format-standard","hentry","category-congresso-nacional","tag-bancada","tag-bolsonaro","tag-congresso","tag-congresso-nacional","tag-direita","tag-noticias-do-face","tag-noticias-no-face","tag-noticiasnoface"],"_links":{"self":[{"href":"https:\/\/noticiasnoface.com.br\/index.php\/wp-json\/wp\/v2\/posts\/11429","targetHints":{"allow":["GET"]}}],"collection":[{"href":"https:\/\/noticiasnoface.com.br\/index.php\/wp-json\/wp\/v2\/posts"}],"about":[{"href":"https:\/\/noticiasnoface.com.br\/index.php\/wp-json\/wp\/v2\/types\/post"}],"author":[{"embeddable":true,"href":"https:\/\/noticiasnoface.com.br\/index.php\/wp-json\/wp\/v2\/users\/1"}],"replies":[{"embeddable":true,"href":"https:\/\/noticiasnoface.com.br\/index.php\/wp-json\/wp\/v2\/comments?post=11429"}],"version-history":[{"count":1,"href":"https:\/\/noticiasnoface.com.br\/index.php\/wp-json\/wp\/v2\/posts\/11429\/revisions"}],"predecessor-version":[{"id":11430,"href":"https:\/\/noticiasnoface.com.br\/index.php\/wp-json\/wp\/v2\/posts\/11429\/revisions\/11430"}],"wp:attachment":[{"href":"https:\/\/noticiasnoface.com.br\/index.php\/wp-json\/wp\/v2\/media?parent=11429"}],"wp:term":[{"taxonomy":"category","embeddable":true,"href":"https:\/\/noticiasnoface.com.br\/index.php\/wp-json\/wp\/v2\/categories?post=11429"},{"taxonomy":"post_tag","embeddable":true,"href":"https:\/\/noticiasnoface.com.br\/index.php\/wp-json\/wp\/v2\/tags?post=11429"}],"curies":[{"name":"wp","href":"https:\/\/api.w.org\/{rel}","templated":true}]}}