{"id":11432,"date":"2022-10-04T08:22:43","date_gmt":"2022-10-04T11:22:43","guid":{"rendered":"https:\/\/noticiasnoface.com.br\/?p=11432"},"modified":"2022-10-04T08:22:44","modified_gmt":"2022-10-04T11:22:44","slug":"homem-morre-em-acidente-de-moto-e-policial-da-ocorrencia-descobre-que-a-vitima-e-o-seu-irmao","status":"publish","type":"post","link":"https:\/\/noticiasnoface.com.br\/index.php\/2022\/10\/04\/homem-morre-em-acidente-de-moto-e-policial-da-ocorrencia-descobre-que-a-vitima-e-o-seu-irmao\/","title":{"rendered":"Homem morre em acidente de moto e pol\u00edcial da ocorr\u00eancia descobre que a v\u00edtima \u00e9 o seu irm\u00e3o"},"content":{"rendered":"\n<figure class=\"wp-block-image size-large\"><img data-opt-id=561692183  fetchpriority=\"high\" decoding=\"async\" width=\"300\" height=\"168\" src=\"https:\/\/mlbfrsat7ahr.i.optimole.com\/w:300\/h:168\/q:mauto\/ig:avif\/https:\/\/noticiasnoface.com.br\/wp-content\/uploads\/2022\/10\/img_4470.jpg\" class=\"wp-image-11431\" srcset=\"https:\/\/mlbfrsat7ahr.i.optimole.com\/w:300\/h:168\/q:mauto\/ig:avif\/https:\/\/noticiasnoface.com.br\/wp-content\/uploads\/2022\/10\/img_4470.jpg 300w, https:\/\/mlbfrsat7ahr.i.optimole.com\/w:645\/h:361\/q:mauto\/ig:avif\/https:\/\/noticiasnoface.com.br\/wp-content\/uploads\/2022\/10\/img_4470.jpg 645w\" sizes=\"(max-width: 300px) 100vw, 300px\" \/><figcaption class=\"wp-element-caption\">Um homem morreu ap\u00f3s perder o controle da motocicleta que pilotava e bater em uma \u00e1rvore no canteiro central de uma rua em Mossor\u00f3, na Regi\u00e3o Oeste do Rio Grande do Norte. A Companhia de Pol\u00edcia Rodovi\u00e1ria Estadual (CPRE) foi acionada e um dos policiais chamados para ocorr\u00eancia descobriu que a v\u00edtima era o pr\u00f3prio irm\u00e3o.<br><ins class=\"adsbygoogle\">A v\u00edtima foi identificada como Ant\u00f4nio Carlito de Oliveira, de 30 anos, irm\u00e3o do sargento Solano, policial que foi acionado para a ocorr\u00eancia.<br>V\u00eddeos de c\u00e2meras de seguran\u00e7a registraram o acidente no local<em>. <\/em>O acidente aconteceu neste domingo, na Rua Marinha Mendes, no bairro Alto de S\u00e3o Manoel.<br>Na moto, havia ainda um passageiro, que foi levado ao Hospital Regional Tarc\u00edsio Maia em estado grave ap\u00f3s a colis\u00e3o.<br>Ant\u00f4nio Carlito de Oliveira foi sepultado no fim da manh\u00e3 desta segunda-feira (3) sob como\u00e7\u00e3o de amigos e familiares que compareceram ao cemit\u00e9rio.<br><em>Fonte: g1RN<\/em><br><ins class=\"adsbygoogle\"><br><\/ins><\/ins><\/figcaption><\/figure>\n","protected":false},"excerpt":{"rendered":"","protected":false},"author":1,"featured_media":0,"comment_status":"open","ping_status":"open","sticky":false,"template":"","format":"standard","meta":{"site-sidebar-layout":"default","site-content-layout":"","ast-site-content-layout":"default","site-content-style":"default","site-sidebar-style":"default","ast-global-header-display":"","ast-banner-title-visibility":"","ast-main-header-display":"","ast-hfb-above-header-display":"","ast-hfb-below-header-display":"","ast-hfb-mobile-header-display":"","site-post-title":"","ast-breadcrumbs-content":"","ast-featured-img":"","footer-sml-layout":"","ast-disable-related-posts":"","theme-transparent-header-meta":"","adv-header-id-meta":"","stick-header-meta":"","header-above-stick-meta":"","header-main-stick-meta":"","header-below-stick-meta":"","astra-migrate-meta-layouts":"default","ast-page-background-enabled":"default","ast-page-background-meta":{"desktop":{"background-color":"var(--ast-global-color-4)","background-image":"","background-repeat":"repeat","background-position":"center center","background-size":"auto","background-attachment":"scroll","background-type":"","background-media":"","overlay-type":"","overlay-color":"","overlay-opacity":"","overlay-gradient":""},"tablet":{"background-color":"","background-image":"","background-repeat":"repeat","background-position":"center center","background-size":"auto","background-attachment":"scroll","background-type":"","background-media":"","overlay-type":"","overlay-color":"","overlay-opacity":"","overlay-gradient":""},"mobile":{"background-color":"","background-image":"","background-repeat":"repeat","background-position":"center center","background-size":"auto","background-attachment":"scroll","background-type":"","background-media":"","overlay-type":"","overlay-color":"","overlay-opacity":"","overlay-gradient":""}},"ast-content-background-meta":{"desktop":{"background-color":"var(--ast-global-color-5)","background-image":"","background-repeat":"repeat","background-position":"center center","background-size":"auto","background-attachment":"scroll","background-type":"","background-media":"","overlay-type":"","overlay-color":"","overlay-opacity":"","overlay-gradient":""},"tablet":{"background-color":"var(--ast-global-color-5)","background-image":"","background-repeat":"repeat","background-position":"center center","background-size":"auto","background-attachment":"scroll","background-type":"","background-media":"","overlay-type":"","overlay-color":"","overlay-opacity":"","overlay-gradient":""},"mobile":{"background-color":"var(--ast-global-color-5)","background-image":"","background-repeat":"repeat","background-position":"center center","background-size":"auto","background-attachment":"scroll","background-type":"","background-media":"","overlay-type":"","overlay-color":"","overlay-opacity":"","overlay-gradient":""}},"footnotes":""},"categories":[517],"tags":[831,1522,460,50,22,199,835],"class_list":["post-11432","post","type-post","status-publish","format-standard","hentry","category-aconteceu","tag-acidente","tag-morre","tag-moto","tag-noticias-do-face","tag-noticias-no-face","tag-noticiasnoface","tag-policial"],"_links":{"self":[{"href":"https:\/\/noticiasnoface.com.br\/index.php\/wp-json\/wp\/v2\/posts\/11432","targetHints":{"allow":["GET"]}}],"collection":[{"href":"https:\/\/noticiasnoface.com.br\/index.php\/wp-json\/wp\/v2\/posts"}],"about":[{"href":"https:\/\/noticiasnoface.com.br\/index.php\/wp-json\/wp\/v2\/types\/post"}],"author":[{"embeddable":true,"href":"https:\/\/noticiasnoface.com.br\/index.php\/wp-json\/wp\/v2\/users\/1"}],"replies":[{"embeddable":true,"href":"https:\/\/noticiasnoface.com.br\/index.php\/wp-json\/wp\/v2\/comments?post=11432"}],"version-history":[{"count":1,"href":"https:\/\/noticiasnoface.com.br\/index.php\/wp-json\/wp\/v2\/posts\/11432\/revisions"}],"predecessor-version":[{"id":11433,"href":"https:\/\/noticiasnoface.com.br\/index.php\/wp-json\/wp\/v2\/posts\/11432\/revisions\/11433"}],"wp:attachment":[{"href":"https:\/\/noticiasnoface.com.br\/index.php\/wp-json\/wp\/v2\/media?parent=11432"}],"wp:term":[{"taxonomy":"category","embeddable":true,"href":"https:\/\/noticiasnoface.com.br\/index.php\/wp-json\/wp\/v2\/categories?post=11432"},{"taxonomy":"post_tag","embeddable":true,"href":"https:\/\/noticiasnoface.com.br\/index.php\/wp-json\/wp\/v2\/tags?post=11432"}],"curies":[{"name":"wp","href":"https:\/\/api.w.org\/{rel}","templated":true}]}}