{"id":11474,"date":"2022-10-07T09:17:57","date_gmt":"2022-10-07T12:17:57","guid":{"rendered":"https:\/\/noticiasnoface.com.br\/?p=11474"},"modified":"2022-10-07T09:22:07","modified_gmt":"2022-10-07T12:22:07","slug":"gente-estou-em-new-york-fazendo-compras-depois-falo-sobre-educacao-diz-jornalista-de-esquerda-assistam","status":"publish","type":"post","link":"https:\/\/noticiasnoface.com.br\/index.php\/2022\/10\/07\/gente-estou-em-new-york-fazendo-compras-depois-falo-sobre-educacao-diz-jornalista-de-esquerda-assistam\/","title":{"rendered":"\u201cGente estou em New York fazendo compras depois falo sobre educa\u00e7\u00e3o\u201d, diz jornalista de esquerda, assistam:"},"content":{"rendered":"\n<figure class=\"wp-block-video\"><video height=\"1280\" style=\"aspect-ratio: 592 \/ 1280;\" width=\"592\" controls src=\"https:\/\/noticiasnoface.com.br\/wp-content\/uploads\/2022\/10\/525d6233-9a41-42f3-9acf-5ca4b8735923.mp4\"><\/video><figcaption class=\"wp-element-caption\">A jornalista Gabriela Prioli criou toda sua relev\u00e2ncia no p\u00fablico de extrema-esquerda. Mas toda sua relev\u00e2ncia parece estar desmoronando ap\u00f3s gravar um v\u00eddeo onde se negou de comentar sobre o MEC e a educa\u00e7\u00e3o, pois estava ocupada em Nova York fazendo compras e que precisava relaxar. A milit\u00e2ncia n\u00e3o deixou barato, abriu toda artilharia contra a jornalista que apagou o v\u00eddeo imediatamente das redes sociais. As vezes at\u00e9 demora, mas a m\u00e1scara do socialismo sempre cai, as vezes cai at\u00e9 em Nova York. <\/figcaption><\/figure>\n\n\n\n<figure class=\"wp-block-image size-large\"><img data-opt-id=263971217  fetchpriority=\"high\" decoding=\"async\" width=\"871\" height=\"1024\" src=\"https:\/\/mlbfrsat7ahr.i.optimole.com\/w:871\/h:1024\/q:mauto\/ig:avif\/https:\/\/noticiasnoface.com.br\/wp-content\/uploads\/2022\/10\/img_4668.jpg\" alt=\"\" class=\"wp-image-11473\" srcset=\"https:\/\/mlbfrsat7ahr.i.optimole.com\/w:871\/h:1024\/q:mauto\/ig:avif\/https:\/\/noticiasnoface.com.br\/wp-content\/uploads\/2022\/10\/img_4668.jpg 871w, https:\/\/mlbfrsat7ahr.i.optimole.com\/w:255\/h:300\/q:mauto\/ig:avif\/https:\/\/noticiasnoface.com.br\/wp-content\/uploads\/2022\/10\/img_4668.jpg 255w, https:\/\/mlbfrsat7ahr.i.optimole.com\/w:768\/h:903\/q:mauto\/ig:avif\/https:\/\/noticiasnoface.com.br\/wp-content\/uploads\/2022\/10\/img_4668.jpg 768w, https:\/\/mlbfrsat7ahr.i.optimole.com\/w:918\/h:1080\/q:mauto\/ig:avif\/https:\/\/noticiasnoface.com.br\/wp-content\/uploads\/2022\/10\/img_4668.jpg 1242w\" sizes=\"(max-width: 871px) 100vw, 871px\" \/><figcaption class=\"wp-element-caption\">A jornalista de esquerda disse que n\u00e3o poderia comentar sobre o MEC pois estava em Nova York fazendo compras.  <\/figcaption><\/figure>\n","protected":false},"excerpt":{"rendered":"","protected":false},"author":1,"featured_media":0,"comment_status":"open","ping_status":"open","sticky":false,"template":"","format":"standard","meta":{"site-sidebar-layout":"default","site-content-layout":"","ast-site-content-layout":"default","site-content-style":"default","site-sidebar-style":"default","ast-global-header-display":"","ast-banner-title-visibility":"","ast-main-header-display":"","ast-hfb-above-header-display":"","ast-hfb-below-header-display":"","ast-hfb-mobile-header-display":"","site-post-title":"","ast-breadcrumbs-content":"","ast-featured-img":"","footer-sml-layout":"","ast-disable-related-posts":"","theme-transparent-header-meta":"","adv-header-id-meta":"","stick-header-meta":"","header-above-stick-meta":"","header-main-stick-meta":"","header-below-stick-meta":"","astra-migrate-meta-layouts":"default","ast-page-background-enabled":"default","ast-page-background-meta":{"desktop":{"background-color":"var(--ast-global-color-4)","background-image":"","background-repeat":"repeat","background-position":"center center","background-size":"auto","background-attachment":"scroll","background-type":"","background-media":"","overlay-type":"","overlay-color":"","overlay-opacity":"","overlay-gradient":""},"tablet":{"background-color":"","background-image":"","background-repeat":"repeat","background-position":"center center","background-size":"auto","background-attachment":"scroll","background-type":"","background-media":"","overlay-type":"","overlay-color":"","overlay-opacity":"","overlay-gradient":""},"mobile":{"background-color":"","background-image":"","background-repeat":"repeat","background-position":"center center","background-size":"auto","background-attachment":"scroll","background-type":"","background-media":"","overlay-type":"","overlay-color":"","overlay-opacity":"","overlay-gradient":""}},"ast-content-background-meta":{"desktop":{"background-color":"var(--ast-global-color-5)","background-image":"","background-repeat":"repeat","background-position":"center center","background-size":"auto","background-attachment":"scroll","background-type":"","background-media":"","overlay-type":"","overlay-color":"","overlay-opacity":"","overlay-gradient":""},"tablet":{"background-color":"var(--ast-global-color-5)","background-image":"","background-repeat":"repeat","background-position":"center center","background-size":"auto","background-attachment":"scroll","background-type":"","background-media":"","overlay-type":"","overlay-color":"","overlay-opacity":"","overlay-gradient":""},"mobile":{"background-color":"var(--ast-global-color-5)","background-image":"","background-repeat":"repeat","background-position":"center center","background-size":"auto","background-attachment":"scroll","background-type":"","background-media":"","overlay-type":"","overlay-color":"","overlay-opacity":"","overlay-gradient":""}},"footnotes":""},"categories":[517],"tags":[232,1871,405,287,50,22,199,541],"class_list":["post-11474","post","type-post","status-publish","format-standard","hentry","category-aconteceu","tag-educacao","tag-gabriela-prioli","tag-jornalista","tag-mec","tag-noticias-do-face","tag-noticias-no-face","tag-noticiasnoface","tag-nova-york"],"_links":{"self":[{"href":"https:\/\/noticiasnoface.com.br\/index.php\/wp-json\/wp\/v2\/posts\/11474","targetHints":{"allow":["GET"]}}],"collection":[{"href":"https:\/\/noticiasnoface.com.br\/index.php\/wp-json\/wp\/v2\/posts"}],"about":[{"href":"https:\/\/noticiasnoface.com.br\/index.php\/wp-json\/wp\/v2\/types\/post"}],"author":[{"embeddable":true,"href":"https:\/\/noticiasnoface.com.br\/index.php\/wp-json\/wp\/v2\/users\/1"}],"replies":[{"embeddable":true,"href":"https:\/\/noticiasnoface.com.br\/index.php\/wp-json\/wp\/v2\/comments?post=11474"}],"version-history":[{"count":2,"href":"https:\/\/noticiasnoface.com.br\/index.php\/wp-json\/wp\/v2\/posts\/11474\/revisions"}],"predecessor-version":[{"id":11476,"href":"https:\/\/noticiasnoface.com.br\/index.php\/wp-json\/wp\/v2\/posts\/11474\/revisions\/11476"}],"wp:attachment":[{"href":"https:\/\/noticiasnoface.com.br\/index.php\/wp-json\/wp\/v2\/media?parent=11474"}],"wp:term":[{"taxonomy":"category","embeddable":true,"href":"https:\/\/noticiasnoface.com.br\/index.php\/wp-json\/wp\/v2\/categories?post=11474"},{"taxonomy":"post_tag","embeddable":true,"href":"https:\/\/noticiasnoface.com.br\/index.php\/wp-json\/wp\/v2\/tags?post=11474"}],"curies":[{"name":"wp","href":"https:\/\/api.w.org\/{rel}","templated":true}]}}