{"id":11562,"date":"2022-10-11T11:15:45","date_gmt":"2022-10-11T14:15:45","guid":{"rendered":"https:\/\/noticiasnoface.com.br\/?p=11562"},"modified":"2022-10-11T11:15:46","modified_gmt":"2022-10-11T14:15:46","slug":"hospital-amputa-pernas-de-paciente-e-entrega-em-caixa-de-papelao","status":"publish","type":"post","link":"https:\/\/noticiasnoface.com.br\/index.php\/2022\/10\/11\/hospital-amputa-pernas-de-paciente-e-entrega-em-caixa-de-papelao\/","title":{"rendered":"Hospital amputa pernas de paciente e entrega em caixa de papel\u00e3o"},"content":{"rendered":"\n<figure class=\"wp-block-image size-large\"><img data-opt-id=1621283195  fetchpriority=\"high\" decoding=\"async\" width=\"1024\" height=\"536\" src=\"https:\/\/mlbfrsat7ahr.i.optimole.com\/w:1024\/h:536\/q:mauto\/ig:avif\/https:\/\/noticiasnoface.com.br\/wp-content\/uploads\/2022\/10\/img_4883.jpg\" class=\"wp-image-11561\" srcset=\"https:\/\/mlbfrsat7ahr.i.optimole.com\/w:1024\/h:536\/q:mauto\/ig:avif\/https:\/\/noticiasnoface.com.br\/wp-content\/uploads\/2022\/10\/img_4883.jpg 1024w, https:\/\/mlbfrsat7ahr.i.optimole.com\/w:300\/h:157\/q:mauto\/ig:avif\/https:\/\/noticiasnoface.com.br\/wp-content\/uploads\/2022\/10\/img_4883.jpg 300w, https:\/\/mlbfrsat7ahr.i.optimole.com\/w:768\/h:402\/q:mauto\/ig:avif\/https:\/\/noticiasnoface.com.br\/wp-content\/uploads\/2022\/10\/img_4883.jpg 768w, https:\/\/mlbfrsat7ahr.i.optimole.com\/w:1200\/h:628\/q:mauto\/ig:avif\/https:\/\/noticiasnoface.com.br\/wp-content\/uploads\/2022\/10\/img_4883.jpg 1200w\" sizes=\"(max-width: 1000px) 100vw, 1000px\" \/><figcaption class=\"wp-element-caption\">Familiares de uma v\u00edtima de acidente de tr\u00e2nsito se chocaram nessa segunda-feira, 10, ao <strong>receberem as pernas amputadas do paciente em uma caixa de papel\u00e3o<\/strong>. As informa\u00e7\u00f5es s\u00e3o do portal G1.<br>Segundo o site, o pedreiro Deonir Teixeira da Paix\u00e3o<strong> sofreu um acidente de moto no domingo<\/strong>, 9. Durante o resgate, ele precisou ter uma perna removida. Outra foi amputada j\u00e1 no hospital.<br>A unidade, vinculada \u00e0 Secretaria Estadual da Sa\u00fade (SES) do Tocantins, contatou ent\u00e3o a fam\u00edlia sobre o destino dos membros. Segundo os parentes de Deonir, <strong>foram oferecidas duas op\u00e7\u00f5es<\/strong>: receber as pernas amputadas, ou o hospital as descartaria &#8220;no lixo hospitalar&#8221;.<br>Assustada com a ideia de que parte de Deonir fosse jogada no lixo, <strong>a fam\u00edlia decidiu ficar com os membros<\/strong>. Pouco tempo depois, eles foram entregues ao filho do pedreiro.<br>As pernas estavam em uma <strong>caixa de papel\u00e3o fechada com esparadrapos<\/strong>. Na tampa, um bilhete descrevia os membros amputados.<br>Procurada pelo site, a SES disse que <strong>houve uma &#8220;falha de comunica\u00e7\u00e3o&#8221; entre o hospital e a fam\u00edlia<\/strong> do paciente. Segundo o \u00f3rg\u00e3o, &#8220;a equipe multiprofissional n\u00e3o soube explicar o tr\u00e2mite \u00e0 fam\u00edlia&#8221;.<br>Em casos de amputa\u00e7\u00e3o, uma norma da Ag\u00eancia Nacional de Vigil\u00e2ncia Sanit\u00e1ria (Anvisa) determina o que deve ser feito com os membros. O protocolo define que a unidade de sa\u00fade respons\u00e1vel pela remo\u00e7\u00e3o deve <strong>contatar familiares do paciente e orientar sobre o procedimento<\/strong>.<br>Segundo a regulamenta\u00e7\u00e3o, deve ser explicada a necessidade da amputa\u00e7\u00e3o para proteger a vida do paciente, e <strong>dadas alternativas sobre o descarte<\/strong>: os membros podem ser entregues \u00e0 fam\u00edlia ou processados por uma empresa especializada.<br>No primeiro caso, o hospital deve providenciar um documento para a fam\u00edlia fazer o sepultamento das partes do corpo removidas. No segundo, os membros geralmente s\u00e3o incinerados. <strong>Restos humanos n\u00e3o s\u00e3o descartados com lixo<\/strong>hospitalar ou comum.<br>Ap\u00f3s receber as pernas, a fam\u00edlia de Deonir procurou uma funer\u00e1ria, que n\u00e3o soube como proceder. Eles tentaram, ent\u00e3o, levar os membros ao cemit\u00e9rio, mas<strong> n\u00e3o conseguiram realizar o enterro<\/strong> por falta de documentos.<br>Deonir <strong>segue internado em estado grave<\/strong>. Ap\u00f3s a cirurgia, ele foi levado ao Hospital Geral de Palmas, e est\u00e1 na Unidade de Terapia Intensiva (UTI).<\/figcaption><\/figure>\n","protected":false},"excerpt":{"rendered":"","protected":false},"author":1,"featured_media":0,"comment_status":"open","ping_status":"open","sticky":false,"template":"","format":"standard","meta":{"site-sidebar-layout":"default","site-content-layout":"","ast-site-content-layout":"default","site-content-style":"default","site-sidebar-style":"default","ast-global-header-display":"","ast-banner-title-visibility":"","ast-main-header-display":"","ast-hfb-above-header-display":"","ast-hfb-below-header-display":"","ast-hfb-mobile-header-display":"","site-post-title":"","ast-breadcrumbs-content":"","ast-featured-img":"","footer-sml-layout":"","ast-disable-related-posts":"","theme-transparent-header-meta":"","adv-header-id-meta":"","stick-header-meta":"","header-above-stick-meta":"","header-main-stick-meta":"","header-below-stick-meta":"","astra-migrate-meta-layouts":"default","ast-page-background-enabled":"default","ast-page-background-meta":{"desktop":{"background-color":"var(--ast-global-color-4)","background-image":"","background-repeat":"repeat","background-position":"center center","background-size":"auto","background-attachment":"scroll","background-type":"","background-media":"","overlay-type":"","overlay-color":"","overlay-opacity":"","overlay-gradient":""},"tablet":{"background-color":"","background-image":"","background-repeat":"repeat","background-position":"center center","background-size":"auto","background-attachment":"scroll","background-type":"","background-media":"","overlay-type":"","overlay-color":"","overlay-opacity":"","overlay-gradient":""},"mobile":{"background-color":"","background-image":"","background-repeat":"repeat","background-position":"center center","background-size":"auto","background-attachment":"scroll","background-type":"","background-media":"","overlay-type":"","overlay-color":"","overlay-opacity":"","overlay-gradient":""}},"ast-content-background-meta":{"desktop":{"background-color":"var(--ast-global-color-5)","background-image":"","background-repeat":"repeat","background-position":"center center","background-size":"auto","background-attachment":"scroll","background-type":"","background-media":"","overlay-type":"","overlay-color":"","overlay-opacity":"","overlay-gradient":""},"tablet":{"background-color":"var(--ast-global-color-5)","background-image":"","background-repeat":"repeat","background-position":"center center","background-size":"auto","background-attachment":"scroll","background-type":"","background-media":"","overlay-type":"","overlay-color":"","overlay-opacity":"","overlay-gradient":""},"mobile":{"background-color":"var(--ast-global-color-5)","background-image":"","background-repeat":"repeat","background-position":"center center","background-size":"auto","background-attachment":"scroll","background-type":"","background-media":"","overlay-type":"","overlay-color":"","overlay-opacity":"","overlay-gradient":""}},"footnotes":""},"categories":[517],"tags":[1894,1896,387,50,22,199,1895],"class_list":["post-11562","post","type-post","status-publish","format-standard","hentry","category-aconteceu","tag-amputa","tag-caixa-de-papelao","tag-hospital","tag-noticias-do-face","tag-noticias-no-face","tag-noticiasnoface","tag-pernas-paciente"],"_links":{"self":[{"href":"https:\/\/noticiasnoface.com.br\/index.php\/wp-json\/wp\/v2\/posts\/11562","targetHints":{"allow":["GET"]}}],"collection":[{"href":"https:\/\/noticiasnoface.com.br\/index.php\/wp-json\/wp\/v2\/posts"}],"about":[{"href":"https:\/\/noticiasnoface.com.br\/index.php\/wp-json\/wp\/v2\/types\/post"}],"author":[{"embeddable":true,"href":"https:\/\/noticiasnoface.com.br\/index.php\/wp-json\/wp\/v2\/users\/1"}],"replies":[{"embeddable":true,"href":"https:\/\/noticiasnoface.com.br\/index.php\/wp-json\/wp\/v2\/comments?post=11562"}],"version-history":[{"count":1,"href":"https:\/\/noticiasnoface.com.br\/index.php\/wp-json\/wp\/v2\/posts\/11562\/revisions"}],"predecessor-version":[{"id":11563,"href":"https:\/\/noticiasnoface.com.br\/index.php\/wp-json\/wp\/v2\/posts\/11562\/revisions\/11563"}],"wp:attachment":[{"href":"https:\/\/noticiasnoface.com.br\/index.php\/wp-json\/wp\/v2\/media?parent=11562"}],"wp:term":[{"taxonomy":"category","embeddable":true,"href":"https:\/\/noticiasnoface.com.br\/index.php\/wp-json\/wp\/v2\/categories?post=11562"},{"taxonomy":"post_tag","embeddable":true,"href":"https:\/\/noticiasnoface.com.br\/index.php\/wp-json\/wp\/v2\/tags?post=11562"}],"curies":[{"name":"wp","href":"https:\/\/api.w.org\/{rel}","templated":true}]}}