{"id":11596,"date":"2022-10-12T20:58:17","date_gmt":"2022-10-12T23:58:17","guid":{"rendered":"https:\/\/noticiasnoface.com.br\/?p=11596"},"modified":"2022-10-13T14:21:57","modified_gmt":"2022-10-13T17:21:57","slug":"whindersonn-nunes-pronto-para-a-segunda-galha","status":"publish","type":"post","link":"https:\/\/noticiasnoface.com.br\/index.php\/2022\/10\/12\/whindersonn-nunes-pronto-para-a-segunda-galha\/","title":{"rendered":"Whindersonn Nunes mesmo tra\u00eddo tenta reconcilia\u00e7\u00e3o com Luiza Sonza!"},"content":{"rendered":"\n<figure class=\"wp-block-image size-large\"><img data-opt-id=1768022533  fetchpriority=\"high\" decoding=\"async\" width=\"300\" height=\"163\" src=\"https:\/\/mlbfrsat7ahr.i.optimole.com\/w:300\/h:163\/q:mauto\/ig:avif\/https:\/\/noticiasnoface.com.br\/wp-content\/uploads\/2022\/10\/img_4966.jpg\" alt=\"\" class=\"wp-image-11595\" srcset=\"https:\/\/mlbfrsat7ahr.i.optimole.com\/w:300\/h:163\/q:mauto\/ig:avif\/https:\/\/noticiasnoface.com.br\/wp-content\/uploads\/2022\/10\/img_4966.jpg 300w, https:\/\/mlbfrsat7ahr.i.optimole.com\/w:768\/h:418\/q:mauto\/ig:avif\/https:\/\/noticiasnoface.com.br\/wp-content\/uploads\/2022\/10\/img_4966.jpg 768w, https:\/\/mlbfrsat7ahr.i.optimole.com\/w:771\/h:420\/q:mauto\/ig:avif\/https:\/\/noticiasnoface.com.br\/wp-content\/uploads\/2022\/10\/img_4966.jpg 771w\" sizes=\"(max-width: 300px) 100vw, 300px\" \/><figcaption class=\"wp-element-caption\">Lu\u00edsa Sonza e Whindersson Nunes surpreenderam os seguidores na \u00faltima ter\u00e7a-feira (11) ao voltarem a se seguir no Instagram. Os dois n\u00e3o interagiam pelas redes sociais desde o chifre que deu fim do casamento, que aconteceu em 2020, mas \u00e9 whindersonn que est\u00e1 se insinuando, diz seguidores. <br \/>&#8220;Vai, Lu\u00edsa Sonza e Whindersson. Aproveitem que voltaram a se seguir e voltem a namorar&#8221;, reagiu um internauta. &#8220;Gente, o que ser\u00e1 que t\u00e1 rolando&#8221;, disse outro. &#8220;T\u00f4 passando mal que eles voltaram a se seguir do nada&#8221;, falou mais um.<br \/>Recentemente, Whindersson <strong><a href=\"https:\/\/entretenimento.r7.com\/famosos-e-tv\/whindersson-nunes-e-flagrado-assistindo-ao-show-de-luisa-sonza-04092022\" target=\"_blank\" rel=\"noopener\">assistiu um show<\/a><\/strong> de Lu\u00edsa nos bastidores do palco da apresenta\u00e7\u00e3o da cantora no Rock in Rio, mostrando que o chifre foi superado. &#8220;Ser\u00e1 que ele vai participar do show?&#8221;, quis saber o internauta que gravou e publicou as imagens no Twitter.<br \/>Whindersson e Sonza <strong><a href=\"https:\/\/entretenimento.r7.com\/famosos-e-tv\/whindersson-nunes-e-luisa-sonza-anunciam-fim-de-casamento-29042020\" target=\"_blank\" rel=\"noopener\">se separaram em abril de 2020<\/a><\/strong> ap\u00f3s pouco mais de um ano da cerim\u00f4nia de casamento, quando a trai\u00e7\u00e3o veio a tona. Atualmente, os dois est\u00e3o solteiros e whindons pronto para segunda galha. <\/figcaption><\/figure>\n","protected":false},"excerpt":{"rendered":"","protected":false},"author":1,"featured_media":0,"comment_status":"open","ping_status":"open","sticky":false,"template":"","format":"standard","meta":{"site-sidebar-layout":"default","site-content-layout":"","ast-site-content-layout":"default","site-content-style":"default","site-sidebar-style":"default","ast-global-header-display":"","ast-banner-title-visibility":"","ast-main-header-display":"","ast-hfb-above-header-display":"","ast-hfb-below-header-display":"","ast-hfb-mobile-header-display":"","site-post-title":"","ast-breadcrumbs-content":"","ast-featured-img":"","footer-sml-layout":"","ast-disable-related-posts":"","theme-transparent-header-meta":"","adv-header-id-meta":"","stick-header-meta":"","header-above-stick-meta":"","header-main-stick-meta":"","header-below-stick-meta":"","astra-migrate-meta-layouts":"default","ast-page-background-enabled":"default","ast-page-background-meta":{"desktop":{"background-color":"var(--ast-global-color-4)","background-image":"","background-repeat":"repeat","background-position":"center center","background-size":"auto","background-attachment":"scroll","background-type":"","background-media":"","overlay-type":"","overlay-color":"","overlay-opacity":"","overlay-gradient":""},"tablet":{"background-color":"","background-image":"","background-repeat":"repeat","background-position":"center center","background-size":"auto","background-attachment":"scroll","background-type":"","background-media":"","overlay-type":"","overlay-color":"","overlay-opacity":"","overlay-gradient":""},"mobile":{"background-color":"","background-image":"","background-repeat":"repeat","background-position":"center center","background-size":"auto","background-attachment":"scroll","background-type":"","background-media":"","overlay-type":"","overlay-color":"","overlay-opacity":"","overlay-gradient":""}},"ast-content-background-meta":{"desktop":{"background-color":"var(--ast-global-color-5)","background-image":"","background-repeat":"repeat","background-position":"center center","background-size":"auto","background-attachment":"scroll","background-type":"","background-media":"","overlay-type":"","overlay-color":"","overlay-opacity":"","overlay-gradient":""},"tablet":{"background-color":"var(--ast-global-color-5)","background-image":"","background-repeat":"repeat","background-position":"center center","background-size":"auto","background-attachment":"scroll","background-type":"","background-media":"","overlay-type":"","overlay-color":"","overlay-opacity":"","overlay-gradient":""},"mobile":{"background-color":"var(--ast-global-color-5)","background-image":"","background-repeat":"repeat","background-position":"center center","background-size":"auto","background-attachment":"scroll","background-type":"","background-media":"","overlay-type":"","overlay-color":"","overlay-opacity":"","overlay-gradient":""}},"footnotes":""},"categories":[154],"tags":[40,1907,138,50,22,199,134,1406,277,54],"class_list":["post-11596","post","type-post","status-publish","format-standard","hentry","category-comportamento","tag-chifre","tag-galha","tag-luisa-sonza","tag-noticias-do-face","tag-noticias-no-face","tag-noticiasnoface","tag-redes-sociais","tag-rock-in-rio","tag-show","tag-whindersson-nunes"],"_links":{"self":[{"href":"https:\/\/noticiasnoface.com.br\/index.php\/wp-json\/wp\/v2\/posts\/11596","targetHints":{"allow":["GET"]}}],"collection":[{"href":"https:\/\/noticiasnoface.com.br\/index.php\/wp-json\/wp\/v2\/posts"}],"about":[{"href":"https:\/\/noticiasnoface.com.br\/index.php\/wp-json\/wp\/v2\/types\/post"}],"author":[{"embeddable":true,"href":"https:\/\/noticiasnoface.com.br\/index.php\/wp-json\/wp\/v2\/users\/1"}],"replies":[{"embeddable":true,"href":"https:\/\/noticiasnoface.com.br\/index.php\/wp-json\/wp\/v2\/comments?post=11596"}],"version-history":[{"count":2,"href":"https:\/\/noticiasnoface.com.br\/index.php\/wp-json\/wp\/v2\/posts\/11596\/revisions"}],"predecessor-version":[{"id":11620,"href":"https:\/\/noticiasnoface.com.br\/index.php\/wp-json\/wp\/v2\/posts\/11596\/revisions\/11620"}],"wp:attachment":[{"href":"https:\/\/noticiasnoface.com.br\/index.php\/wp-json\/wp\/v2\/media?parent=11596"}],"wp:term":[{"taxonomy":"category","embeddable":true,"href":"https:\/\/noticiasnoface.com.br\/index.php\/wp-json\/wp\/v2\/categories?post=11596"},{"taxonomy":"post_tag","embeddable":true,"href":"https:\/\/noticiasnoface.com.br\/index.php\/wp-json\/wp\/v2\/tags?post=11596"}],"curies":[{"name":"wp","href":"https:\/\/api.w.org\/{rel}","templated":true}]}}