{"id":11618,"date":"2022-10-13T13:58:17","date_gmt":"2022-10-13T16:58:17","guid":{"rendered":"https:\/\/noticiasnoface.com.br\/?p=11618"},"modified":"2022-10-13T13:58:18","modified_gmt":"2022-10-13T16:58:18","slug":"homem-e-pego-transportando-25-milhoes-com-credenciais-do-congresso","status":"publish","type":"post","link":"https:\/\/noticiasnoface.com.br\/index.php\/2022\/10\/13\/homem-e-pego-transportando-25-milhoes-com-credenciais-do-congresso\/","title":{"rendered":"Homem \u00e9 pego transportando 2,5 milh\u00f5es com credenciais do congresso."},"content":{"rendered":"\n<figure class=\"wp-block-image size-large\"><img data-opt-id=1914592001  fetchpriority=\"high\" decoding=\"async\" width=\"300\" height=\"200\" src=\"https:\/\/mlbfrsat7ahr.i.optimole.com\/w:300\/h:200\/q:mauto\/ig:avif\/https:\/\/noticiasnoface.com.br\/wp-content\/uploads\/2022\/10\/img_4985.jpg\" class=\"wp-image-11617\" srcset=\"https:\/\/mlbfrsat7ahr.i.optimole.com\/w:300\/h:200\/q:mauto\/ig:avif\/https:\/\/noticiasnoface.com.br\/wp-content\/uploads\/2022\/10\/img_4985.jpg 300w, https:\/\/mlbfrsat7ahr.i.optimole.com\/w:450\/h:300\/q:mauto\/ig:avif\/https:\/\/noticiasnoface.com.br\/wp-content\/uploads\/2022\/10\/img_4985.jpg 450w\" sizes=\"(max-width: 300px) 100vw, 300px\" \/><figcaption class=\"wp-element-caption\">A Pol\u00edcia Federal (PF) apura as circunst\u00e2ncias que levaram um motorista a <a rel=\"noreferrer noopener\" href=\"https:\/\/www.metropoles.com\/distrito-federal\/prf-apreende-mais-de-r-25-milhoes-no-para-em-carro-com-placa-do-df\" target=\"_blank\">transportar R$ 2.508.500 em esp\u00e9cie, em caixas de papel\u00e3o, no Par\u00e1<\/a>. Com carro de placa do Distrito Federal, o condutor, um homem de 49 anos, foi flagrado pela Pol\u00edcia Rodovi\u00e1ria Federal (PRF) durante fiscaliza\u00e7\u00e3o na BR-010, em Ulian\u00f3polis (<a rel=\"noreferrer noopener\" href=\"https:\/\/www.metropoles.com\/tag\/para\" target=\"_blank\">PA<\/a>), nessa ter\u00e7a-feira (11\/10). A principal suspeita \u00e9 de <a rel=\"noreferrer noopener\" href=\"https:\/\/www.metropoles.com\/tag\/lavagem-de-dinheiro\" target=\"_blank\">lavagem de dinheiro<\/a>.<br><br>Por meio de nota, a PF ressaltou que, na tentativa de esclarecer a hip\u00f3tese criminal, adotou \u201cas primeiras medidas de pol\u00edcia judici\u00e1ria no tratamento inicial da ocorr\u00eancia\u201d, com oitivas, apreens\u00e3o de aparelhos telef\u00f4nicos e da quantia em esp\u00e9cie.<br>Em complemento, a PRF informou que o condutor tinha credenciais de acesso ao Congresso Nacional e que a apreens\u00e3o pode ser a \u201cponta de um iceberg\u201d.<br>Mais sobre o assunto<br><a href=\"https:\/\/www.metropoles.com\/distrito-federal\/prf-apreende-mais-de-r-25-milhoes-no-para-em-carro-com-placa-do-df\" target=\"_blank\" rel=\"noopener\">PRF apreende mais de R$ 2,5 milh\u00f5es no Par\u00e1 em carro com placa do DF<\/a><br><a href=\"https:\/\/www.metropoles.com\/brasil\/prfs-envolvidos-em-morte-de-homem-por-asfixia-ja-receberam-r-267-mil-apos-homicidio\" target=\"_blank\" rel=\"noopener\">PRFs envolvidos em morte de homem por asfixia j\u00e1 receberam R$ 267 mil ap\u00f3s homic\u00eddio<\/a><br>Durante a abordagem policial, o suspeito, que n\u00e3o teve o nome divulgado e dirigia um Toyota Corolla preto, n\u00e3o soube informar a origem da quantia e acabou detido.<img data-opt-id=2111926394  fetchpriority=\"high\" decoding=\"async\" src=\"https:\/\/agenciabrasil.ebc.com.br\/ebc.png?id=1487761&#038;o=node\"><img data-opt-id=959765228  data-opt-src=\"https:\/\/agenciabrasil.ebc.com.br\/ebc.gif\"  class=\"optimole-lazy-only \"  decoding=\"async\" src=\"data:image/svg+xml,%3Csvg%20viewBox%3D%220%200%20100%%20100%%22%20width%3D%22100%%22%20height%3D%22100%%22%20xmlns%3D%22http%3A%2F%2Fwww.w3.org%2F2000%2Fsvg%22%3E%3Crect%20width%3D%22100%%22%20height%3D%22100%%22%20fill%3D%22transparent%22%2F%3E%3C%2Fsvg%3E?id=1487761&#038;o=node\"><br><br><br>A equipe tamb\u00e9m notou contradi\u00e7\u00f5es nas respostas dele sobre o trabalho que exerce e a motiva\u00e7\u00e3o da viagem. Questionado quanto \u00e0 origem do dinheiro, o suspeito ficou nervoso e afirmou que seria \u201cproveniente de atividades com alugu\u00e9is de carros\u201d.<\/figcaption><\/figure>\n\n\n\n<p><\/p>\n","protected":false},"excerpt":{"rendered":"","protected":false},"author":1,"featured_media":0,"comment_status":"open","ping_status":"open","sticky":false,"template":"","format":"standard","meta":{"site-sidebar-layout":"default","site-content-layout":"","ast-site-content-layout":"default","site-content-style":"default","site-sidebar-style":"default","ast-global-header-display":"","ast-banner-title-visibility":"","ast-main-header-display":"","ast-hfb-above-header-display":"","ast-hfb-below-header-display":"","ast-hfb-mobile-header-display":"","site-post-title":"","ast-breadcrumbs-content":"","ast-featured-img":"","footer-sml-layout":"","ast-disable-related-posts":"","theme-transparent-header-meta":"","adv-header-id-meta":"","stick-header-meta":"","header-above-stick-meta":"","header-main-stick-meta":"","header-below-stick-meta":"","astra-migrate-meta-layouts":"default","ast-page-background-enabled":"default","ast-page-background-meta":{"desktop":{"background-color":"var(--ast-global-color-4)","background-image":"","background-repeat":"repeat","background-position":"center center","background-size":"auto","background-attachment":"scroll","background-type":"","background-media":"","overlay-type":"","overlay-color":"","overlay-opacity":"","overlay-gradient":""},"tablet":{"background-color":"","background-image":"","background-repeat":"repeat","background-position":"center center","background-size":"auto","background-attachment":"scroll","background-type":"","background-media":"","overlay-type":"","overlay-color":"","overlay-opacity":"","overlay-gradient":""},"mobile":{"background-color":"","background-image":"","background-repeat":"repeat","background-position":"center center","background-size":"auto","background-attachment":"scroll","background-type":"","background-media":"","overlay-type":"","overlay-color":"","overlay-opacity":"","overlay-gradient":""}},"ast-content-background-meta":{"desktop":{"background-color":"var(--ast-global-color-5)","background-image":"","background-repeat":"repeat","background-position":"center center","background-size":"auto","background-attachment":"scroll","background-type":"","background-media":"","overlay-type":"","overlay-color":"","overlay-opacity":"","overlay-gradient":""},"tablet":{"background-color":"var(--ast-global-color-5)","background-image":"","background-repeat":"repeat","background-position":"center center","background-size":"auto","background-attachment":"scroll","background-type":"","background-media":"","overlay-type":"","overlay-color":"","overlay-opacity":"","overlay-gradient":""},"mobile":{"background-color":"var(--ast-global-color-5)","background-image":"","background-repeat":"repeat","background-position":"center center","background-size":"auto","background-attachment":"scroll","background-type":"","background-media":"","overlay-type":"","overlay-color":"","overlay-opacity":"","overlay-gradient":""}},"footnotes":""},"categories":[517],"tags":[403,607,1175,50,22,199,298],"class_list":["post-11618","post","type-post","status-publish","format-standard","hentry","category-aconteceu","tag-congresso","tag-homem","tag-milhoes","tag-noticias-do-face","tag-noticias-no-face","tag-noticiasnoface","tag-policia"],"_links":{"self":[{"href":"https:\/\/noticiasnoface.com.br\/index.php\/wp-json\/wp\/v2\/posts\/11618","targetHints":{"allow":["GET"]}}],"collection":[{"href":"https:\/\/noticiasnoface.com.br\/index.php\/wp-json\/wp\/v2\/posts"}],"about":[{"href":"https:\/\/noticiasnoface.com.br\/index.php\/wp-json\/wp\/v2\/types\/post"}],"author":[{"embeddable":true,"href":"https:\/\/noticiasnoface.com.br\/index.php\/wp-json\/wp\/v2\/users\/1"}],"replies":[{"embeddable":true,"href":"https:\/\/noticiasnoface.com.br\/index.php\/wp-json\/wp\/v2\/comments?post=11618"}],"version-history":[{"count":1,"href":"https:\/\/noticiasnoface.com.br\/index.php\/wp-json\/wp\/v2\/posts\/11618\/revisions"}],"predecessor-version":[{"id":11619,"href":"https:\/\/noticiasnoface.com.br\/index.php\/wp-json\/wp\/v2\/posts\/11618\/revisions\/11619"}],"wp:attachment":[{"href":"https:\/\/noticiasnoface.com.br\/index.php\/wp-json\/wp\/v2\/media?parent=11618"}],"wp:term":[{"taxonomy":"category","embeddable":true,"href":"https:\/\/noticiasnoface.com.br\/index.php\/wp-json\/wp\/v2\/categories?post=11618"},{"taxonomy":"post_tag","embeddable":true,"href":"https:\/\/noticiasnoface.com.br\/index.php\/wp-json\/wp\/v2\/tags?post=11618"}],"curies":[{"name":"wp","href":"https:\/\/api.w.org\/{rel}","templated":true}]}}