{"id":11622,"date":"2022-10-13T14:40:58","date_gmt":"2022-10-13T17:40:58","guid":{"rendered":"https:\/\/noticiasnoface.com.br\/?p=11622"},"modified":"2022-10-13T14:40:58","modified_gmt":"2022-10-13T17:40:58","slug":"projeto-de-lei-impede-construcao-de-presidios-em-extremoz","status":"publish","type":"post","link":"https:\/\/noticiasnoface.com.br\/index.php\/2022\/10\/13\/projeto-de-lei-impede-construcao-de-presidios-em-extremoz\/","title":{"rendered":"Projeto de lei impede constru\u00e7\u00e3o de pres\u00eddios em Extremoz"},"content":{"rendered":"\n<figure class=\"wp-block-video\"><video height=\"360\" style=\"aspect-ratio: 640 \/ 360;\" width=\"640\" controls src=\"https:\/\/noticiasnoface.com.br\/wp-content\/uploads\/2022\/10\/2022-10-13_143857_video.mp4\"><\/video><figcaption class=\"wp-element-caption\"><em>Projeto de Lei visa proibir a instala\u00e7\u00e3o e constru\u00e7\u00e3o de pres\u00eddios no munic\u00edpio de Extremoz<\/em><br>O vereador de Extremoz Rafael Correia submeteu, na manh\u00e3 desta quinta-feira (13), um Projeto de Lei na C\u00e2mara Municipal que visa proibir a instala\u00e7\u00e3o e a constru\u00e7\u00e3o de pres\u00eddios ou similares no per\u00edmetro urbano do munic\u00edpio de Extremoz. A iniciativa tem como objetivo a seguran\u00e7a dos moradores e turistas da regi\u00e3o.<br>De acordo com o parlamentar, a instala\u00e7\u00e3o de institui\u00e7\u00f5es penais proporciona a intensifica\u00e7\u00e3o de roubos e furtos. \u201cEsses acontecimentos ocorrem por conta dos presos que cumprem pena e frequentemente saem do pres\u00eddio por conta das famosas \u2018saidinhas\u2019, afetando diretamente a seguran\u00e7a dos moradores da regi\u00e3o. Esse Projeto de Lei \u00e9 pensado no agora e no futuro, para que daqui a 5, 10 anos, estejamos respaldados por Lei para proibir a constru\u00e7\u00e3o dos pres\u00eddios\u201d, completou Rafael Correia.<br>Se aprovado, a Lei pro\u00edbe a cria\u00e7\u00e3o de institui\u00e7\u00f5es com: col\u00f4nia penal agr\u00edcola, penitenci\u00e1ria, centro de deten\u00e7\u00e3o provis\u00f3ria , institui\u00e7\u00e3o para cumprimento de penas em regime semiaberto e unidade de interna\u00e7\u00e3o de menores infratores.<br>O vereador lembrou, tamb\u00e9m, do que aconteceu em Cear\u00e1-Mirim. \u201cHavia a inten\u00e7\u00e3o, por parte do governo do Estado, em instalar um pres\u00eddio no local, mas o munic\u00edpio n\u00e3o queria, por\u00e9m n\u00e3o existia uma legisla\u00e7\u00e3o anterior disciplinando isso, ent\u00e3o o governo instalou mesmo assim. Se nosso Projeto de Lei for aprovado, teremos esse direito de proibir pres\u00eddios e similares em nosso munic\u00edpio\u201d.<\/figcaption><\/figure>\n","protected":false},"excerpt":{"rendered":"","protected":false},"author":1,"featured_media":0,"comment_status":"open","ping_status":"open","sticky":false,"template":"","format":"standard","meta":{"site-sidebar-layout":"default","site-content-layout":"","ast-site-content-layout":"default","site-content-style":"default","site-sidebar-style":"default","ast-global-header-display":"","ast-banner-title-visibility":"","ast-main-header-display":"","ast-hfb-above-header-display":"","ast-hfb-below-header-display":"","ast-hfb-mobile-header-display":"","site-post-title":"","ast-breadcrumbs-content":"","ast-featured-img":"","footer-sml-layout":"","ast-disable-related-posts":"","theme-transparent-header-meta":"","adv-header-id-meta":"","stick-header-meta":"","header-above-stick-meta":"","header-main-stick-meta":"","header-below-stick-meta":"","astra-migrate-meta-layouts":"default","ast-page-background-enabled":"default","ast-page-background-meta":{"desktop":{"background-color":"var(--ast-global-color-4)","background-image":"","background-repeat":"repeat","background-position":"center center","background-size":"auto","background-attachment":"scroll","background-type":"","background-media":"","overlay-type":"","overlay-color":"","overlay-opacity":"","overlay-gradient":""},"tablet":{"background-color":"","background-image":"","background-repeat":"repeat","background-position":"center center","background-size":"auto","background-attachment":"scroll","background-type":"","background-media":"","overlay-type":"","overlay-color":"","overlay-opacity":"","overlay-gradient":""},"mobile":{"background-color":"","background-image":"","background-repeat":"repeat","background-position":"center center","background-size":"auto","background-attachment":"scroll","background-type":"","background-media":"","overlay-type":"","overlay-color":"","overlay-opacity":"","overlay-gradient":""}},"ast-content-background-meta":{"desktop":{"background-color":"var(--ast-global-color-5)","background-image":"","background-repeat":"repeat","background-position":"center center","background-size":"auto","background-attachment":"scroll","background-type":"","background-media":"","overlay-type":"","overlay-color":"","overlay-opacity":"","overlay-gradient":""},"tablet":{"background-color":"var(--ast-global-color-5)","background-image":"","background-repeat":"repeat","background-position":"center center","background-size":"auto","background-attachment":"scroll","background-type":"","background-media":"","overlay-type":"","overlay-color":"","overlay-opacity":"","overlay-gradient":""},"mobile":{"background-color":"var(--ast-global-color-5)","background-image":"","background-repeat":"repeat","background-position":"center center","background-size":"auto","background-attachment":"scroll","background-type":"","background-media":"","overlay-type":"","overlay-color":"","overlay-opacity":"","overlay-gradient":""}},"footnotes":""},"categories":[517],"tags":[],"class_list":["post-11622","post","type-post","status-publish","format-standard","hentry","category-aconteceu"],"_links":{"self":[{"href":"https:\/\/noticiasnoface.com.br\/index.php\/wp-json\/wp\/v2\/posts\/11622","targetHints":{"allow":["GET"]}}],"collection":[{"href":"https:\/\/noticiasnoface.com.br\/index.php\/wp-json\/wp\/v2\/posts"}],"about":[{"href":"https:\/\/noticiasnoface.com.br\/index.php\/wp-json\/wp\/v2\/types\/post"}],"author":[{"embeddable":true,"href":"https:\/\/noticiasnoface.com.br\/index.php\/wp-json\/wp\/v2\/users\/1"}],"replies":[{"embeddable":true,"href":"https:\/\/noticiasnoface.com.br\/index.php\/wp-json\/wp\/v2\/comments?post=11622"}],"version-history":[{"count":1,"href":"https:\/\/noticiasnoface.com.br\/index.php\/wp-json\/wp\/v2\/posts\/11622\/revisions"}],"predecessor-version":[{"id":11623,"href":"https:\/\/noticiasnoface.com.br\/index.php\/wp-json\/wp\/v2\/posts\/11622\/revisions\/11623"}],"wp:attachment":[{"href":"https:\/\/noticiasnoface.com.br\/index.php\/wp-json\/wp\/v2\/media?parent=11622"}],"wp:term":[{"taxonomy":"category","embeddable":true,"href":"https:\/\/noticiasnoface.com.br\/index.php\/wp-json\/wp\/v2\/categories?post=11622"},{"taxonomy":"post_tag","embeddable":true,"href":"https:\/\/noticiasnoface.com.br\/index.php\/wp-json\/wp\/v2\/tags?post=11622"}],"curies":[{"name":"wp","href":"https:\/\/api.w.org\/{rel}","templated":true}]}}