{"id":11649,"date":"2022-10-14T08:25:35","date_gmt":"2022-10-14T11:25:35","guid":{"rendered":"https:\/\/noticiasnoface.com.br\/?p=11649"},"modified":"2022-10-14T08:25:36","modified_gmt":"2022-10-14T11:25:36","slug":"alexandre-de-moraes-proibe-investigar-instituto-de-pesquisa","status":"publish","type":"post","link":"https:\/\/noticiasnoface.com.br\/index.php\/2022\/10\/14\/alexandre-de-moraes-proibe-investigar-instituto-de-pesquisa\/","title":{"rendered":"Alexandre de Moraes pro\u00edbe investigar instituto de pesquisa!"},"content":{"rendered":"\n<figure class=\"wp-block-image size-large\"><img data-opt-id=231751434  fetchpriority=\"high\" decoding=\"async\" width=\"300\" height=\"169\" src=\"https:\/\/mlbfrsat7ahr.i.optimole.com\/w:300\/h:169\/q:mauto\/ig:avif\/https:\/\/noticiasnoface.com.br\/wp-content\/uploads\/2022\/10\/img_5034.jpg\" class=\"wp-image-11648\" srcset=\"https:\/\/mlbfrsat7ahr.i.optimole.com\/w:300\/h:169\/q:mauto\/ig:avif\/https:\/\/noticiasnoface.com.br\/wp-content\/uploads\/2022\/10\/img_5034.jpg 300w, https:\/\/mlbfrsat7ahr.i.optimole.com\/w:768\/h:434\/q:mauto\/ig:avif\/https:\/\/noticiasnoface.com.br\/wp-content\/uploads\/2022\/10\/img_5034.jpg 768w, https:\/\/mlbfrsat7ahr.i.optimole.com\/w:800\/h:450\/q:mauto\/ig:avif\/https:\/\/noticiasnoface.com.br\/wp-content\/uploads\/2022\/10\/img_5034.jpg 800w, https:\/\/mlbfrsat7ahr.i.optimole.com\/w:850\/h:480\/q:mauto\/ig:avif\/https:\/\/noticiasnoface.com.br\/wp-content\/uploads\/2022\/10\/img_5034.jpg 850w\" sizes=\"(max-width: 300px) 100vw, 300px\" \/><figcaption class=\"wp-element-caption\">O Presidente do Tribunal Superior Eleitoral (TSE) Alexandre de Moraes proibiu nesta quinta-feira (13\/10) as investiga\u00e7\u00f5es abertas pela Pol\u00edcia Federal (PF) e pelo Conselho Administrativo de Defesa Econ\u00f4mica (CADE) sobre as empresas de pesquisa no primeiro turno das elei\u00e7\u00f5es. Moraes tornou \u201c<em>sem efeito<\/em>\u201d os inqu\u00e9ritos alega do que \u201c<em>compete \u00e0 justi\u00e7a eleitoral a fiscaliza\u00e7\u00e3o das entidades de pesquisa<\/em>\u201d.<br><ins class=\"adsbygoogle\">Moraes afirma que as investiga\u00e7\u00f5es \u201c<em>s\u00e3o baseadas, unicamente, em presun\u00e7\u00f5es relacionadas \u00e0 desconformidade dos resultados das urnas com o desempenho de candidatos retratados nas pesquisas<\/em>\u201d, e que n\u00e3o haveria ind\u00edcios de il\u00edcitos.<br>Empresas como IPEC e Datafolha indicavam uma desvantagem de 15 pontos percentuais, em m\u00e9dia, do candidato \u00e0 reelei\u00e7\u00e3o Bolsonaro em rela\u00e7\u00e3o ao petista Lula. A diferen\u00e7a foi de um ter\u00e7o do indicado pelas pesquisas que, ainda, apontavam vit\u00f3ria de Lula no primeiro turno.<\/ins><\/figcaption><\/figure>\n","protected":false},"excerpt":{"rendered":"","protected":false},"author":1,"featured_media":0,"comment_status":"open","ping_status":"open","sticky":false,"template":"","format":"standard","meta":{"site-sidebar-layout":"default","site-content-layout":"","ast-site-content-layout":"default","site-content-style":"default","site-sidebar-style":"default","ast-global-header-display":"","ast-banner-title-visibility":"","ast-main-header-display":"","ast-hfb-above-header-display":"","ast-hfb-below-header-display":"","ast-hfb-mobile-header-display":"","site-post-title":"","ast-breadcrumbs-content":"","ast-featured-img":"","footer-sml-layout":"","ast-disable-related-posts":"","theme-transparent-header-meta":"","adv-header-id-meta":"","stick-header-meta":"","header-above-stick-meta":"","header-main-stick-meta":"","header-below-stick-meta":"","astra-migrate-meta-layouts":"default","ast-page-background-enabled":"default","ast-page-background-meta":{"desktop":{"background-color":"var(--ast-global-color-4)","background-image":"","background-repeat":"repeat","background-position":"center center","background-size":"auto","background-attachment":"scroll","background-type":"","background-media":"","overlay-type":"","overlay-color":"","overlay-opacity":"","overlay-gradient":""},"tablet":{"background-color":"","background-image":"","background-repeat":"repeat","background-position":"center center","background-size":"auto","background-attachment":"scroll","background-type":"","background-media":"","overlay-type":"","overlay-color":"","overlay-opacity":"","overlay-gradient":""},"mobile":{"background-color":"","background-image":"","background-repeat":"repeat","background-position":"center center","background-size":"auto","background-attachment":"scroll","background-type":"","background-media":"","overlay-type":"","overlay-color":"","overlay-opacity":"","overlay-gradient":""}},"ast-content-background-meta":{"desktop":{"background-color":"var(--ast-global-color-5)","background-image":"","background-repeat":"repeat","background-position":"center center","background-size":"auto","background-attachment":"scroll","background-type":"","background-media":"","overlay-type":"","overlay-color":"","overlay-opacity":"","overlay-gradient":""},"tablet":{"background-color":"var(--ast-global-color-5)","background-image":"","background-repeat":"repeat","background-position":"center center","background-size":"auto","background-attachment":"scroll","background-type":"","background-media":"","overlay-type":"","overlay-color":"","overlay-opacity":"","overlay-gradient":""},"mobile":{"background-color":"var(--ast-global-color-5)","background-image":"","background-repeat":"repeat","background-position":"center center","background-size":"auto","background-attachment":"scroll","background-type":"","background-media":"","overlay-type":"","overlay-color":"","overlay-opacity":"","overlay-gradient":""}},"footnotes":""},"categories":[517],"tags":[9,126,50,22,199,528,1918,6],"class_list":["post-11649","post","type-post","status-publish","format-standard","hentry","category-aconteceu","tag-alexandre-de-moraes","tag-ministro-alexandre-de-moraes","tag-noticias-do-face","tag-noticias-no-face","tag-noticiasnoface","tag-pesquisa","tag-proibe","tag-stf"],"_links":{"self":[{"href":"https:\/\/noticiasnoface.com.br\/index.php\/wp-json\/wp\/v2\/posts\/11649","targetHints":{"allow":["GET"]}}],"collection":[{"href":"https:\/\/noticiasnoface.com.br\/index.php\/wp-json\/wp\/v2\/posts"}],"about":[{"href":"https:\/\/noticiasnoface.com.br\/index.php\/wp-json\/wp\/v2\/types\/post"}],"author":[{"embeddable":true,"href":"https:\/\/noticiasnoface.com.br\/index.php\/wp-json\/wp\/v2\/users\/1"}],"replies":[{"embeddable":true,"href":"https:\/\/noticiasnoface.com.br\/index.php\/wp-json\/wp\/v2\/comments?post=11649"}],"version-history":[{"count":1,"href":"https:\/\/noticiasnoface.com.br\/index.php\/wp-json\/wp\/v2\/posts\/11649\/revisions"}],"predecessor-version":[{"id":11650,"href":"https:\/\/noticiasnoface.com.br\/index.php\/wp-json\/wp\/v2\/posts\/11649\/revisions\/11650"}],"wp:attachment":[{"href":"https:\/\/noticiasnoface.com.br\/index.php\/wp-json\/wp\/v2\/media?parent=11649"}],"wp:term":[{"taxonomy":"category","embeddable":true,"href":"https:\/\/noticiasnoface.com.br\/index.php\/wp-json\/wp\/v2\/categories?post=11649"},{"taxonomy":"post_tag","embeddable":true,"href":"https:\/\/noticiasnoface.com.br\/index.php\/wp-json\/wp\/v2\/tags?post=11649"}],"curies":[{"name":"wp","href":"https:\/\/api.w.org\/{rel}","templated":true}]}}