{"id":11719,"date":"2022-10-15T22:14:02","date_gmt":"2022-10-16T01:14:02","guid":{"rendered":"https:\/\/noticiasnoface.com.br\/?p=11719"},"modified":"2022-10-15T22:14:02","modified_gmt":"2022-10-16T01:14:02","slug":"camara-derruba-vetos-a-emendas-que-beneficiam-pessoas-com-deficiencia-no-ppa","status":"publish","type":"post","link":"https:\/\/noticiasnoface.com.br\/index.php\/2022\/10\/15\/camara-derruba-vetos-a-emendas-que-beneficiam-pessoas-com-deficiencia-no-ppa\/","title":{"rendered":"C\u00e2mara derruba vetos a emendas que beneficiam pessoas com defici\u00eancia no PPA"},"content":{"rendered":"\n<figure class=\"wp-block-image size-large\"><img data-opt-id=323716006  fetchpriority=\"high\" decoding=\"async\" width=\"1024\" height=\"682\" src=\"https:\/\/mlbfrsat7ahr.i.optimole.com\/w:1024\/h:682\/q:mauto\/ig:avif\/https:\/\/noticiasnoface.com.br\/wp-content\/uploads\/2022\/10\/img_5119.jpg\" class=\"wp-image-11718\" srcset=\"https:\/\/mlbfrsat7ahr.i.optimole.com\/w:1024\/h:682\/q:mauto\/ig:avif\/https:\/\/noticiasnoface.com.br\/wp-content\/uploads\/2022\/10\/img_5119.jpg 1024w, https:\/\/mlbfrsat7ahr.i.optimole.com\/w:300\/h:200\/q:mauto\/ig:avif\/https:\/\/noticiasnoface.com.br\/wp-content\/uploads\/2022\/10\/img_5119.jpg 300w, https:\/\/mlbfrsat7ahr.i.optimole.com\/w:768\/h:512\/q:mauto\/ig:avif\/https:\/\/noticiasnoface.com.br\/wp-content\/uploads\/2022\/10\/img_5119.jpg 768w, https:\/\/mlbfrsat7ahr.i.optimole.com\/w:1536\/h:1024\/q:mauto\/ig:avif\/https:\/\/noticiasnoface.com.br\/wp-content\/uploads\/2022\/10\/img_5119.jpg 1536w, https:\/\/mlbfrsat7ahr.i.optimole.com\/w:1620\/h:1080\/q:mauto\/ig:avif\/https:\/\/noticiasnoface.com.br\/wp-content\/uploads\/2022\/10\/img_5119.jpg 2000w\" sizes=\"(max-width: 1000px) 100vw, 1000px\" \/><figcaption class=\"wp-element-caption\">Na sess\u00e3o ordin\u00e1ria desta quinta-feira (13), o plen\u00e1rio da C\u00e2mara Municipal de Natal derrubou o veto do Poder Executivo \u00e0s emendas de n\u00famero 05 e 12 ao Projeto de Lei 561\/2021 que trata sobre o Plano Plurianual para o quadri\u00eanio 2022- 2025. Outros dois vetos foram mantidos e aprovados em plen\u00e1rio dois projetos de lei em segunda discuss\u00e3o: o PL 17\/2021, de autoria do vereador Herberth Sena (PSDB), que cria o Centro de Acolhimento de Animais e o PL 29\/2022  da vereadora Camila Ara\u00fajo (Uni\u00e3o Brasil), que institui a \u201cSemana do Evang\u00e9lico&#8221;. <br>As emendas que tiveram os vetos derrubados s\u00e3o de autoria do vereador T\u00e9rcio Tinoco (Uni\u00e3o Brasil). A de n\u00famero 05 prev\u00ea a constru\u00e7\u00e3o de um centro de reabilita\u00e7\u00e3o para defici\u00eancias gen\u00e9ticas ou adquiridas. Essa emenda tinha parecer pela manuten\u00e7\u00e3o do veto, mas depois de negocia\u00e7\u00e3o com o governo, a bancada da situa\u00e7\u00e3o foi liberada pelo vice-l\u00edder Raniere Barbosa (Avante), para atender ao pedido do autor da emenda para derrubar o veto. A de n\u00famero 12 j\u00e1 tinha parecer pela derrubada do veto e assim foi feito. Essa destina 30% da verba municipal para produ\u00e7\u00e3o cultural para artistas com defici\u00eancia.<br>\u201cMeu sentimento \u00e9 de gratid\u00e3o a meus pares nesta Casa e de felicidade por ver garantidos os diretos das pessoas com defici\u00eancia, que s\u00e3o 27% da popula\u00e7\u00e3o do Rio Grande do Norte\u201d, festejou o vereador T\u00e9rcio Tinoco.<br>Foram mantindos os vetos \u00e0s emendas 322 da vereadora Ana Paula (Solidariedade) e 328 do vereador Milkley Leite (PV). A primeira previa que toda instala\u00e7\u00e3o e reforma de ecoponto s\u00f3 fosse feita com pr\u00e9via consulta por assembleia \u00e0 comunidade, e a segunda alterava a meta de capeamento asf\u00e1ltico no bairro de Nossa Senhora da Apresenta\u00e7\u00e3o, na zona Norte de Natal.<br> <br><strong>Centro de Acolhimento de Animais<\/strong><br> O PL 17\/2021, de autoria do vereador Herberth Sena (PSDB), aprovado pelos vereadores, em segunda discuss\u00e3o, autoriza o Munic\u00edpio a criar o Centro de Acolhimento de Animais, para v\u00edtimas de viol\u00eancia dom\u00e9stica e abandono, com profissionais habilitados na \u00e1rea de sa\u00fade animal para prestar os primeiros socorros e fazer o encaminhamento aos Hospitais Veterin\u00e1rios, quando for o caso. O Centro de Acolhimento de Animais poder\u00e1 fazer parceria e contratos com Organiza\u00e7\u00f5es da Sociedade Civil, para atender os animais e auxiliar nos processos de ado\u00e7\u00e3o e doa\u00e7\u00e3o.<br>\u201cV\u00e1rias pessoas e ONGs de nossa cidade se dedicam ao cuidado com os animais v\u00edtimas de viol\u00eancia ou abandonados, mas nem sempre t\u00eam condi\u00e7\u00f5es suficientes para promover os primeiros socorros, o tratamento para a recupera\u00e7\u00e3o e a ado\u00e7\u00e3o\/doa\u00e7\u00e3o deles. Assim sendo, esse projeto quer que o Munic\u00edpio entre nessa corrente e fa\u00e7a a parte dele, estabelecendo parceria e contratos com essas organiza\u00e7\u00f5es da sociedade civil, para atender aos animais em situa\u00e7\u00e3o de viol\u00eancia e abandonados, pois mais que uma quest\u00e3o de sa\u00fade veterin\u00e1ria, isso \u00e9 uma quest\u00e3o de sa\u00fade p\u00fablica para nossa cidade\u201d, defendeu o autor do projeto de lei.<br><strong>Semana do Evang\u00e9lico<\/strong><br>Tamb\u00e9m em segunda discuss\u00e3o foi aprovado o PL 29\/2022  da vereadora Camila Ara\u00fajo (Uni\u00e3o Brasil), que institui a \u201cSemana do Evang\u00e9lico&#8221;, a ser inclu\u00edda no  Calend\u00e1rio Oficial do Munic\u00edpio e comemorada anualmente na \u00faltima semana do m\u00eas de outubro. &#8220;Essa semana entra no calend\u00e1rio oficial da cidade e vai receber apoio do Munic\u00edpio para a realiza\u00e7\u00e3o de semin\u00e1rios, cruzadas e eventos evang\u00e9licos.  A Semana do Evang\u00e9lico de Natal tamb\u00e9m vai coincidir com o anivers\u00e1rio da Reforma Protestante, dia 31 de outubro&#8221;, declarou a autora do projeto.  <br> <br><em>Texto: Ilana Albuquerque<br>Fotos: Elp\u00eddio J\u00fanior<\/em><\/figcaption><\/figure>\n","protected":false},"excerpt":{"rendered":"","protected":false},"author":1,"featured_media":0,"comment_status":"open","ping_status":"open","sticky":false,"template":"","format":"standard","meta":{"site-sidebar-layout":"default","site-content-layout":"","ast-site-content-layout":"default","site-content-style":"default","site-sidebar-style":"default","ast-global-header-display":"","ast-banner-title-visibility":"","ast-main-header-display":"","ast-hfb-above-header-display":"","ast-hfb-below-header-display":"","ast-hfb-mobile-header-display":"","site-post-title":"","ast-breadcrumbs-content":"","ast-featured-img":"","footer-sml-layout":"","ast-disable-related-posts":"","theme-transparent-header-meta":"","adv-header-id-meta":"","stick-header-meta":"","header-above-stick-meta":"","header-main-stick-meta":"","header-below-stick-meta":"","astra-migrate-meta-layouts":"default","ast-page-background-enabled":"default","ast-page-background-meta":{"desktop":{"background-color":"var(--ast-global-color-4)","background-image":"","background-repeat":"repeat","background-position":"center center","background-size":"auto","background-attachment":"scroll","background-type":"","background-media":"","overlay-type":"","overlay-color":"","overlay-opacity":"","overlay-gradient":""},"tablet":{"background-color":"","background-image":"","background-repeat":"repeat","background-position":"center center","background-size":"auto","background-attachment":"scroll","background-type":"","background-media":"","overlay-type":"","overlay-color":"","overlay-opacity":"","overlay-gradient":""},"mobile":{"background-color":"","background-image":"","background-repeat":"repeat","background-position":"center center","background-size":"auto","background-attachment":"scroll","background-type":"","background-media":"","overlay-type":"","overlay-color":"","overlay-opacity":"","overlay-gradient":""}},"ast-content-background-meta":{"desktop":{"background-color":"var(--ast-global-color-5)","background-image":"","background-repeat":"repeat","background-position":"center center","background-size":"auto","background-attachment":"scroll","background-type":"","background-media":"","overlay-type":"","overlay-color":"","overlay-opacity":"","overlay-gradient":""},"tablet":{"background-color":"var(--ast-global-color-5)","background-image":"","background-repeat":"repeat","background-position":"center center","background-size":"auto","background-attachment":"scroll","background-type":"","background-media":"","overlay-type":"","overlay-color":"","overlay-opacity":"","overlay-gradient":""},"mobile":{"background-color":"var(--ast-global-color-5)","background-image":"","background-repeat":"repeat","background-position":"center center","background-size":"auto","background-attachment":"scroll","background-type":"","background-media":"","overlay-type":"","overlay-color":"","overlay-opacity":"","overlay-gradient":""}},"footnotes":""},"categories":[517],"tags":[],"class_list":["post-11719","post","type-post","status-publish","format-standard","hentry","category-aconteceu"],"_links":{"self":[{"href":"https:\/\/noticiasnoface.com.br\/index.php\/wp-json\/wp\/v2\/posts\/11719","targetHints":{"allow":["GET"]}}],"collection":[{"href":"https:\/\/noticiasnoface.com.br\/index.php\/wp-json\/wp\/v2\/posts"}],"about":[{"href":"https:\/\/noticiasnoface.com.br\/index.php\/wp-json\/wp\/v2\/types\/post"}],"author":[{"embeddable":true,"href":"https:\/\/noticiasnoface.com.br\/index.php\/wp-json\/wp\/v2\/users\/1"}],"replies":[{"embeddable":true,"href":"https:\/\/noticiasnoface.com.br\/index.php\/wp-json\/wp\/v2\/comments?post=11719"}],"version-history":[{"count":1,"href":"https:\/\/noticiasnoface.com.br\/index.php\/wp-json\/wp\/v2\/posts\/11719\/revisions"}],"predecessor-version":[{"id":11720,"href":"https:\/\/noticiasnoface.com.br\/index.php\/wp-json\/wp\/v2\/posts\/11719\/revisions\/11720"}],"wp:attachment":[{"href":"https:\/\/noticiasnoface.com.br\/index.php\/wp-json\/wp\/v2\/media?parent=11719"}],"wp:term":[{"taxonomy":"category","embeddable":true,"href":"https:\/\/noticiasnoface.com.br\/index.php\/wp-json\/wp\/v2\/categories?post=11719"},{"taxonomy":"post_tag","embeddable":true,"href":"https:\/\/noticiasnoface.com.br\/index.php\/wp-json\/wp\/v2\/tags?post=11719"}],"curies":[{"name":"wp","href":"https:\/\/api.w.org\/{rel}","templated":true}]}}