{"id":11793,"date":"2022-10-17T22:39:44","date_gmt":"2022-10-18T01:39:44","guid":{"rendered":"https:\/\/noticiasnoface.com.br\/?p=11793"},"modified":"2022-10-17T22:39:44","modified_gmt":"2022-10-18T01:39:44","slug":"comissao-de-saude-visita-unidade-de-saude-da-familia-do-parque-dos-coqueiros","status":"publish","type":"post","link":"https:\/\/noticiasnoface.com.br\/index.php\/2022\/10\/17\/comissao-de-saude-visita-unidade-de-saude-da-familia-do-parque-dos-coqueiros\/","title":{"rendered":"Comiss\u00e3o de Sa\u00fade visita Unidade de Sa\u00fade da Fam\u00edlia do Parque dos Coqueiros"},"content":{"rendered":"\n<figure class=\"wp-block-image size-large\"><img data-opt-id=1723573953  fetchpriority=\"high\" decoding=\"async\" width=\"1024\" height=\"668\" src=\"https:\/\/mlbfrsat7ahr.i.optimole.com\/w:1024\/h:668\/q:mauto\/ig:avif\/https:\/\/noticiasnoface.com.br\/wp-content\/uploads\/2022\/10\/img_5210.jpg\" class=\"wp-image-11792\" srcset=\"https:\/\/mlbfrsat7ahr.i.optimole.com\/w:1024\/h:668\/q:mauto\/ig:avif\/https:\/\/noticiasnoface.com.br\/wp-content\/uploads\/2022\/10\/img_5210.jpg 1024w, https:\/\/mlbfrsat7ahr.i.optimole.com\/w:300\/h:196\/q:mauto\/ig:avif\/https:\/\/noticiasnoface.com.br\/wp-content\/uploads\/2022\/10\/img_5210.jpg 300w, https:\/\/mlbfrsat7ahr.i.optimole.com\/w:768\/h:501\/q:mauto\/ig:avif\/https:\/\/noticiasnoface.com.br\/wp-content\/uploads\/2022\/10\/img_5210.jpg 768w, https:\/\/mlbfrsat7ahr.i.optimole.com\/w:1280\/h:835\/q:mauto\/ig:avif\/https:\/\/noticiasnoface.com.br\/wp-content\/uploads\/2022\/10\/img_5210.jpg 1280w\" sizes=\"(max-width: 1000px) 100vw, 1000px\" \/><figcaption class=\"wp-element-caption\"><br>Nesta segunda-feira (17), a Comiss\u00e3o de Sa\u00fade, Previd\u00eancia e de Assist\u00eancia Social da C\u00e2mara Municipal de Natal deu prosseguimento \u00e0s visitas fiscalizat\u00f3rias aos equipamentos de sa\u00fade da capital potiguar. O colegiado vistoriou dessa vez as instala\u00e7\u00f5es da Unidade de Sa\u00fade da Fam\u00edlia do Parque dos Coqueiros, zona Norte, para verificar o andamento dos trabalhos, identificar poss\u00edveis problemas e providenciar solu\u00e7\u00f5es. Estiveram presentes no encontro, os vereadores Preto Aquino (PSD), presidente da Comiss\u00e3o, Luciano Nascimento (PTB), Camila Ara\u00fajo (Uni\u00e3o Brasil) e Peixoto (PTB), que avaliaram os servi\u00e7os prestados \u00e0 comunidade como satisfat\u00f3rios, apesar de algumas dificuldades.<br>&#8220;Em compara\u00e7\u00e3o com as unidades que visitamos ao longo dos \u00faltimos anos, essa \u00e9 uma das que apresenta as melhores condi\u00e7\u00f5es em termos de recursos humanos, pois opera com um bom n\u00famero de profissionais, que formam, ao todo, quatro equipes, faltando apenas mais dois servidores para completar o quadro. Precisa melhorar alguns pontos na estrutura. Existe a necessidade de uma pintura interna e externa do pr\u00e9dio, que teve os problemas de infiltra\u00e7\u00e3o resolvidos e agora precisa completar a reforma do espa\u00e7o f\u00edsico&#8221;, pontuou o vereador Preto Aquino.<br>J\u00e1 o vereador Luciano Nascimento quer que a Secretaria Municipal de Sa\u00fade aumente o quadro de funcion\u00e1rios da institui\u00e7\u00e3o. &#8220;Essa unidade trabalha com equipes de sa\u00fade da fam\u00edlia, com a realiza\u00e7\u00e3o de visitas de casa em casa, o que demanda um n\u00famero maior de servidores. Dito isso, tivemos a satisfa\u00e7\u00e3o de encontrar um grupo de funcion\u00e1rios comprometido com a qualidade do atendimento para as pessoas que precisam de sa\u00fade p\u00fablica&#8221;. <br>A vereadora Camila Ara\u00fajo tamb\u00e9m ressaltou o empenho dos servidores. &#8220;Trabalham com uma auto estima elevada, amam o que fazem e gostam de atuar no bairro. Isso \u00e9 fundamental para superar os obst\u00e1culos encontrados no dia a dia. Esse equipamento de sa\u00fade funciona 100%? N\u00e3o. Mas aqui a gente tem trabalhadores engajados em prestar o melhor servi\u00e7o&#8221;, afirmou. <br>O vereador Peixoto aproveitou a oportunidade para agradecer \u00e0 Secretaria de Sa\u00fade pelas melhorias realizadas na Unidade de Sa\u00fade do Parque dos Coqueiros. &#8220;Quero registrar o meu reconhecimento pela solu\u00e7\u00e3o dada aos transtornos gerados pelas infiltra\u00e7\u00f5es que existiam no pr\u00e9dio, al\u00e9m da restaura\u00e7\u00e3o de cinco salas que estavam interditadas. Portanto, nada mais justo do que destacar as boas a\u00e7\u00f5es do Poder P\u00fablico quando elas acontecem&#8221;.<br>Railza dos Santos, diretora da unidade, falou sobre o trabalho desenvolvido na comunidade. &#8220;Temos um quadro composto por sessenta profissionais, que realiza mais de mil atendimentos todos os meses. Por ser uma unidade de sa\u00fade da fam\u00edlia, as \u00fanicas especialidades oferecidas s\u00e3o cl\u00ednica geral e odontologia. Caso seja necess\u00e1ria uma especialidade espec\u00edfica, o paciente entra na regula\u00e7\u00e3o do munic\u00edpio&#8221;, explicou.<br><strong><em>Texto: Junior Martins<br>Fotos: Elp\u00eddio J\u00fanior<\/em><\/strong><\/figcaption><\/figure>\n","protected":false},"excerpt":{"rendered":"","protected":false},"author":1,"featured_media":0,"comment_status":"open","ping_status":"open","sticky":false,"template":"","format":"standard","meta":{"site-sidebar-layout":"default","site-content-layout":"","ast-site-content-layout":"default","site-content-style":"default","site-sidebar-style":"default","ast-global-header-display":"","ast-banner-title-visibility":"","ast-main-header-display":"","ast-hfb-above-header-display":"","ast-hfb-below-header-display":"","ast-hfb-mobile-header-display":"","site-post-title":"","ast-breadcrumbs-content":"","ast-featured-img":"","footer-sml-layout":"","ast-disable-related-posts":"","theme-transparent-header-meta":"","adv-header-id-meta":"","stick-header-meta":"","header-above-stick-meta":"","header-main-stick-meta":"","header-below-stick-meta":"","astra-migrate-meta-layouts":"default","ast-page-background-enabled":"default","ast-page-background-meta":{"desktop":{"background-color":"var(--ast-global-color-4)","background-image":"","background-repeat":"repeat","background-position":"center center","background-size":"auto","background-attachment":"scroll","background-type":"","background-media":"","overlay-type":"","overlay-color":"","overlay-opacity":"","overlay-gradient":""},"tablet":{"background-color":"","background-image":"","background-repeat":"repeat","background-position":"center center","background-size":"auto","background-attachment":"scroll","background-type":"","background-media":"","overlay-type":"","overlay-color":"","overlay-opacity":"","overlay-gradient":""},"mobile":{"background-color":"","background-image":"","background-repeat":"repeat","background-position":"center center","background-size":"auto","background-attachment":"scroll","background-type":"","background-media":"","overlay-type":"","overlay-color":"","overlay-opacity":"","overlay-gradient":""}},"ast-content-background-meta":{"desktop":{"background-color":"var(--ast-global-color-5)","background-image":"","background-repeat":"repeat","background-position":"center center","background-size":"auto","background-attachment":"scroll","background-type":"","background-media":"","overlay-type":"","overlay-color":"","overlay-opacity":"","overlay-gradient":""},"tablet":{"background-color":"var(--ast-global-color-5)","background-image":"","background-repeat":"repeat","background-position":"center center","background-size":"auto","background-attachment":"scroll","background-type":"","background-media":"","overlay-type":"","overlay-color":"","overlay-opacity":"","overlay-gradient":""},"mobile":{"background-color":"var(--ast-global-color-5)","background-image":"","background-repeat":"repeat","background-position":"center center","background-size":"auto","background-attachment":"scroll","background-type":"","background-media":"","overlay-type":"","overlay-color":"","overlay-opacity":"","overlay-gradient":""}},"footnotes":""},"categories":[517],"tags":[],"class_list":["post-11793","post","type-post","status-publish","format-standard","hentry","category-aconteceu"],"_links":{"self":[{"href":"https:\/\/noticiasnoface.com.br\/index.php\/wp-json\/wp\/v2\/posts\/11793","targetHints":{"allow":["GET"]}}],"collection":[{"href":"https:\/\/noticiasnoface.com.br\/index.php\/wp-json\/wp\/v2\/posts"}],"about":[{"href":"https:\/\/noticiasnoface.com.br\/index.php\/wp-json\/wp\/v2\/types\/post"}],"author":[{"embeddable":true,"href":"https:\/\/noticiasnoface.com.br\/index.php\/wp-json\/wp\/v2\/users\/1"}],"replies":[{"embeddable":true,"href":"https:\/\/noticiasnoface.com.br\/index.php\/wp-json\/wp\/v2\/comments?post=11793"}],"version-history":[{"count":1,"href":"https:\/\/noticiasnoface.com.br\/index.php\/wp-json\/wp\/v2\/posts\/11793\/revisions"}],"predecessor-version":[{"id":11794,"href":"https:\/\/noticiasnoface.com.br\/index.php\/wp-json\/wp\/v2\/posts\/11793\/revisions\/11794"}],"wp:attachment":[{"href":"https:\/\/noticiasnoface.com.br\/index.php\/wp-json\/wp\/v2\/media?parent=11793"}],"wp:term":[{"taxonomy":"category","embeddable":true,"href":"https:\/\/noticiasnoface.com.br\/index.php\/wp-json\/wp\/v2\/categories?post=11793"},{"taxonomy":"post_tag","embeddable":true,"href":"https:\/\/noticiasnoface.com.br\/index.php\/wp-json\/wp\/v2\/tags?post=11793"}],"curies":[{"name":"wp","href":"https:\/\/api.w.org\/{rel}","templated":true}]}}