{"id":11852,"date":"2022-10-19T21:22:05","date_gmt":"2022-10-20T00:22:05","guid":{"rendered":"https:\/\/noticiasnoface.com.br\/?p=11852"},"modified":"2022-10-19T21:22:05","modified_gmt":"2022-10-20T00:22:05","slug":"ministro-da-defesa-caga-para-ordem-de-alexandre-de-moraes","status":"publish","type":"post","link":"https:\/\/noticiasnoface.com.br\/index.php\/2022\/10\/19\/ministro-da-defesa-caga-para-ordem-de-alexandre-de-moraes\/","title":{"rendered":"Ministro da defesa caga para ordem de Alexandre de Moraes!"},"content":{"rendered":"\n<figure class=\"wp-block-image size-large\"><img data-opt-id=1367746100  fetchpriority=\"high\" decoding=\"async\" width=\"300\" height=\"187\" src=\"https:\/\/mlbfrsat7ahr.i.optimole.com\/w:300\/h:187\/q:mauto\/ig:avif\/https:\/\/noticiasnoface.com.br\/wp-content\/uploads\/2022\/10\/img_5306.jpg\" class=\"wp-image-11851\" srcset=\"https:\/\/mlbfrsat7ahr.i.optimole.com\/w:300\/h:187\/q:mauto\/ig:avif\/https:\/\/noticiasnoface.com.br\/wp-content\/uploads\/2022\/10\/img_5306.jpg 300w, https:\/\/mlbfrsat7ahr.i.optimole.com\/w:701\/h:438\/q:mauto\/ig:avif\/https:\/\/noticiasnoface.com.br\/wp-content\/uploads\/2022\/10\/img_5306.jpg 701w\" sizes=\"(max-width: 300px) 100vw, 300px\" \/><figcaption class=\"wp-element-caption\">For\u00e7as Armadas alegam que trabalho de fiscaliza\u00e7\u00e3o ainda n\u00e3o terminou e n\u00e3o poderiam entregar um documento preliminar sobre o primeiro turno<br><br>O Minist\u00e9rio da Defesa informou ao Tribunal Superior Eleitoral (TSE) nesta quarta-feira, dia 19, que s\u00f3 poder\u00e1 entregar relat\u00f3rio final sobre seu trabalho de fiscaliza\u00e7\u00e3o do processo eleitoral ap\u00f3s a realiza\u00e7\u00e3o do segundo turno no dia 30 de outubro. As For\u00e7as Armadas alegam que divulgar um documento parcial sobre a fiscaliza\u00e7\u00e3o das elei\u00e7\u00f5es pode resultar em inconsist\u00eancia com as conclus\u00f5es. <br>PUBLICIDADE<br><br>Segundo of\u00edcio do ministro Paulo S\u00e9rgio Nogueira de Oliveira enviado ao TSE, ao t\u00e9rmino do processo eleitoral ser\u00e1 elaborado um relat\u00f3rio em at\u00e9 30 dias. Esse documento vai incluir documentos, at\u00e9 agora mantidos em sigilo.<br>A Defesa negou ter antecipado qualquer relat\u00f3rio de informa\u00e7\u00f5es ao presidente Jair Bolsonaro (PL), candidato \u00e0 reelei\u00e7\u00e3o. O <strong>Estad\u00e3o<\/strong>apurou, por\u00e9m, que o presidente foi cientificado do andamento das atividades dos militares, que n\u00e3o encontraram nenhuma irregularidade durante o primeiro turno, conforme generais da ativa do Ex\u00e9rcito. \u201cDevido \u00e0 atual inexist\u00eancia de relat\u00f3rio, n\u00e3o procede a informa\u00e7\u00e3o de que ocorreu entrega do suposto documento a qualquer candidato\u201d, diz o of\u00edcio obtido pelo Estad\u00e3o.<br>O documento \u00e9 uma nota t\u00e9cnica enviada pelo general Paulo S\u00e9rgio e assinada pelo coronel aviador Wagner Oliveira da Silva, subchefe da equipe de fiscaliza\u00e7\u00e3o das For\u00e7as Armadas, e pelo contra-almirante Paulo Roberto Saraiva, subchefe de Comando e Controle.<br>O minist\u00e9rio tinha prazo at\u00e9 hoje para responder a uma ordem do ministro Alexandre de Moraes, que cobrava o envio de informa\u00e7\u00f5es sobre a auditoria realizada sobre a Defesa. A Pasta sustenta ainda que as normas do TSE n\u00e3o estabelecem a elabora\u00e7\u00e3o e a divulga\u00e7\u00e3o de relat\u00f3rios sobre as etapas acompanhadas pelas entidades fiscalizados. O minist\u00e9rio disse ainda que as despesas de di\u00e1rias e passagens a\u00e9reas para o trabalho de fiscaliza\u00e7\u00e3o vem sendo custeadas com recursos administrativos da pasta, mas n\u00e3o informou valores despendidos.<\/figcaption><\/figure>\n","protected":false},"excerpt":{"rendered":"","protected":false},"author":1,"featured_media":0,"comment_status":"open","ping_status":"open","sticky":false,"template":"","format":"standard","meta":{"site-sidebar-layout":"default","site-content-layout":"","ast-site-content-layout":"default","site-content-style":"default","site-sidebar-style":"default","ast-global-header-display":"","ast-banner-title-visibility":"","ast-main-header-display":"","ast-hfb-above-header-display":"","ast-hfb-below-header-display":"","ast-hfb-mobile-header-display":"","site-post-title":"","ast-breadcrumbs-content":"","ast-featured-img":"","footer-sml-layout":"","ast-disable-related-posts":"","theme-transparent-header-meta":"","adv-header-id-meta":"","stick-header-meta":"","header-above-stick-meta":"","header-main-stick-meta":"","header-below-stick-meta":"","astra-migrate-meta-layouts":"default","ast-page-background-enabled":"default","ast-page-background-meta":{"desktop":{"background-color":"var(--ast-global-color-4)","background-image":"","background-repeat":"repeat","background-position":"center center","background-size":"auto","background-attachment":"scroll","background-type":"","background-media":"","overlay-type":"","overlay-color":"","overlay-opacity":"","overlay-gradient":""},"tablet":{"background-color":"","background-image":"","background-repeat":"repeat","background-position":"center center","background-size":"auto","background-attachment":"scroll","background-type":"","background-media":"","overlay-type":"","overlay-color":"","overlay-opacity":"","overlay-gradient":""},"mobile":{"background-color":"","background-image":"","background-repeat":"repeat","background-position":"center center","background-size":"auto","background-attachment":"scroll","background-type":"","background-media":"","overlay-type":"","overlay-color":"","overlay-opacity":"","overlay-gradient":""}},"ast-content-background-meta":{"desktop":{"background-color":"var(--ast-global-color-5)","background-image":"","background-repeat":"repeat","background-position":"center center","background-size":"auto","background-attachment":"scroll","background-type":"","background-media":"","overlay-type":"","overlay-color":"","overlay-opacity":"","overlay-gradient":""},"tablet":{"background-color":"var(--ast-global-color-5)","background-image":"","background-repeat":"repeat","background-position":"center center","background-size":"auto","background-attachment":"scroll","background-type":"","background-media":"","overlay-type":"","overlay-color":"","overlay-opacity":"","overlay-gradient":""},"mobile":{"background-color":"var(--ast-global-color-5)","background-image":"","background-repeat":"repeat","background-position":"center center","background-size":"auto","background-attachment":"scroll","background-type":"","background-media":"","overlay-type":"","overlay-color":"","overlay-opacity":"","overlay-gradient":""}},"footnotes":""},"categories":[517],"tags":[9,317,192,126,1971,1972,50,22,199],"class_list":["post-11852","post","type-post","status-publish","format-standard","hentry","category-aconteceu","tag-alexandre-de-moraes","tag-eleicoes","tag-eleicoes-2022","tag-ministro-alexandre-de-moraes","tag-ministro-da-defesa","tag-ministro-paulo-sergio","tag-noticias-do-face","tag-noticias-no-face","tag-noticiasnoface"],"_links":{"self":[{"href":"https:\/\/noticiasnoface.com.br\/index.php\/wp-json\/wp\/v2\/posts\/11852","targetHints":{"allow":["GET"]}}],"collection":[{"href":"https:\/\/noticiasnoface.com.br\/index.php\/wp-json\/wp\/v2\/posts"}],"about":[{"href":"https:\/\/noticiasnoface.com.br\/index.php\/wp-json\/wp\/v2\/types\/post"}],"author":[{"embeddable":true,"href":"https:\/\/noticiasnoface.com.br\/index.php\/wp-json\/wp\/v2\/users\/1"}],"replies":[{"embeddable":true,"href":"https:\/\/noticiasnoface.com.br\/index.php\/wp-json\/wp\/v2\/comments?post=11852"}],"version-history":[{"count":1,"href":"https:\/\/noticiasnoface.com.br\/index.php\/wp-json\/wp\/v2\/posts\/11852\/revisions"}],"predecessor-version":[{"id":11853,"href":"https:\/\/noticiasnoface.com.br\/index.php\/wp-json\/wp\/v2\/posts\/11852\/revisions\/11853"}],"wp:attachment":[{"href":"https:\/\/noticiasnoface.com.br\/index.php\/wp-json\/wp\/v2\/media?parent=11852"}],"wp:term":[{"taxonomy":"category","embeddable":true,"href":"https:\/\/noticiasnoface.com.br\/index.php\/wp-json\/wp\/v2\/categories?post=11852"},{"taxonomy":"post_tag","embeddable":true,"href":"https:\/\/noticiasnoface.com.br\/index.php\/wp-json\/wp\/v2\/tags?post=11852"}],"curies":[{"name":"wp","href":"https:\/\/api.w.org\/{rel}","templated":true}]}}