{"id":11855,"date":"2022-10-19T21:47:00","date_gmt":"2022-10-20T00:47:00","guid":{"rendered":"https:\/\/noticiasnoface.com.br\/?p=11855"},"modified":"2022-10-19T21:47:01","modified_gmt":"2022-10-20T00:47:01","slug":"procuradora-geral-do-al-chama-michelle-bolsonaro-de-vagabunda","status":"publish","type":"post","link":"https:\/\/noticiasnoface.com.br\/index.php\/2022\/10\/19\/procuradora-geral-do-al-chama-michelle-bolsonaro-de-vagabunda\/","title":{"rendered":"Procuradora Geral do AL chama Michelle Bolsonaro de \u201cVAGABUNDA\u201d"},"content":{"rendered":"\n<figure class=\"wp-block-image size-large\"><img data-opt-id=1305873534  fetchpriority=\"high\" decoding=\"async\" width=\"1024\" height=\"579\" src=\"https:\/\/mlbfrsat7ahr.i.optimole.com\/w:1024\/h:579\/q:mauto\/ig:avif\/https:\/\/noticiasnoface.com.br\/wp-content\/uploads\/2022\/10\/img_5311.jpg\" class=\"wp-image-11854\" srcset=\"https:\/\/mlbfrsat7ahr.i.optimole.com\/w:1024\/h:579\/q:mauto\/ig:avif\/https:\/\/noticiasnoface.com.br\/wp-content\/uploads\/2022\/10\/img_5311.jpg 1024w, https:\/\/mlbfrsat7ahr.i.optimole.com\/w:300\/h:170\/q:mauto\/ig:avif\/https:\/\/noticiasnoface.com.br\/wp-content\/uploads\/2022\/10\/img_5311.jpg 300w, https:\/\/mlbfrsat7ahr.i.optimole.com\/w:768\/h:434\/q:mauto\/ig:avif\/https:\/\/noticiasnoface.com.br\/wp-content\/uploads\/2022\/10\/img_5311.jpg 768w, https:\/\/mlbfrsat7ahr.i.optimole.com\/w:1242\/h:702\/q:mauto\/ig:avif\/https:\/\/noticiasnoface.com.br\/wp-content\/uploads\/2022\/10\/img_5311.jpg 1242w\" sizes=\"(max-width: 1000px) 100vw, 1000px\" \/><figcaption class=\"wp-element-caption\">A procuradora-geral do Estado de Alagoas, Samya Suruagy do Amaral, chamou a primeira-dama Michelle Bolsonaro de &#8220;vagabunda&#8221; nas redes sociais.<\/figcaption><\/figure>\n\n\n\n<h2 class=\"wp-block-heading\">Vagabunda <\/h2>\n\n\n\n<p>Uma vagabunda iludindo o povo\u2026 N\u00e3o sei o que dizer de quem divulga\u2026 T\u00e3o ou mais&#8221;, escreveu em uma publica\u00e7\u00e3o no Instagram. O coment\u00e1rio foi apagado, mas gerou rea\u00e7\u00e3o de apoiadores do governo Jair Bolsonaro (PL). A deputada federal Carla Zambelli (PL-SP) chamou o coment\u00e1rio de um &#8220;ataque mis\u00f3gino&#8221;. &#8220;Voc\u00ea pode at\u00e9 n\u00e3o concordar ideologicamente conosco, mas jamais voc\u00ea pode ofender a primeira-dama do Brasil, principalmente sendo uma servidora p\u00fablica&#8221;, disse em um v\u00eddeo publicado nas redes sociais. O deputado estadual Cabo Bebeto (PL) protocolou uma mo\u00e7\u00e3o de rep\u00fadio contra a procuradora do Estado na Assembleia Legislativa. Ele chamou a conduta de &#8220;desnecess\u00e1ria, desleal, covarde.<\/p>\n","protected":false},"excerpt":{"rendered":"<p>Vagabunda Uma vagabunda iludindo o povo\u2026 N\u00e3o sei o que dizer de quem divulga\u2026 T\u00e3o ou mais&#8221;, escreveu em uma [&hellip;]<\/p>\n","protected":false},"author":1,"featured_media":0,"comment_status":"open","ping_status":"open","sticky":false,"template":"","format":"standard","meta":{"site-sidebar-layout":"default","site-content-layout":"","ast-site-content-layout":"default","site-content-style":"default","site-sidebar-style":"default","ast-global-header-display":"","ast-banner-title-visibility":"","ast-main-header-display":"","ast-hfb-above-header-display":"","ast-hfb-below-header-display":"","ast-hfb-mobile-header-display":"","site-post-title":"","ast-breadcrumbs-content":"","ast-featured-img":"","footer-sml-layout":"","ast-disable-related-posts":"","theme-transparent-header-meta":"","adv-header-id-meta":"","stick-header-meta":"","header-above-stick-meta":"","header-main-stick-meta":"","header-below-stick-meta":"","astra-migrate-meta-layouts":"default","ast-page-background-enabled":"default","ast-page-background-meta":{"desktop":{"background-color":"var(--ast-global-color-4)","background-image":"","background-repeat":"repeat","background-position":"center center","background-size":"auto","background-attachment":"scroll","background-type":"","background-media":"","overlay-type":"","overlay-color":"","overlay-opacity":"","overlay-gradient":""},"tablet":{"background-color":"","background-image":"","background-repeat":"repeat","background-position":"center center","background-size":"auto","background-attachment":"scroll","background-type":"","background-media":"","overlay-type":"","overlay-color":"","overlay-opacity":"","overlay-gradient":""},"mobile":{"background-color":"","background-image":"","background-repeat":"repeat","background-position":"center center","background-size":"auto","background-attachment":"scroll","background-type":"","background-media":"","overlay-type":"","overlay-color":"","overlay-opacity":"","overlay-gradient":""}},"ast-content-background-meta":{"desktop":{"background-color":"var(--ast-global-color-5)","background-image":"","background-repeat":"repeat","background-position":"center center","background-size":"auto","background-attachment":"scroll","background-type":"","background-media":"","overlay-type":"","overlay-color":"","overlay-opacity":"","overlay-gradient":""},"tablet":{"background-color":"var(--ast-global-color-5)","background-image":"","background-repeat":"repeat","background-position":"center center","background-size":"auto","background-attachment":"scroll","background-type":"","background-media":"","overlay-type":"","overlay-color":"","overlay-opacity":"","overlay-gradient":""},"mobile":{"background-color":"var(--ast-global-color-5)","background-image":"","background-repeat":"repeat","background-position":"center center","background-size":"auto","background-attachment":"scroll","background-type":"","background-media":"","overlay-type":"","overlay-color":"","overlay-opacity":"","overlay-gradient":""}},"footnotes":""},"categories":[517],"tags":[1111,50,22,199,1379,307,1973],"class_list":["post-11855","post","type-post","status-publish","format-standard","hentry","category-aconteceu","tag-michelle-bolsonaro","tag-noticias-do-face","tag-noticias-no-face","tag-noticiasnoface","tag-procuradora","tag-procuradora-geral-da-republica","tag-vagabunda"],"_links":{"self":[{"href":"https:\/\/noticiasnoface.com.br\/index.php\/wp-json\/wp\/v2\/posts\/11855","targetHints":{"allow":["GET"]}}],"collection":[{"href":"https:\/\/noticiasnoface.com.br\/index.php\/wp-json\/wp\/v2\/posts"}],"about":[{"href":"https:\/\/noticiasnoface.com.br\/index.php\/wp-json\/wp\/v2\/types\/post"}],"author":[{"embeddable":true,"href":"https:\/\/noticiasnoface.com.br\/index.php\/wp-json\/wp\/v2\/users\/1"}],"replies":[{"embeddable":true,"href":"https:\/\/noticiasnoface.com.br\/index.php\/wp-json\/wp\/v2\/comments?post=11855"}],"version-history":[{"count":1,"href":"https:\/\/noticiasnoface.com.br\/index.php\/wp-json\/wp\/v2\/posts\/11855\/revisions"}],"predecessor-version":[{"id":11856,"href":"https:\/\/noticiasnoface.com.br\/index.php\/wp-json\/wp\/v2\/posts\/11855\/revisions\/11856"}],"wp:attachment":[{"href":"https:\/\/noticiasnoface.com.br\/index.php\/wp-json\/wp\/v2\/media?parent=11855"}],"wp:term":[{"taxonomy":"category","embeddable":true,"href":"https:\/\/noticiasnoface.com.br\/index.php\/wp-json\/wp\/v2\/categories?post=11855"},{"taxonomy":"post_tag","embeddable":true,"href":"https:\/\/noticiasnoface.com.br\/index.php\/wp-json\/wp\/v2\/tags?post=11855"}],"curies":[{"name":"wp","href":"https:\/\/api.w.org\/{rel}","templated":true}]}}