{"id":11860,"date":"2022-10-19T22:39:06","date_gmt":"2022-10-20T01:39:06","guid":{"rendered":"https:\/\/noticiasnoface.com.br\/?p=11860"},"modified":"2022-10-19T22:39:06","modified_gmt":"2022-10-20T01:39:06","slug":"projeto-cria-programa-educacional-para-a-pratica-de-educacao-fisica","status":"publish","type":"post","link":"https:\/\/noticiasnoface.com.br\/index.php\/2022\/10\/19\/projeto-cria-programa-educacional-para-a-pratica-de-educacao-fisica\/","title":{"rendered":"Projeto cria Programa Educacional para a pr\u00e1tica de Educa\u00e7\u00e3o F\u00edsica"},"content":{"rendered":"\n<figure class=\"wp-block-image size-large\"><img data-opt-id=1096976748  fetchpriority=\"high\" decoding=\"async\" width=\"1024\" height=\"627\" src=\"https:\/\/mlbfrsat7ahr.i.optimole.com\/w:1024\/h:627\/q:mauto\/ig:avif\/https:\/\/noticiasnoface.com.br\/wp-content\/uploads\/2022\/10\/img_5315.jpg\" class=\"wp-image-11859\" srcset=\"https:\/\/mlbfrsat7ahr.i.optimole.com\/w:1024\/h:627\/q:mauto\/ig:avif\/https:\/\/noticiasnoface.com.br\/wp-content\/uploads\/2022\/10\/img_5315.jpg 1024w, https:\/\/mlbfrsat7ahr.i.optimole.com\/w:300\/h:184\/q:mauto\/ig:avif\/https:\/\/noticiasnoface.com.br\/wp-content\/uploads\/2022\/10\/img_5315.jpg 300w, https:\/\/mlbfrsat7ahr.i.optimole.com\/w:768\/h:470\/q:mauto\/ig:avif\/https:\/\/noticiasnoface.com.br\/wp-content\/uploads\/2022\/10\/img_5315.jpg 768w, https:\/\/mlbfrsat7ahr.i.optimole.com\/w:1280\/h:784\/q:mauto\/ig:avif\/https:\/\/noticiasnoface.com.br\/wp-content\/uploads\/2022\/10\/img_5315.jpg 1280w\" sizes=\"(max-width: 1000px) 100vw, 1000px\" \/><figcaption class=\"wp-element-caption\">Para garantir a inclus\u00e3o nas atividades esportivas escolares, a C\u00e2mara Municipal de Natal aprovou, durante a sess\u00e3o ordin\u00e1ria desta quarta-feira (19), o Projeto de Lei n\u00b0 388\/2021 que disp\u00f5e sobre a implementa\u00e7\u00e3o do Programa Educacional para a pr\u00e1tica de Educa\u00e7\u00e3o F\u00edsica adaptada para estudantes com defici\u00eancia. De autoria da vereadora Ana Paula (Solidariedade), a proposta foi votada em segunda discuss\u00e3o e segue agora para o Executivo.<br>O projeto tamb\u00e9m vai promover a capacita\u00e7\u00e3o de professores da \u00e1rea de Educa\u00e7\u00e3o F\u00edsica para aplica\u00e7\u00e3o da inclus\u00e3o social, realizar a adequa\u00e7\u00e3o dos espa\u00e7os f\u00edsicos das escolas nos termos da legisla\u00e7\u00e3o vigente sobre acessibilidade e fornecer o atendimento educacional na \u00e1rea da Educa\u00e7\u00e3o F\u00edsica. &#8220;A escola Inclusiva \u00e9 um lugar do qual todos fazem parte, em que todos s\u00e3o aceitos, ajudam e s\u00e3o ajudados por seus colegas e outros membros da comunidade, para que suas necessidades educacionais sejam satisfeitas&#8221;, explicou a vereadora Ana Paula, que agradeceu aos parlamentares pela aprova\u00e7\u00e3o da mat\u00e9ria.<br>Na sequencia, o plen\u00e1rio deu parecer favor\u00e1vel, tamb\u00e9m em segunda discuss\u00e3o, ao Projeto de Lei n\u00b0 433\/2021 que acrescenta dispositivos \u00e0 Lei Promulgada n\u00ba 558\/2018 do Munic\u00edpio que disp\u00f5e sobre a realiza\u00e7\u00e3o de pesquisa de quantifica\u00e7\u00e3o, mapeamento e identifica\u00e7\u00e3o das caracter\u00edsticas socioecon\u00f4micas da Popula\u00e7\u00e3o em Situa\u00e7\u00e3o de Rua de Natal. Para execu\u00e7\u00e3o do Censo da Popula\u00e7\u00e3o em Situa\u00e7\u00e3o de Rua, poder\u00e3o ser estabelecidos conv\u00eanios e parcerias com \u00f3rg\u00e3os p\u00fablicos e entidades de direito p\u00fablico ou privado.<br>&#8220;Assim, a presente proposi\u00e7\u00e3o tem o objetivo de atualizar a Lei do Munic\u00edpio no sentido da promo\u00e7\u00e3o da constru\u00e7\u00e3o de um banco de dados sobre a situa\u00e7\u00e3o da Popula\u00e7\u00e3o em Situa\u00e7\u00e3o de Rua da Capital Potiguar e fornecer informa\u00e7\u00f5es suficientes para que o Poder P\u00fablico possa pautar suas pol\u00edticas p\u00fablicas de maneira a agregar todos e todas que est\u00e3o em situa\u00e7\u00e3o de rua&#8221;, pontuou a vereadora Brisa Bracchi (PT), autora do texto.<br>Por fim, foram aprovados quatro textos em primeira discuss\u00e3o: PL 548\/2021, do vereador Chagas Catarino (PSDB), que institui o Dia do Professor de Zumba, a ser comemorado no dia 15 de agosto; PL 313\/2022, do vereador Herberth Sena (PSDB), sobre o reconhecimento de utilidade p\u00fablica municipal da Associa\u00e7\u00e3o Juventude Cidad\u00e3; PL 325\/2022, do vereador Kleber Fernandes (PSDB), sobre o reconhecimento de utilidade p\u00fablica municipal da Associa\u00e7\u00e3o fam\u00edlia ABC REGGAE, e o PL 339\/2022, do presidente da Casa, vereador Paulinho Freire (Uni\u00e3o Brasil), que reconhece de utilidade p\u00fablica municipal da Federal do Com\u00e9rcio de Bens, Servi\u00e7os e Turismo do Estado do Rio Grande do Norte &#8211; FECOM\u00c9RCIO.<br><strong><em>Texto: Junior Martins<br>Fotos: Ver\u00f4nica Macedo<\/em><\/strong><\/figcaption><\/figure>\n","protected":false},"excerpt":{"rendered":"","protected":false},"author":1,"featured_media":0,"comment_status":"open","ping_status":"open","sticky":false,"template":"","format":"standard","meta":{"site-sidebar-layout":"default","site-content-layout":"","ast-site-content-layout":"default","site-content-style":"default","site-sidebar-style":"default","ast-global-header-display":"","ast-banner-title-visibility":"","ast-main-header-display":"","ast-hfb-above-header-display":"","ast-hfb-below-header-display":"","ast-hfb-mobile-header-display":"","site-post-title":"","ast-breadcrumbs-content":"","ast-featured-img":"","footer-sml-layout":"","ast-disable-related-posts":"","theme-transparent-header-meta":"","adv-header-id-meta":"","stick-header-meta":"","header-above-stick-meta":"","header-main-stick-meta":"","header-below-stick-meta":"","astra-migrate-meta-layouts":"default","ast-page-background-enabled":"default","ast-page-background-meta":{"desktop":{"background-color":"var(--ast-global-color-4)","background-image":"","background-repeat":"repeat","background-position":"center center","background-size":"auto","background-attachment":"scroll","background-type":"","background-media":"","overlay-type":"","overlay-color":"","overlay-opacity":"","overlay-gradient":""},"tablet":{"background-color":"","background-image":"","background-repeat":"repeat","background-position":"center center","background-size":"auto","background-attachment":"scroll","background-type":"","background-media":"","overlay-type":"","overlay-color":"","overlay-opacity":"","overlay-gradient":""},"mobile":{"background-color":"","background-image":"","background-repeat":"repeat","background-position":"center center","background-size":"auto","background-attachment":"scroll","background-type":"","background-media":"","overlay-type":"","overlay-color":"","overlay-opacity":"","overlay-gradient":""}},"ast-content-background-meta":{"desktop":{"background-color":"var(--ast-global-color-5)","background-image":"","background-repeat":"repeat","background-position":"center center","background-size":"auto","background-attachment":"scroll","background-type":"","background-media":"","overlay-type":"","overlay-color":"","overlay-opacity":"","overlay-gradient":""},"tablet":{"background-color":"var(--ast-global-color-5)","background-image":"","background-repeat":"repeat","background-position":"center center","background-size":"auto","background-attachment":"scroll","background-type":"","background-media":"","overlay-type":"","overlay-color":"","overlay-opacity":"","overlay-gradient":""},"mobile":{"background-color":"var(--ast-global-color-5)","background-image":"","background-repeat":"repeat","background-position":"center center","background-size":"auto","background-attachment":"scroll","background-type":"","background-media":"","overlay-type":"","overlay-color":"","overlay-opacity":"","overlay-gradient":""}},"footnotes":""},"categories":[517],"tags":[],"class_list":["post-11860","post","type-post","status-publish","format-standard","hentry","category-aconteceu"],"_links":{"self":[{"href":"https:\/\/noticiasnoface.com.br\/index.php\/wp-json\/wp\/v2\/posts\/11860","targetHints":{"allow":["GET"]}}],"collection":[{"href":"https:\/\/noticiasnoface.com.br\/index.php\/wp-json\/wp\/v2\/posts"}],"about":[{"href":"https:\/\/noticiasnoface.com.br\/index.php\/wp-json\/wp\/v2\/types\/post"}],"author":[{"embeddable":true,"href":"https:\/\/noticiasnoface.com.br\/index.php\/wp-json\/wp\/v2\/users\/1"}],"replies":[{"embeddable":true,"href":"https:\/\/noticiasnoface.com.br\/index.php\/wp-json\/wp\/v2\/comments?post=11860"}],"version-history":[{"count":1,"href":"https:\/\/noticiasnoface.com.br\/index.php\/wp-json\/wp\/v2\/posts\/11860\/revisions"}],"predecessor-version":[{"id":11861,"href":"https:\/\/noticiasnoface.com.br\/index.php\/wp-json\/wp\/v2\/posts\/11860\/revisions\/11861"}],"wp:attachment":[{"href":"https:\/\/noticiasnoface.com.br\/index.php\/wp-json\/wp\/v2\/media?parent=11860"}],"wp:term":[{"taxonomy":"category","embeddable":true,"href":"https:\/\/noticiasnoface.com.br\/index.php\/wp-json\/wp\/v2\/categories?post=11860"},{"taxonomy":"post_tag","embeddable":true,"href":"https:\/\/noticiasnoface.com.br\/index.php\/wp-json\/wp\/v2\/tags?post=11860"}],"curies":[{"name":"wp","href":"https:\/\/api.w.org\/{rel}","templated":true}]}}