{"id":11890,"date":"2022-10-20T17:25:11","date_gmt":"2022-10-20T20:25:11","guid":{"rendered":"https:\/\/noticiasnoface.com.br\/?p=11890"},"modified":"2022-10-20T17:25:11","modified_gmt":"2022-10-20T20:25:11","slug":"quem-recebeu-a-intimacao-do-tse-foi-eu-diz-marcio-valadao-pai-do-pastor-andre-valadao","status":"publish","type":"post","link":"https:\/\/noticiasnoface.com.br\/index.php\/2022\/10\/20\/quem-recebeu-a-intimacao-do-tse-foi-eu-diz-marcio-valadao-pai-do-pastor-andre-valadao\/","title":{"rendered":"\u201cQuem recebeu a intima\u00e7\u00e3o do TSE foi eu\u201d diz M\u00e1rcio Valad\u00e3o pai do pastor Andr\u00e9 Valad\u00e3o"},"content":{"rendered":"\n<figure class=\"wp-block-image size-large\"><img data-opt-id=1208127051  fetchpriority=\"high\" decoding=\"async\" width=\"300\" height=\"200\" src=\"https:\/\/mlbfrsat7ahr.i.optimole.com\/w:300\/h:200\/q:mauto\/ig:avif\/https:\/\/noticiasnoface.com.br\/wp-content\/uploads\/2022\/10\/img_5362.jpg\" class=\"wp-image-11889\" srcset=\"https:\/\/mlbfrsat7ahr.i.optimole.com\/w:300\/h:200\/q:mauto\/ig:avif\/https:\/\/noticiasnoface.com.br\/wp-content\/uploads\/2022\/10\/img_5362.jpg 300w, https:\/\/mlbfrsat7ahr.i.optimole.com\/w:679\/h:452\/q:mauto\/ig:avif\/https:\/\/noticiasnoface.com.br\/wp-content\/uploads\/2022\/10\/img_5362.jpg 679w\" sizes=\"(max-width: 300px) 100vw, 300px\" \/><figcaption class=\"wp-element-caption\">O pastor M\u00e1rcio Valad\u00e3o, ministro e presidente da Igreja Lagoinha de Belo Horizonte, falou ao portal BHAZ nesta quinta-feira (20\/10) sobre a intima\u00e7\u00e3o do Tribunal Superior Eleitoral (TSE) ao filho, Andr\u00e9 Valad\u00e3o. Ele contou que a intima\u00e7\u00e3o foi recebida na casa dele, na capital mineira, cerca de duas semanas atr\u00e1s.<br><br>\u201cQuem recebeu a intima\u00e7\u00e3o fui eu, aqui em casa. O Andr\u00e9 n\u00e3o mora aqui, mora em Orlando, nos Estados Unidos. Mas o endere\u00e7o dele \u00e9 o meu endere\u00e7o. Chegou para mim h\u00e1 umas duas ou tr\u00eas semanas\u201d, afirma M\u00e1rcio Valad\u00e3o. \u201cEu nem abri o envelope do Andr\u00e9. Ele veio aqui em Belo Horizonte dias depois e quem abriu a carta foi ele\u201d, explica o pastor. Segundo conta, o filho deve retornar \u00e0 capital mineira no dia 30 de outubro.<\/figcaption><\/figure>\n","protected":false},"excerpt":{"rendered":"","protected":false},"author":1,"featured_media":0,"comment_status":"open","ping_status":"open","sticky":false,"template":"","format":"standard","meta":{"site-sidebar-layout":"default","site-content-layout":"","ast-site-content-layout":"default","site-content-style":"default","site-sidebar-style":"default","ast-global-header-display":"","ast-banner-title-visibility":"","ast-main-header-display":"","ast-hfb-above-header-display":"","ast-hfb-below-header-display":"","ast-hfb-mobile-header-display":"","site-post-title":"","ast-breadcrumbs-content":"","ast-featured-img":"","footer-sml-layout":"","ast-disable-related-posts":"","theme-transparent-header-meta":"","adv-header-id-meta":"","stick-header-meta":"","header-above-stick-meta":"","header-main-stick-meta":"","header-below-stick-meta":"","astra-migrate-meta-layouts":"default","ast-page-background-enabled":"default","ast-page-background-meta":{"desktop":{"background-color":"var(--ast-global-color-4)","background-image":"","background-repeat":"repeat","background-position":"center center","background-size":"auto","background-attachment":"scroll","background-type":"","background-media":"","overlay-type":"","overlay-color":"","overlay-opacity":"","overlay-gradient":""},"tablet":{"background-color":"","background-image":"","background-repeat":"repeat","background-position":"center center","background-size":"auto","background-attachment":"scroll","background-type":"","background-media":"","overlay-type":"","overlay-color":"","overlay-opacity":"","overlay-gradient":""},"mobile":{"background-color":"","background-image":"","background-repeat":"repeat","background-position":"center center","background-size":"auto","background-attachment":"scroll","background-type":"","background-media":"","overlay-type":"","overlay-color":"","overlay-opacity":"","overlay-gradient":""}},"ast-content-background-meta":{"desktop":{"background-color":"var(--ast-global-color-5)","background-image":"","background-repeat":"repeat","background-position":"center center","background-size":"auto","background-attachment":"scroll","background-type":"","background-media":"","overlay-type":"","overlay-color":"","overlay-opacity":"","overlay-gradient":""},"tablet":{"background-color":"var(--ast-global-color-5)","background-image":"","background-repeat":"repeat","background-position":"center center","background-size":"auto","background-attachment":"scroll","background-type":"","background-media":"","overlay-type":"","overlay-color":"","overlay-opacity":"","overlay-gradient":""},"mobile":{"background-color":"var(--ast-global-color-5)","background-image":"","background-repeat":"repeat","background-position":"center center","background-size":"auto","background-attachment":"scroll","background-type":"","background-media":"","overlay-type":"","overlay-color":"","overlay-opacity":"","overlay-gradient":""}},"footnotes":""},"categories":[517],"tags":[1981,1982,1980,50,22,199,447,319],"class_list":["post-11890","post","type-post","status-publish","format-standard","hentry","category-aconteceu","tag-andre-valadao","tag-lagoinha","tag-marcio-valadao","tag-noticias-do-face","tag-noticias-no-face","tag-noticiasnoface","tag-pastor","tag-tse"],"_links":{"self":[{"href":"https:\/\/noticiasnoface.com.br\/index.php\/wp-json\/wp\/v2\/posts\/11890","targetHints":{"allow":["GET"]}}],"collection":[{"href":"https:\/\/noticiasnoface.com.br\/index.php\/wp-json\/wp\/v2\/posts"}],"about":[{"href":"https:\/\/noticiasnoface.com.br\/index.php\/wp-json\/wp\/v2\/types\/post"}],"author":[{"embeddable":true,"href":"https:\/\/noticiasnoface.com.br\/index.php\/wp-json\/wp\/v2\/users\/1"}],"replies":[{"embeddable":true,"href":"https:\/\/noticiasnoface.com.br\/index.php\/wp-json\/wp\/v2\/comments?post=11890"}],"version-history":[{"count":1,"href":"https:\/\/noticiasnoface.com.br\/index.php\/wp-json\/wp\/v2\/posts\/11890\/revisions"}],"predecessor-version":[{"id":11891,"href":"https:\/\/noticiasnoface.com.br\/index.php\/wp-json\/wp\/v2\/posts\/11890\/revisions\/11891"}],"wp:attachment":[{"href":"https:\/\/noticiasnoface.com.br\/index.php\/wp-json\/wp\/v2\/media?parent=11890"}],"wp:term":[{"taxonomy":"category","embeddable":true,"href":"https:\/\/noticiasnoface.com.br\/index.php\/wp-json\/wp\/v2\/categories?post=11890"},{"taxonomy":"post_tag","embeddable":true,"href":"https:\/\/noticiasnoface.com.br\/index.php\/wp-json\/wp\/v2\/tags?post=11890"}],"curies":[{"name":"wp","href":"https:\/\/api.w.org\/{rel}","templated":true}]}}