{"id":11895,"date":"2022-10-20T23:20:17","date_gmt":"2022-10-21T02:20:17","guid":{"rendered":"https:\/\/noticiasnoface.com.br\/?p=11895"},"modified":"2022-10-20T23:20:18","modified_gmt":"2022-10-21T02:20:18","slug":"camara-recebe-imagem-de-nossa-senhora-da-apresentacao-padroeira-de-natal","status":"publish","type":"post","link":"https:\/\/noticiasnoface.com.br\/index.php\/2022\/10\/20\/camara-recebe-imagem-de-nossa-senhora-da-apresentacao-padroeira-de-natal\/","title":{"rendered":"C\u00e2mara recebe imagem de Nossa Senhora da Apresenta\u00e7\u00e3o, padroeira de Natal"},"content":{"rendered":"\n<figure class=\"wp-block-image size-large\"><img data-opt-id=1051445148  fetchpriority=\"high\" decoding=\"async\" width=\"1024\" height=\"656\" src=\"https:\/\/mlbfrsat7ahr.i.optimole.com\/w:1024\/h:656\/q:mauto\/ig:avif\/https:\/\/noticiasnoface.com.br\/wp-content\/uploads\/2022\/10\/img_5373.jpg\" class=\"wp-image-11894\" srcset=\"https:\/\/mlbfrsat7ahr.i.optimole.com\/w:1024\/h:656\/q:mauto\/ig:avif\/https:\/\/noticiasnoface.com.br\/wp-content\/uploads\/2022\/10\/img_5373.jpg 1024w, https:\/\/mlbfrsat7ahr.i.optimole.com\/w:300\/h:192\/q:mauto\/ig:avif\/https:\/\/noticiasnoface.com.br\/wp-content\/uploads\/2022\/10\/img_5373.jpg 300w, https:\/\/mlbfrsat7ahr.i.optimole.com\/w:768\/h:492\/q:mauto\/ig:avif\/https:\/\/noticiasnoface.com.br\/wp-content\/uploads\/2022\/10\/img_5373.jpg 768w, https:\/\/mlbfrsat7ahr.i.optimole.com\/w:1280\/h:820\/q:mauto\/ig:avif\/https:\/\/noticiasnoface.com.br\/wp-content\/uploads\/2022\/10\/img_5373.jpg 1280w\" sizes=\"(max-width: 1000px) 100vw, 1000px\" \/><figcaption class=\"wp-element-caption\">Dentro da programa\u00e7\u00e3o da 269\u00b0 festa da padroeira da capital potiguar, Nossa Senhora da Apresenta\u00e7\u00e3o, a C\u00e2mara Municipal de Natal recebeu nesta quinta-feira (19) a imagem peregrina da santa em uma missa que foi realizada no plen\u00e1rio da Casa.<br>Vereadores e servidores participaram da missa celebrada pelo padre Jos\u00e9 Daniel Nunes. &#8220;Ficamos felizes em fazermos esse momento, nessa Casa que define o futuro da cidade, pedindo prote\u00e7\u00e3o, paz e discernimento, com as ben\u00e7\u00e3os da nossa padroeira&#8221;, destacou o vereador Herberth Sena (PSDB).<br>O vereador T\u00e9rcio Tinoco (Uni\u00e3o Brasil) falou da import\u00e2ncia da cerim\u00f4nia. &#8220;Importante renovar a f\u00e9 e a esperan\u00e7a dos vereadores e colaboradores. Um momento desses busca a harmonia dentro da C\u00e2mara&#8221;, destacou.<br>Para a vereadora Margarete R\u00e9gia (PROS) essa intera\u00e7\u00e3o \u00e9 importante e insere a C\u00e2mara dentro da tradicional festividade. &#8220;A C\u00e2mara n\u00e3o poderia ficar de fora dessa programa\u00e7\u00e3o e oferecer esse momento com a presen\u00e7a da nossa padroeira&#8221;, disse ela.<br>A cerim\u00f4nia religiosa ocorreu no hor\u00e1rio reservado para reuni\u00e3o da Comiss\u00e3o de Direitos Humanos. &#8220;A gente entendeu que era importante fortalecer o que acreditamos: o respeito inter-religioso, fazendo do plen\u00e1rio esse momento forte e acolhedor numa prepara\u00e7\u00e3o para a festa da nossa padroeira&#8221;, disse a vereadora Divaneide Bas\u00edlio (PT), presidente da Comiss\u00e3o.<br><strong>PROGRAMA\u00c7\u00c3O<\/strong><br>A programa\u00e7\u00e3o da festa de Nossa Senhora da Apresenta\u00e7\u00e3o ocorrer\u00e1 de 11 a 21 de novembro, dia da padroeira. &#8220;Estamos peregrinando com a imagem que vai passar por par\u00f3quias, comunidades, institui\u00e7\u00f5es e reparti\u00e7\u00f5es p\u00fablicas para o grande momento no dia 21 de novembro. Estamos levando toda a espiritualidade e o grande significado da presen\u00e7a de Maria na hist\u00f3ria da salva\u00e7\u00e3o, como esposa, como m\u00e3e, disc\u00edpula e mission\u00e1ria&#8221;, destacou o padre Jos\u00e9 Daniel. Toda a programa\u00e7\u00e3o da festa da padroeira pode ser consultada na p\u00e1gina https:\/\/www.arquidiocesedenatal.org.br\/festadaapresentacao2022<br> <br><em>Texto: Cl\u00e1udio Oliveira<br>Fotos: Ver\u00f4nica Macedo<\/em><\/figcaption><\/figure>\n","protected":false},"excerpt":{"rendered":"","protected":false},"author":1,"featured_media":0,"comment_status":"open","ping_status":"open","sticky":false,"template":"","format":"standard","meta":{"site-sidebar-layout":"default","site-content-layout":"","ast-site-content-layout":"default","site-content-style":"default","site-sidebar-style":"default","ast-global-header-display":"","ast-banner-title-visibility":"","ast-main-header-display":"","ast-hfb-above-header-display":"","ast-hfb-below-header-display":"","ast-hfb-mobile-header-display":"","site-post-title":"","ast-breadcrumbs-content":"","ast-featured-img":"","footer-sml-layout":"","ast-disable-related-posts":"","theme-transparent-header-meta":"","adv-header-id-meta":"","stick-header-meta":"","header-above-stick-meta":"","header-main-stick-meta":"","header-below-stick-meta":"","astra-migrate-meta-layouts":"default","ast-page-background-enabled":"default","ast-page-background-meta":{"desktop":{"background-color":"var(--ast-global-color-4)","background-image":"","background-repeat":"repeat","background-position":"center center","background-size":"auto","background-attachment":"scroll","background-type":"","background-media":"","overlay-type":"","overlay-color":"","overlay-opacity":"","overlay-gradient":""},"tablet":{"background-color":"","background-image":"","background-repeat":"repeat","background-position":"center center","background-size":"auto","background-attachment":"scroll","background-type":"","background-media":"","overlay-type":"","overlay-color":"","overlay-opacity":"","overlay-gradient":""},"mobile":{"background-color":"","background-image":"","background-repeat":"repeat","background-position":"center center","background-size":"auto","background-attachment":"scroll","background-type":"","background-media":"","overlay-type":"","overlay-color":"","overlay-opacity":"","overlay-gradient":""}},"ast-content-background-meta":{"desktop":{"background-color":"var(--ast-global-color-5)","background-image":"","background-repeat":"repeat","background-position":"center center","background-size":"auto","background-attachment":"scroll","background-type":"","background-media":"","overlay-type":"","overlay-color":"","overlay-opacity":"","overlay-gradient":""},"tablet":{"background-color":"var(--ast-global-color-5)","background-image":"","background-repeat":"repeat","background-position":"center center","background-size":"auto","background-attachment":"scroll","background-type":"","background-media":"","overlay-type":"","overlay-color":"","overlay-opacity":"","overlay-gradient":""},"mobile":{"background-color":"var(--ast-global-color-5)","background-image":"","background-repeat":"repeat","background-position":"center center","background-size":"auto","background-attachment":"scroll","background-type":"","background-media":"","overlay-type":"","overlay-color":"","overlay-opacity":"","overlay-gradient":""}},"footnotes":""},"categories":[517],"tags":[],"class_list":["post-11895","post","type-post","status-publish","format-standard","hentry","category-aconteceu"],"_links":{"self":[{"href":"https:\/\/noticiasnoface.com.br\/index.php\/wp-json\/wp\/v2\/posts\/11895","targetHints":{"allow":["GET"]}}],"collection":[{"href":"https:\/\/noticiasnoface.com.br\/index.php\/wp-json\/wp\/v2\/posts"}],"about":[{"href":"https:\/\/noticiasnoface.com.br\/index.php\/wp-json\/wp\/v2\/types\/post"}],"author":[{"embeddable":true,"href":"https:\/\/noticiasnoface.com.br\/index.php\/wp-json\/wp\/v2\/users\/1"}],"replies":[{"embeddable":true,"href":"https:\/\/noticiasnoface.com.br\/index.php\/wp-json\/wp\/v2\/comments?post=11895"}],"version-history":[{"count":1,"href":"https:\/\/noticiasnoface.com.br\/index.php\/wp-json\/wp\/v2\/posts\/11895\/revisions"}],"predecessor-version":[{"id":11896,"href":"https:\/\/noticiasnoface.com.br\/index.php\/wp-json\/wp\/v2\/posts\/11895\/revisions\/11896"}],"wp:attachment":[{"href":"https:\/\/noticiasnoface.com.br\/index.php\/wp-json\/wp\/v2\/media?parent=11895"}],"wp:term":[{"taxonomy":"category","embeddable":true,"href":"https:\/\/noticiasnoface.com.br\/index.php\/wp-json\/wp\/v2\/categories?post=11895"},{"taxonomy":"post_tag","embeddable":true,"href":"https:\/\/noticiasnoface.com.br\/index.php\/wp-json\/wp\/v2\/tags?post=11895"}],"curies":[{"name":"wp","href":"https:\/\/api.w.org\/{rel}","templated":true}]}}