{"id":11926,"date":"2022-10-21T23:26:12","date_gmt":"2022-10-22T02:26:12","guid":{"rendered":"https:\/\/noticiasnoface.com.br\/?p=11926"},"modified":"2022-10-21T23:26:12","modified_gmt":"2022-10-22T02:26:12","slug":"camara-de-natal-realiza-solenidade-em-homenagem-ao-dia-do-farmaceutico","status":"publish","type":"post","link":"https:\/\/noticiasnoface.com.br\/index.php\/2022\/10\/21\/camara-de-natal-realiza-solenidade-em-homenagem-ao-dia-do-farmaceutico\/","title":{"rendered":"C\u00e2mara de Natal realiza solenidade em homenagem ao Dia do Farmac\u00eautico"},"content":{"rendered":"\n<figure class=\"wp-block-image size-large\"><img data-opt-id=1770042284  fetchpriority=\"high\" decoding=\"async\" width=\"1024\" height=\"749\" src=\"https:\/\/mlbfrsat7ahr.i.optimole.com\/w:1024\/h:749\/q:mauto\/ig:avif\/https:\/\/noticiasnoface.com.br\/wp-content\/uploads\/2022\/10\/img_5429-1.jpg\" class=\"wp-image-11925\" srcset=\"https:\/\/mlbfrsat7ahr.i.optimole.com\/w:1024\/h:749\/q:mauto\/ig:avif\/https:\/\/noticiasnoface.com.br\/wp-content\/uploads\/2022\/10\/img_5429-1.jpg 1024w, https:\/\/mlbfrsat7ahr.i.optimole.com\/w:300\/h:219\/q:mauto\/ig:avif\/https:\/\/noticiasnoface.com.br\/wp-content\/uploads\/2022\/10\/img_5429-1.jpg 300w, https:\/\/mlbfrsat7ahr.i.optimole.com\/w:768\/h:562\/q:mauto\/ig:avif\/https:\/\/noticiasnoface.com.br\/wp-content\/uploads\/2022\/10\/img_5429-1.jpg 768w, https:\/\/mlbfrsat7ahr.i.optimole.com\/w:1280\/h:936\/q:mauto\/ig:avif\/https:\/\/noticiasnoface.com.br\/wp-content\/uploads\/2022\/10\/img_5429-1.jpg 1280w\" sizes=\"(max-width: 1000px) 100vw, 1000px\" \/><figcaption class=\"wp-element-caption\">Em sess\u00e3o solene realizada nesta quinta-feira (20), a C\u00e2mara Municipal de Natal realizou a entrega da Comenda Gen\u00e1rio Alves Fonseca em homenagem ao Dia Internacional do Farmac\u00eautico (celebrado em 25 de setembro) para personalidades de destaque do segmento. A cerim\u00f4nia, uma proposi\u00e7\u00e3o do vereador Aroldo Alves (PSDB), foi acompanhada por autoridades, familiares dos homenageados e entidades representativas da profiss\u00e3o farmac\u00eautica.<br>O graduado em Farm\u00e1cia pode atuar na orienta\u00e7\u00e3o sobre o uso correto de medicamentos, al\u00e9m de agir na prescri\u00e7\u00e3o farmac\u00eautica. Ele (o farmac\u00eautico) \u00e9 capacitado para atuar em farm\u00e1cias de diversos estabelecimentos como hospitais, consult\u00f3rios, cl\u00ednicas, postos de sa\u00fade e at\u00e9 mesmo em drogarias particulares. Al\u00e9m disso, o profissional pode atuar na \u00e1rea de an\u00e1lises cl\u00ednicas, com banco de materiais biol\u00f3gicos e banco de \u00f3rg\u00e3os, com tecidos e c\u00e9lulas, bancos de sangue, de s\u00eamen, entre outros.<br>De acordo com o vereador Aroldo Alves, o farmac\u00eautico \u00e9 um profissional fundamental para os servi\u00e7os de sa\u00fade da sociedade. &#8220;Nosso mandato tem uma miss\u00e3o: reconhecer a import\u00e2ncia de todas as categorias. Dito isso, entregamos pela quarta vez esta comenda que representa a gratid\u00e3o do povo natalense aos farmac\u00eauticos. \u00c9 importante lembrar que, em meio aos trabalhadores da sa\u00fade, o farmac\u00eautico \u00e9 o mais acess\u00edvel \u00e0 popula\u00e7\u00e3o&#8221;.<br>A vice-presidente do Conselho Federal de Farm\u00e1cia e Secret\u00e1ria Geral da Sociedade Brasileira de An\u00e1lises Cl\u00ednicas, Lenira da Silva Costa, falou que a profiss\u00e3o oferece imensa contribui\u00e7\u00e3o para a sa\u00fade p\u00fablica, todavia, ainda precisa de mais reconhecimento social. &#8220;Por este motivo, o gesto da C\u00e2mara Municipal de Natal \u00e9 t\u00e3o importante para a nossa categoria. Estamos todos gratos e lisonjeados&#8221;, comemorou.<br>Joselito Rangel, presidente do Conselho Regional de Farm\u00e1cia, disse que a iniciativa do vereador Aroldo Alves representa um momento de valoriza\u00e7\u00e3o da profiss\u00e3o. &#8220;\u00c9 um parlamentar parceiro dos farmac\u00eauticos, sempre sol\u00edcito, o que faz com que a Farm\u00e1cia avance e alcance o destaque que merece&#8221;, pontuou. &#8220;Os farmac\u00eauticos foram decisivos na pandemia da Covid-19 com a produ\u00e7\u00e3o de vacinas, t\u00e3o necess\u00e1rias para o retorno das atividades econ\u00f4micas e socias&#8221;, concluiu. <br><strong><em>Texto: Junior Martins<br>Fotos: Ver\u00f4nica Macedo<\/em><\/strong><\/figcaption><\/figure>\n\n\n\n<figure class=\"wp-block-image size-large\"><img data-opt-id=396806211  fetchpriority=\"high\" decoding=\"async\" width=\"1024\" height=\"749\" src=\"https:\/\/mlbfrsat7ahr.i.optimole.com\/w:1024\/h:749\/q:mauto\/ig:avif\/https:\/\/noticiasnoface.com.br\/wp-content\/uploads\/2022\/10\/img_5429.jpg\" class=\"wp-image-11924\" srcset=\"https:\/\/mlbfrsat7ahr.i.optimole.com\/w:1024\/h:749\/q:mauto\/ig:avif\/https:\/\/noticiasnoface.com.br\/wp-content\/uploads\/2022\/10\/img_5429.jpg 1024w, https:\/\/mlbfrsat7ahr.i.optimole.com\/w:300\/h:219\/q:mauto\/ig:avif\/https:\/\/noticiasnoface.com.br\/wp-content\/uploads\/2022\/10\/img_5429.jpg 300w, https:\/\/mlbfrsat7ahr.i.optimole.com\/w:768\/h:562\/q:mauto\/ig:avif\/https:\/\/noticiasnoface.com.br\/wp-content\/uploads\/2022\/10\/img_5429.jpg 768w, https:\/\/mlbfrsat7ahr.i.optimole.com\/w:1280\/h:936\/q:mauto\/ig:avif\/https:\/\/noticiasnoface.com.br\/wp-content\/uploads\/2022\/10\/img_5429.jpg 1280w\" sizes=\"(max-width: 1000px) 100vw, 1000px\" \/><\/figure>\n","protected":false},"excerpt":{"rendered":"","protected":false},"author":1,"featured_media":0,"comment_status":"open","ping_status":"open","sticky":false,"template":"","format":"standard","meta":{"site-sidebar-layout":"default","site-content-layout":"","ast-site-content-layout":"default","site-content-style":"default","site-sidebar-style":"default","ast-global-header-display":"","ast-banner-title-visibility":"","ast-main-header-display":"","ast-hfb-above-header-display":"","ast-hfb-below-header-display":"","ast-hfb-mobile-header-display":"","site-post-title":"","ast-breadcrumbs-content":"","ast-featured-img":"","footer-sml-layout":"","ast-disable-related-posts":"","theme-transparent-header-meta":"","adv-header-id-meta":"","stick-header-meta":"","header-above-stick-meta":"","header-main-stick-meta":"","header-below-stick-meta":"","astra-migrate-meta-layouts":"default","ast-page-background-enabled":"default","ast-page-background-meta":{"desktop":{"background-color":"var(--ast-global-color-4)","background-image":"","background-repeat":"repeat","background-position":"center center","background-size":"auto","background-attachment":"scroll","background-type":"","background-media":"","overlay-type":"","overlay-color":"","overlay-opacity":"","overlay-gradient":""},"tablet":{"background-color":"","background-image":"","background-repeat":"repeat","background-position":"center center","background-size":"auto","background-attachment":"scroll","background-type":"","background-media":"","overlay-type":"","overlay-color":"","overlay-opacity":"","overlay-gradient":""},"mobile":{"background-color":"","background-image":"","background-repeat":"repeat","background-position":"center center","background-size":"auto","background-attachment":"scroll","background-type":"","background-media":"","overlay-type":"","overlay-color":"","overlay-opacity":"","overlay-gradient":""}},"ast-content-background-meta":{"desktop":{"background-color":"var(--ast-global-color-5)","background-image":"","background-repeat":"repeat","background-position":"center center","background-size":"auto","background-attachment":"scroll","background-type":"","background-media":"","overlay-type":"","overlay-color":"","overlay-opacity":"","overlay-gradient":""},"tablet":{"background-color":"var(--ast-global-color-5)","background-image":"","background-repeat":"repeat","background-position":"center center","background-size":"auto","background-attachment":"scroll","background-type":"","background-media":"","overlay-type":"","overlay-color":"","overlay-opacity":"","overlay-gradient":""},"mobile":{"background-color":"var(--ast-global-color-5)","background-image":"","background-repeat":"repeat","background-position":"center center","background-size":"auto","background-attachment":"scroll","background-type":"","background-media":"","overlay-type":"","overlay-color":"","overlay-opacity":"","overlay-gradient":""}},"footnotes":""},"categories":[517],"tags":[],"class_list":["post-11926","post","type-post","status-publish","format-standard","hentry","category-aconteceu"],"_links":{"self":[{"href":"https:\/\/noticiasnoface.com.br\/index.php\/wp-json\/wp\/v2\/posts\/11926","targetHints":{"allow":["GET"]}}],"collection":[{"href":"https:\/\/noticiasnoface.com.br\/index.php\/wp-json\/wp\/v2\/posts"}],"about":[{"href":"https:\/\/noticiasnoface.com.br\/index.php\/wp-json\/wp\/v2\/types\/post"}],"author":[{"embeddable":true,"href":"https:\/\/noticiasnoface.com.br\/index.php\/wp-json\/wp\/v2\/users\/1"}],"replies":[{"embeddable":true,"href":"https:\/\/noticiasnoface.com.br\/index.php\/wp-json\/wp\/v2\/comments?post=11926"}],"version-history":[{"count":1,"href":"https:\/\/noticiasnoface.com.br\/index.php\/wp-json\/wp\/v2\/posts\/11926\/revisions"}],"predecessor-version":[{"id":11927,"href":"https:\/\/noticiasnoface.com.br\/index.php\/wp-json\/wp\/v2\/posts\/11926\/revisions\/11927"}],"wp:attachment":[{"href":"https:\/\/noticiasnoface.com.br\/index.php\/wp-json\/wp\/v2\/media?parent=11926"}],"wp:term":[{"taxonomy":"category","embeddable":true,"href":"https:\/\/noticiasnoface.com.br\/index.php\/wp-json\/wp\/v2\/categories?post=11926"},{"taxonomy":"post_tag","embeddable":true,"href":"https:\/\/noticiasnoface.com.br\/index.php\/wp-json\/wp\/v2\/tags?post=11926"}],"curies":[{"name":"wp","href":"https:\/\/api.w.org\/{rel}","templated":true}]}}