{"id":11944,"date":"2022-10-22T11:48:57","date_gmt":"2022-10-22T14:48:57","guid":{"rendered":"https:\/\/noticiasnoface.com.br\/?p=11944"},"modified":"2022-10-22T11:48:58","modified_gmt":"2022-10-22T14:48:58","slug":"pesquisa-futura-bolsonaro-abre-7-pontos-em-minas-gerais","status":"publish","type":"post","link":"https:\/\/noticiasnoface.com.br\/index.php\/2022\/10\/22\/pesquisa-futura-bolsonaro-abre-7-pontos-em-minas-gerais\/","title":{"rendered":"Pesquisa FUTURA: Bolsonaro abre 7 pontos em Minas Gerais"},"content":{"rendered":"\n<figure class=\"wp-block-image size-large\"><img data-opt-id=1350175514  fetchpriority=\"high\" decoding=\"async\" width=\"300\" height=\"300\" src=\"https:\/\/mlbfrsat7ahr.i.optimole.com\/w:300\/h:300\/q:mauto\/ig:avif\/https:\/\/noticiasnoface.com.br\/wp-content\/uploads\/2022\/10\/img_5456.jpg\" class=\"wp-image-11943\" srcset=\"https:\/\/mlbfrsat7ahr.i.optimole.com\/w:300\/h:300\/q:mauto\/ig:avif\/https:\/\/noticiasnoface.com.br\/wp-content\/uploads\/2022\/10\/img_5456.jpg 300w, https:\/\/mlbfrsat7ahr.i.optimole.com\/w:150\/h:150\/q:mauto\/ig:avif\/https:\/\/noticiasnoface.com.br\/wp-content\/uploads\/2022\/10\/img_5456.jpg 150w, https:\/\/mlbfrsat7ahr.i.optimole.com\/w:554\/h:554\/q:mauto\/ig:avif\/https:\/\/noticiasnoface.com.br\/wp-content\/uploads\/2022\/10\/img_5456.jpg 554w\" sizes=\"(max-width: 300px) 100vw, 300px\" \/><figcaption class=\"wp-element-caption\">Em Minas Gerais, onde Lula venceu no primeiro turno, o presidente Jair Bolsonaro virou e agora tem sete pontos percentuais \u00e0 frente do ex-presidente, segundo a pesquisa Modalmais\/Futura divulgada neste s\u00e1bado (22).<br>Bolsonaro tem 53,5% das inten\u00e7\u00f5es de votos contra 46,5% de Lula, considerando os votos v\u00e1lidos, entre os eleitores de Minas Gerais.<br><img data-opt-id=1200184040  fetchpriority=\"high\" decoding=\"async\" src=\"https:\/\/assets.blogdobg.com.br\/uploads\/2022\/10\/VVVVVV.jpg\" class=\"alignnone size-full lazy wp-image-828467 medium-zoom-image lazy-loaded\" alt=\"\" width=\"974\" height=\"501\" srcset=\"https:\/\/assets.blogdobg.com.br\/uploads\/2022\/10\/VVVVVV.jpg 974w, https:\/\/assets.blogdobg.com.br\/uploads\/2022\/10\/VVVVVV-300x154.jpg 300w, https:\/\/assets.blogdobg.com.br\/uploads\/2022\/10\/VVVVVV-768x395.jpg 768w\"><br>Para a pesquisa, foram ouvidas 1.200 pessoas entre os dias 17 e 19 de outubro. A margem de erro \u00e9 de 2,9 pontos percentuais para mais ou para menos. O n\u00edvel de confian\u00e7a \u00e9 de 95%. A sondagem foi registrada no TSE com o n\u00famero BR-04613-2022.<\/figcaption><\/figure>\n","protected":false},"excerpt":{"rendered":"","protected":false},"author":1,"featured_media":0,"comment_status":"open","ping_status":"open","sticky":false,"template":"","format":"standard","meta":{"site-sidebar-layout":"default","site-content-layout":"","ast-site-content-layout":"default","site-content-style":"default","site-sidebar-style":"default","ast-global-header-display":"","ast-banner-title-visibility":"","ast-main-header-display":"","ast-hfb-above-header-display":"","ast-hfb-below-header-display":"","ast-hfb-mobile-header-display":"","site-post-title":"","ast-breadcrumbs-content":"","ast-featured-img":"","footer-sml-layout":"","ast-disable-related-posts":"","theme-transparent-header-meta":"","adv-header-id-meta":"","stick-header-meta":"","header-above-stick-meta":"","header-main-stick-meta":"","header-below-stick-meta":"","astra-migrate-meta-layouts":"default","ast-page-background-enabled":"default","ast-page-background-meta":{"desktop":{"background-color":"var(--ast-global-color-4)","background-image":"","background-repeat":"repeat","background-position":"center center","background-size":"auto","background-attachment":"scroll","background-type":"","background-media":"","overlay-type":"","overlay-color":"","overlay-opacity":"","overlay-gradient":""},"tablet":{"background-color":"","background-image":"","background-repeat":"repeat","background-position":"center center","background-size":"auto","background-attachment":"scroll","background-type":"","background-media":"","overlay-type":"","overlay-color":"","overlay-opacity":"","overlay-gradient":""},"mobile":{"background-color":"","background-image":"","background-repeat":"repeat","background-position":"center center","background-size":"auto","background-attachment":"scroll","background-type":"","background-media":"","overlay-type":"","overlay-color":"","overlay-opacity":"","overlay-gradient":""}},"ast-content-background-meta":{"desktop":{"background-color":"var(--ast-global-color-5)","background-image":"","background-repeat":"repeat","background-position":"center center","background-size":"auto","background-attachment":"scroll","background-type":"","background-media":"","overlay-type":"","overlay-color":"","overlay-opacity":"","overlay-gradient":""},"tablet":{"background-color":"var(--ast-global-color-5)","background-image":"","background-repeat":"repeat","background-position":"center center","background-size":"auto","background-attachment":"scroll","background-type":"","background-media":"","overlay-type":"","overlay-color":"","overlay-opacity":"","overlay-gradient":""},"mobile":{"background-color":"var(--ast-global-color-5)","background-image":"","background-repeat":"repeat","background-position":"center center","background-size":"auto","background-attachment":"scroll","background-type":"","background-media":"","overlay-type":"","overlay-color":"","overlay-opacity":"","overlay-gradient":""}},"footnotes":""},"categories":[517],"tags":[1990,1991,50,22,199,528,250],"class_list":["post-11944","post","type-post","status-publish","format-standard","hentry","category-aconteceu","tag-lula-bolsonaro","tag-minas-gerais","tag-noticias-do-face","tag-noticias-no-face","tag-noticiasnoface","tag-pesquisa","tag-pesquisas"],"_links":{"self":[{"href":"https:\/\/noticiasnoface.com.br\/index.php\/wp-json\/wp\/v2\/posts\/11944","targetHints":{"allow":["GET"]}}],"collection":[{"href":"https:\/\/noticiasnoface.com.br\/index.php\/wp-json\/wp\/v2\/posts"}],"about":[{"href":"https:\/\/noticiasnoface.com.br\/index.php\/wp-json\/wp\/v2\/types\/post"}],"author":[{"embeddable":true,"href":"https:\/\/noticiasnoface.com.br\/index.php\/wp-json\/wp\/v2\/users\/1"}],"replies":[{"embeddable":true,"href":"https:\/\/noticiasnoface.com.br\/index.php\/wp-json\/wp\/v2\/comments?post=11944"}],"version-history":[{"count":1,"href":"https:\/\/noticiasnoface.com.br\/index.php\/wp-json\/wp\/v2\/posts\/11944\/revisions"}],"predecessor-version":[{"id":11945,"href":"https:\/\/noticiasnoface.com.br\/index.php\/wp-json\/wp\/v2\/posts\/11944\/revisions\/11945"}],"wp:attachment":[{"href":"https:\/\/noticiasnoface.com.br\/index.php\/wp-json\/wp\/v2\/media?parent=11944"}],"wp:term":[{"taxonomy":"category","embeddable":true,"href":"https:\/\/noticiasnoface.com.br\/index.php\/wp-json\/wp\/v2\/categories?post=11944"},{"taxonomy":"post_tag","embeddable":true,"href":"https:\/\/noticiasnoface.com.br\/index.php\/wp-json\/wp\/v2\/tags?post=11944"}],"curies":[{"name":"wp","href":"https:\/\/api.w.org\/{rel}","templated":true}]}}