{"id":11968,"date":"2022-10-24T07:53:45","date_gmt":"2022-10-24T10:53:45","guid":{"rendered":"https:\/\/noticiasnoface.com.br\/?p=11968"},"modified":"2022-10-24T07:54:24","modified_gmt":"2022-10-24T10:54:24","slug":"apos-lula-nao-ir-para-debate-os-termos-fujao-e-penis-de-islime-viraliza-na-web","status":"publish","type":"post","link":"https:\/\/noticiasnoface.com.br\/index.php\/2022\/10\/24\/apos-lula-nao-ir-para-debate-os-termos-fujao-e-penis-de-islime-viraliza-na-web\/","title":{"rendered":"Ap\u00f3s Lula n\u00e3o ir ao debate os termos \u201cfuj\u00e3o\u201d e \u201cp\u00eanis de islime\u201d viraliza na web"},"content":{"rendered":"\n<figure class=\"wp-block-image size-large\"><img data-opt-id=1549494298  fetchpriority=\"high\" decoding=\"async\" width=\"1024\" height=\"570\" src=\"https:\/\/mlbfrsat7ahr.i.optimole.com\/w:1024\/h:570\/q:mauto\/ig:avif\/https:\/\/noticiasnoface.com.br\/wp-content\/uploads\/2022\/10\/img_5539.jpg\" alt=\"\" class=\"wp-image-11967\" srcset=\"https:\/\/mlbfrsat7ahr.i.optimole.com\/w:1024\/h:570\/q:mauto\/ig:avif\/https:\/\/noticiasnoface.com.br\/wp-content\/uploads\/2022\/10\/img_5539.jpg 1024w, https:\/\/mlbfrsat7ahr.i.optimole.com\/w:300\/h:167\/q:mauto\/ig:avif\/https:\/\/noticiasnoface.com.br\/wp-content\/uploads\/2022\/10\/img_5539.jpg 300w, https:\/\/mlbfrsat7ahr.i.optimole.com\/w:768\/h:427\/q:mauto\/ig:avif\/https:\/\/noticiasnoface.com.br\/wp-content\/uploads\/2022\/10\/img_5539.jpg 768w, https:\/\/mlbfrsat7ahr.i.optimole.com\/w:1130\/h:629\/q:mauto\/ig:avif\/https:\/\/noticiasnoface.com.br\/wp-content\/uploads\/2022\/10\/img_5539.jpg 1130w\" sizes=\"(max-width: 1000px) 100vw, 1000px\" \/><figcaption class=\"wp-element-caption\">O termo \u201cfuj\u00e3o\u201d e \u201cr\u00f4la murcha\u201d foi parar nos assuntos mais comentados do Twitter na noite deste domingo (23) ap\u00f3s o ex-presidente Luiz In\u00e1cio Lula da Silva (PT) desistir de participar do debate na Record TV. Sem o candidato petista, o presidente Jair Bolsonaro (PL), candidato \u00e0 reelei\u00e7\u00e3o, \u00e9 entrevistado na emissora. A imagem que mostra o p\u00falpito de Lula vazio tamb\u00e9m viralizou.<br \/><br \/>Jair Bolsonaro se referiu ao ex-presidente como \u201cfuj\u00e3o\u201d e veio da \u201cr\u00f4la murcha\u201d em ao menos tr\u00eas situa\u00e7\u00f5es. \u201cTem gente a\u00ed, como o candidato fuj\u00e3o que quer tirar proveito da situa\u00e7\u00e3o\u201d, disse o presidente logo nos minutos iniciais do primeiro bloco ao falar sobre o caso envolvendo a pris\u00e3o de Roberto Jefferson (PTB).<br \/>\u201cN\u00e3o mentimos. N\u00e3o precisamos mentir para mostrar o car\u00e1ter do fuj\u00e3o\u201d, disse o presidente em outro momento da entrevista.<br \/><\/figcaption><\/figure>\n","protected":false},"excerpt":{"rendered":"","protected":false},"author":1,"featured_media":0,"comment_status":"open","ping_status":"open","sticky":false,"template":"","format":"standard","meta":{"site-sidebar-layout":"default","site-content-layout":"","ast-site-content-layout":"default","site-content-style":"default","site-sidebar-style":"default","ast-global-header-display":"","ast-banner-title-visibility":"","ast-main-header-display":"","ast-hfb-above-header-display":"","ast-hfb-below-header-display":"","ast-hfb-mobile-header-display":"","site-post-title":"","ast-breadcrumbs-content":"","ast-featured-img":"","footer-sml-layout":"","ast-disable-related-posts":"","theme-transparent-header-meta":"","adv-header-id-meta":"","stick-header-meta":"","header-above-stick-meta":"","header-main-stick-meta":"","header-below-stick-meta":"","astra-migrate-meta-layouts":"default","ast-page-background-enabled":"default","ast-page-background-meta":{"desktop":{"background-color":"var(--ast-global-color-4)","background-image":"","background-repeat":"repeat","background-position":"center center","background-size":"auto","background-attachment":"scroll","background-type":"","background-media":"","overlay-type":"","overlay-color":"","overlay-opacity":"","overlay-gradient":""},"tablet":{"background-color":"","background-image":"","background-repeat":"repeat","background-position":"center center","background-size":"auto","background-attachment":"scroll","background-type":"","background-media":"","overlay-type":"","overlay-color":"","overlay-opacity":"","overlay-gradient":""},"mobile":{"background-color":"","background-image":"","background-repeat":"repeat","background-position":"center center","background-size":"auto","background-attachment":"scroll","background-type":"","background-media":"","overlay-type":"","overlay-color":"","overlay-opacity":"","overlay-gradient":""}},"ast-content-background-meta":{"desktop":{"background-color":"var(--ast-global-color-5)","background-image":"","background-repeat":"repeat","background-position":"center center","background-size":"auto","background-attachment":"scroll","background-type":"","background-media":"","overlay-type":"","overlay-color":"","overlay-opacity":"","overlay-gradient":""},"tablet":{"background-color":"var(--ast-global-color-5)","background-image":"","background-repeat":"repeat","background-position":"center center","background-size":"auto","background-attachment":"scroll","background-type":"","background-media":"","overlay-type":"","overlay-color":"","overlay-opacity":"","overlay-gradient":""},"mobile":{"background-color":"var(--ast-global-color-5)","background-image":"","background-repeat":"repeat","background-position":"center center","background-size":"auto","background-attachment":"scroll","background-type":"","background-media":"","overlay-type":"","overlay-color":"","overlay-opacity":"","overlay-gradient":""}},"footnotes":""},"categories":[517],"tags":[1020,1995,115,50,22,199,810,1874],"class_list":["post-11968","post","type-post","status-publish","format-standard","hentry","category-aconteceu","tag-debate","tag-fujao","tag-islime","tag-noticias-do-face","tag-noticias-no-face","tag-noticiasnoface","tag-penis","tag-record"],"_links":{"self":[{"href":"https:\/\/noticiasnoface.com.br\/index.php\/wp-json\/wp\/v2\/posts\/11968","targetHints":{"allow":["GET"]}}],"collection":[{"href":"https:\/\/noticiasnoface.com.br\/index.php\/wp-json\/wp\/v2\/posts"}],"about":[{"href":"https:\/\/noticiasnoface.com.br\/index.php\/wp-json\/wp\/v2\/types\/post"}],"author":[{"embeddable":true,"href":"https:\/\/noticiasnoface.com.br\/index.php\/wp-json\/wp\/v2\/users\/1"}],"replies":[{"embeddable":true,"href":"https:\/\/noticiasnoface.com.br\/index.php\/wp-json\/wp\/v2\/comments?post=11968"}],"version-history":[{"count":2,"href":"https:\/\/noticiasnoface.com.br\/index.php\/wp-json\/wp\/v2\/posts\/11968\/revisions"}],"predecessor-version":[{"id":11970,"href":"https:\/\/noticiasnoface.com.br\/index.php\/wp-json\/wp\/v2\/posts\/11968\/revisions\/11970"}],"wp:attachment":[{"href":"https:\/\/noticiasnoface.com.br\/index.php\/wp-json\/wp\/v2\/media?parent=11968"}],"wp:term":[{"taxonomy":"category","embeddable":true,"href":"https:\/\/noticiasnoface.com.br\/index.php\/wp-json\/wp\/v2\/categories?post=11968"},{"taxonomy":"post_tag","embeddable":true,"href":"https:\/\/noticiasnoface.com.br\/index.php\/wp-json\/wp\/v2\/tags?post=11968"}],"curies":[{"name":"wp","href":"https:\/\/api.w.org\/{rel}","templated":true}]}}