{"id":11986,"date":"2022-10-24T15:00:09","date_gmt":"2022-10-24T18:00:09","guid":{"rendered":"https:\/\/noticiasnoface.com.br\/?p=11986"},"modified":"2022-10-24T15:00:10","modified_gmt":"2022-10-24T18:00:10","slug":"prefeito-de-brejinho-ameaca-quem-vai-votar-em-bolsonaro","status":"publish","type":"post","link":"https:\/\/noticiasnoface.com.br\/index.php\/2022\/10\/24\/prefeito-de-brejinho-ameaca-quem-vai-votar-em-bolsonaro\/","title":{"rendered":"Prefeito de Brejinho amea\u00e7a quem vai votar em Bolsonaro"},"content":{"rendered":"\n<figure class=\"wp-block-image size-large\"><img data-opt-id=1035701784  fetchpriority=\"high\" decoding=\"async\" width=\"900\" height=\"1024\" src=\"https:\/\/mlbfrsat7ahr.i.optimole.com\/w:900\/h:1024\/q:mauto\/ig:avif\/https:\/\/noticiasnoface.com.br\/wp-content\/uploads\/2022\/10\/photo-output-16.jpg\" class=\"wp-image-11985\" srcset=\"https:\/\/mlbfrsat7ahr.i.optimole.com\/w:900\/h:1024\/q:mauto\/ig:avif\/https:\/\/noticiasnoface.com.br\/wp-content\/uploads\/2022\/10\/photo-output-16.jpg 900w, https:\/\/mlbfrsat7ahr.i.optimole.com\/w:264\/h:300\/q:mauto\/ig:avif\/https:\/\/noticiasnoface.com.br\/wp-content\/uploads\/2022\/10\/photo-output-16.jpg 264w, https:\/\/mlbfrsat7ahr.i.optimole.com\/w:768\/h:874\/q:mauto\/ig:avif\/https:\/\/noticiasnoface.com.br\/wp-content\/uploads\/2022\/10\/photo-output-16.jpg 768w, https:\/\/mlbfrsat7ahr.i.optimole.com\/w:949\/h:1080\/q:mauto\/ig:avif\/https:\/\/noticiasnoface.com.br\/wp-content\/uploads\/2022\/10\/photo-output-16.jpg 1350w, https:\/\/mlbfrsat7ahr.i.optimole.com\/w:949\/h:1080\/q:mauto\/ig:avif\/https:\/\/noticiasnoface.com.br\/wp-content\/uploads\/2022\/10\/photo-output-16.jpg 1800w\" sizes=\"(max-width: 900px) 100vw, 900px\" \/><figcaption class=\"wp-element-caption\">O prefeito de Brejinho Joao Gomes, usou o grupo de WhatsApp da prefeitura para amea\u00e7ar os servidores que votarem em Bolsonaro. Ele deixa claro que quem quiser votar em BOZO pode votar, por\u00e9m pe\u00e7a demiss\u00e3o antes. Aten\u00e7\u00e3o MPE, temos um crime eleitoral? <\/figcaption><\/figure>\n","protected":false},"excerpt":{"rendered":"","protected":false},"author":1,"featured_media":0,"comment_status":"open","ping_status":"open","sticky":false,"template":"","format":"standard","meta":{"site-sidebar-layout":"default","site-content-layout":"","ast-site-content-layout":"default","site-content-style":"default","site-sidebar-style":"default","ast-global-header-display":"","ast-banner-title-visibility":"","ast-main-header-display":"","ast-hfb-above-header-display":"","ast-hfb-below-header-display":"","ast-hfb-mobile-header-display":"","site-post-title":"","ast-breadcrumbs-content":"","ast-featured-img":"","footer-sml-layout":"","ast-disable-related-posts":"","theme-transparent-header-meta":"","adv-header-id-meta":"","stick-header-meta":"","header-above-stick-meta":"","header-main-stick-meta":"","header-below-stick-meta":"","astra-migrate-meta-layouts":"default","ast-page-background-enabled":"default","ast-page-background-meta":{"desktop":{"background-color":"var(--ast-global-color-4)","background-image":"","background-repeat":"repeat","background-position":"center center","background-size":"auto","background-attachment":"scroll","background-type":"","background-media":"","overlay-type":"","overlay-color":"","overlay-opacity":"","overlay-gradient":""},"tablet":{"background-color":"","background-image":"","background-repeat":"repeat","background-position":"center center","background-size":"auto","background-attachment":"scroll","background-type":"","background-media":"","overlay-type":"","overlay-color":"","overlay-opacity":"","overlay-gradient":""},"mobile":{"background-color":"","background-image":"","background-repeat":"repeat","background-position":"center center","background-size":"auto","background-attachment":"scroll","background-type":"","background-media":"","overlay-type":"","overlay-color":"","overlay-opacity":"","overlay-gradient":""}},"ast-content-background-meta":{"desktop":{"background-color":"var(--ast-global-color-5)","background-image":"","background-repeat":"repeat","background-position":"center center","background-size":"auto","background-attachment":"scroll","background-type":"","background-media":"","overlay-type":"","overlay-color":"","overlay-opacity":"","overlay-gradient":""},"tablet":{"background-color":"var(--ast-global-color-5)","background-image":"","background-repeat":"repeat","background-position":"center center","background-size":"auto","background-attachment":"scroll","background-type":"","background-media":"","overlay-type":"","overlay-color":"","overlay-opacity":"","overlay-gradient":""},"mobile":{"background-color":"var(--ast-global-color-5)","background-image":"","background-repeat":"repeat","background-position":"center center","background-size":"auto","background-attachment":"scroll","background-type":"","background-media":"","overlay-type":"","overlay-color":"","overlay-opacity":"","overlay-gradient":""}},"footnotes":""},"categories":[517],"tags":[302,1998,762,317,192,1669,50,22,199,937],"class_list":["post-11986","post","type-post","status-publish","format-standard","hentry","category-aconteceu","tag-ameaca","tag-brejinho","tag-demissao","tag-eleicoes","tag-eleicoes-2022","tag-joao-gomes","tag-noticias-do-face","tag-noticias-no-face","tag-noticiasnoface","tag-prefeito"],"_links":{"self":[{"href":"https:\/\/noticiasnoface.com.br\/index.php\/wp-json\/wp\/v2\/posts\/11986","targetHints":{"allow":["GET"]}}],"collection":[{"href":"https:\/\/noticiasnoface.com.br\/index.php\/wp-json\/wp\/v2\/posts"}],"about":[{"href":"https:\/\/noticiasnoface.com.br\/index.php\/wp-json\/wp\/v2\/types\/post"}],"author":[{"embeddable":true,"href":"https:\/\/noticiasnoface.com.br\/index.php\/wp-json\/wp\/v2\/users\/1"}],"replies":[{"embeddable":true,"href":"https:\/\/noticiasnoface.com.br\/index.php\/wp-json\/wp\/v2\/comments?post=11986"}],"version-history":[{"count":1,"href":"https:\/\/noticiasnoface.com.br\/index.php\/wp-json\/wp\/v2\/posts\/11986\/revisions"}],"predecessor-version":[{"id":11987,"href":"https:\/\/noticiasnoface.com.br\/index.php\/wp-json\/wp\/v2\/posts\/11986\/revisions\/11987"}],"wp:attachment":[{"href":"https:\/\/noticiasnoface.com.br\/index.php\/wp-json\/wp\/v2\/media?parent=11986"}],"wp:term":[{"taxonomy":"category","embeddable":true,"href":"https:\/\/noticiasnoface.com.br\/index.php\/wp-json\/wp\/v2\/categories?post=11986"},{"taxonomy":"post_tag","embeddable":true,"href":"https:\/\/noticiasnoface.com.br\/index.php\/wp-json\/wp\/v2\/tags?post=11986"}],"curies":[{"name":"wp","href":"https:\/\/api.w.org\/{rel}","templated":true}]}}