{"id":12043,"date":"2022-10-26T21:52:10","date_gmt":"2022-10-27T00:52:10","guid":{"rendered":"https:\/\/noticiasnoface.com.br\/?p=12043"},"modified":"2022-10-26T21:52:11","modified_gmt":"2022-10-27T00:52:11","slug":"cmn-aprova-projeto-que-prioriza-marcacao-de-consultas-para-pessoas-com-albinismo","status":"publish","type":"post","link":"https:\/\/noticiasnoface.com.br\/index.php\/2022\/10\/26\/cmn-aprova-projeto-que-prioriza-marcacao-de-consultas-para-pessoas-com-albinismo\/","title":{"rendered":"CMN aprova projeto que prioriza marca\u00e7\u00e3o de consultas para pessoas com albinismo"},"content":{"rendered":"\n<figure class=\"wp-block-image size-large\"><img data-opt-id=1184729445  fetchpriority=\"high\" decoding=\"async\" width=\"1024\" height=\"668\" src=\"https:\/\/mlbfrsat7ahr.i.optimole.com\/w:1024\/h:668\/q:mauto\/ig:avif\/https:\/\/noticiasnoface.com.br\/wp-content\/uploads\/2022\/10\/img_5754.jpg\" class=\"wp-image-12042\" srcset=\"https:\/\/mlbfrsat7ahr.i.optimole.com\/w:1024\/h:668\/q:mauto\/ig:avif\/https:\/\/noticiasnoface.com.br\/wp-content\/uploads\/2022\/10\/img_5754.jpg 1024w, https:\/\/mlbfrsat7ahr.i.optimole.com\/w:300\/h:196\/q:mauto\/ig:avif\/https:\/\/noticiasnoface.com.br\/wp-content\/uploads\/2022\/10\/img_5754.jpg 300w, https:\/\/mlbfrsat7ahr.i.optimole.com\/w:768\/h:501\/q:mauto\/ig:avif\/https:\/\/noticiasnoface.com.br\/wp-content\/uploads\/2022\/10\/img_5754.jpg 768w, https:\/\/mlbfrsat7ahr.i.optimole.com\/w:1280\/h:835\/q:mauto\/ig:avif\/https:\/\/noticiasnoface.com.br\/wp-content\/uploads\/2022\/10\/img_5754.jpg 1280w\" sizes=\"(max-width: 1000px) 100vw, 1000px\" \/><figcaption class=\"wp-element-caption\">Os vereadores de Natal aprovaram, em sess\u00e3o ordin\u00e1ria nesta quarta-feira (26), o Projeto de Lei n\u00ba 354\/2020, que disp\u00f5e sobre prioridade \u00e0s pessoas com acromatose (albinismo) na marca\u00e7\u00e3o de consultas e no atendimento por m\u00e9dicos dermatologistas e oftalmologistas. <br>A acromatose, popularmente conhecida como albinismo, \u00e9 uma condi\u00e7\u00e3o gen\u00e9tica que possui como caracter\u00edstica principal a aus\u00eancia total ou parcial de pigmentos na pele, cabelo e olhos. A condi\u00e7\u00e3o tamb\u00e9m pode afetar a vis\u00e3o e acarretar diversos problemas. <br>\u201cEsse projeto surgiu por meio de pessoas com a condi\u00e7\u00e3o que nos procuraram atrav\u00e9s da comiss\u00e3o da pessoa com defici\u00eancia, mostrando a dificuldade que tinham de acesso \u00e0 marca\u00e7\u00e3o dessas duas especialidades que s\u00e3o extremamente importantes\u201d, explicou a autora do projeto, vereadora J\u00falia Arruda (PCdoB), que tamb\u00e9m acrescentou: \u201cEssa iniciativa j\u00e1 ocorreu em v\u00e1rios estados do pa\u00eds e agora, atrav\u00e9s dessa vota\u00e7\u00e3o em segunda discuss\u00e3o, o munic\u00edpio de Natal tamb\u00e9m aprovou\u201d. <br>Tamb\u00e9m em segunda discuss\u00e3o, foi aprovado o PL n\u00ba 313\/2022 de autoria do vereador Herberth Sena (PSDB) que disp\u00f5e sobre o reconhecimento da Associa\u00e7\u00e3o Juventude Cidad\u00e3 como de  Utilidade P\u00fablica Municipal.<br>\u201cEsse projeto reconhece como utilidade p\u00fablica uma associa\u00e7\u00e3o que desempenha todo um trabalho social na Zona Norte da nossa cidade, inclusive com crian\u00e7as e idosos. Esse reconhecimento \u00e9 muito importante, pois a associa\u00e7\u00e3o desempenha trabalhos incr\u00edveis junto \u00e0 sociedade\u201d, afirmou o vereador Herberth Sena.<br>Tamb\u00e9m foram aprovados em segunda discuss\u00e3o os seguintes projetos: PL n\u00ba 548\/2021, de autoria do vereador Chagas Catarino (PSDB), que institui o Dia do Professor de Zumba; PL n\u00ba 325\/2022, de autoria do vereador Kleber Fernandes (PSDB), que reconhece como utilidade p\u00fablica a Associa\u00e7\u00e3o Fam\u00edlia ABC REGGAE e o PL n\u00ba 339\/2022 de autoria do vereador Paulinho Freire (Uni\u00e3o Brasil), que reconhece de utilidade p\u00fablica a Federal do Com\u00e9rcio de Bens, Servi\u00e7os e Turismo do Estado do Rio Grande do Norte (FECOM\u00c9RCIO).<br><em>Texto: Juliane Araujo<br>Fotos: Elp\u00eddio J\u00fanior<\/em><\/figcaption><\/figure>\n","protected":false},"excerpt":{"rendered":"","protected":false},"author":1,"featured_media":0,"comment_status":"open","ping_status":"open","sticky":false,"template":"","format":"standard","meta":{"site-sidebar-layout":"default","site-content-layout":"","ast-site-content-layout":"default","site-content-style":"default","site-sidebar-style":"default","ast-global-header-display":"","ast-banner-title-visibility":"","ast-main-header-display":"","ast-hfb-above-header-display":"","ast-hfb-below-header-display":"","ast-hfb-mobile-header-display":"","site-post-title":"","ast-breadcrumbs-content":"","ast-featured-img":"","footer-sml-layout":"","ast-disable-related-posts":"","theme-transparent-header-meta":"","adv-header-id-meta":"","stick-header-meta":"","header-above-stick-meta":"","header-main-stick-meta":"","header-below-stick-meta":"","astra-migrate-meta-layouts":"default","ast-page-background-enabled":"default","ast-page-background-meta":{"desktop":{"background-color":"var(--ast-global-color-4)","background-image":"","background-repeat":"repeat","background-position":"center center","background-size":"auto","background-attachment":"scroll","background-type":"","background-media":"","overlay-type":"","overlay-color":"","overlay-opacity":"","overlay-gradient":""},"tablet":{"background-color":"","background-image":"","background-repeat":"repeat","background-position":"center center","background-size":"auto","background-attachment":"scroll","background-type":"","background-media":"","overlay-type":"","overlay-color":"","overlay-opacity":"","overlay-gradient":""},"mobile":{"background-color":"","background-image":"","background-repeat":"repeat","background-position":"center center","background-size":"auto","background-attachment":"scroll","background-type":"","background-media":"","overlay-type":"","overlay-color":"","overlay-opacity":"","overlay-gradient":""}},"ast-content-background-meta":{"desktop":{"background-color":"var(--ast-global-color-5)","background-image":"","background-repeat":"repeat","background-position":"center center","background-size":"auto","background-attachment":"scroll","background-type":"","background-media":"","overlay-type":"","overlay-color":"","overlay-opacity":"","overlay-gradient":""},"tablet":{"background-color":"var(--ast-global-color-5)","background-image":"","background-repeat":"repeat","background-position":"center center","background-size":"auto","background-attachment":"scroll","background-type":"","background-media":"","overlay-type":"","overlay-color":"","overlay-opacity":"","overlay-gradient":""},"mobile":{"background-color":"var(--ast-global-color-5)","background-image":"","background-repeat":"repeat","background-position":"center center","background-size":"auto","background-attachment":"scroll","background-type":"","background-media":"","overlay-type":"","overlay-color":"","overlay-opacity":"","overlay-gradient":""}},"footnotes":""},"categories":[517],"tags":[],"class_list":["post-12043","post","type-post","status-publish","format-standard","hentry","category-aconteceu"],"_links":{"self":[{"href":"https:\/\/noticiasnoface.com.br\/index.php\/wp-json\/wp\/v2\/posts\/12043","targetHints":{"allow":["GET"]}}],"collection":[{"href":"https:\/\/noticiasnoface.com.br\/index.php\/wp-json\/wp\/v2\/posts"}],"about":[{"href":"https:\/\/noticiasnoface.com.br\/index.php\/wp-json\/wp\/v2\/types\/post"}],"author":[{"embeddable":true,"href":"https:\/\/noticiasnoface.com.br\/index.php\/wp-json\/wp\/v2\/users\/1"}],"replies":[{"embeddable":true,"href":"https:\/\/noticiasnoface.com.br\/index.php\/wp-json\/wp\/v2\/comments?post=12043"}],"version-history":[{"count":1,"href":"https:\/\/noticiasnoface.com.br\/index.php\/wp-json\/wp\/v2\/posts\/12043\/revisions"}],"predecessor-version":[{"id":12044,"href":"https:\/\/noticiasnoface.com.br\/index.php\/wp-json\/wp\/v2\/posts\/12043\/revisions\/12044"}],"wp:attachment":[{"href":"https:\/\/noticiasnoface.com.br\/index.php\/wp-json\/wp\/v2\/media?parent=12043"}],"wp:term":[{"taxonomy":"category","embeddable":true,"href":"https:\/\/noticiasnoface.com.br\/index.php\/wp-json\/wp\/v2\/categories?post=12043"},{"taxonomy":"post_tag","embeddable":true,"href":"https:\/\/noticiasnoface.com.br\/index.php\/wp-json\/wp\/v2\/tags?post=12043"}],"curies":[{"name":"wp","href":"https:\/\/api.w.org\/{rel}","templated":true}]}}