{"id":12053,"date":"2022-10-27T12:20:42","date_gmt":"2022-10-27T15:20:42","guid":{"rendered":"https:\/\/noticiasnoface.com.br\/?p=12053"},"modified":"2022-10-27T12:20:42","modified_gmt":"2022-10-27T15:20:42","slug":"instituto-gerp-confirma-vitoria-de-bolsonaro","status":"publish","type":"post","link":"https:\/\/noticiasnoface.com.br\/index.php\/2022\/10\/27\/instituto-gerp-confirma-vitoria-de-bolsonaro\/","title":{"rendered":"Instituto GERP confirma vit\u00f3ria de Bolsonaro!"},"content":{"rendered":"\n<figure class=\"wp-block-image size-large\"><img data-opt-id=1802330820  fetchpriority=\"high\" decoding=\"async\" width=\"300\" height=\"169\" src=\"https:\/\/mlbfrsat7ahr.i.optimole.com\/w:300\/h:169\/q:mauto\/ig:avif\/https:\/\/noticiasnoface.com.br\/wp-content\/uploads\/2022\/10\/img_5627-1.png\" class=\"wp-image-12052\" srcset=\"https:\/\/mlbfrsat7ahr.i.optimole.com\/w:300\/h:169\/q:mauto\/ig:avif\/https:\/\/noticiasnoface.com.br\/wp-content\/uploads\/2022\/10\/img_5627-1.png 300w, https:\/\/mlbfrsat7ahr.i.optimole.com\/w:768\/h:432\/q:mauto\/ig:avif\/https:\/\/noticiasnoface.com.br\/wp-content\/uploads\/2022\/10\/img_5627-1.png 768w, https:\/\/mlbfrsat7ahr.i.optimole.com\/w:800\/h:450\/q:mauto\/ig:avif\/https:\/\/noticiasnoface.com.br\/wp-content\/uploads\/2022\/10\/img_5627-1.png 800w, https:\/\/mlbfrsat7ahr.i.optimole.com\/w:848\/h:477\/q:mauto\/ig:avif\/https:\/\/noticiasnoface.com.br\/wp-content\/uploads\/2022\/10\/img_5627-1.png 848w\" sizes=\"(max-width: 300px) 100vw, 300px\" \/><figcaption class=\"wp-element-caption\">Jair Bolsonaro (PL) ultrapassou Lula (PT) na corrida ao segundo turno, de acordo com a segunda pesquisa eleitoral para presidente feita pelo instituto Gerp na reta final das elei\u00e7\u00f5es. Com votos v\u00e1lidos, Bolsonaro chegaria aos 52%, enquanto Lula teria 48%. <br>Segundo o levantamento divulgado nesta quinta, Bolsonaro tem 47% das inten\u00e7\u00f5es de voto, contra 43% de Lula. O presidente aparece com quatro pontos a frente do seu rival, mas os dois empatam no limite da margem de erro, que \u00e9 de 2,18 pontos percentuais para mais ou menos.<br>Esta \u00e9 a segunda pesquisa eleitoral do Gerp no segundo turno. No \u00faltimo dia 12, Lula tinha 48% das inten\u00e7\u00f5es, contra 46% de Bolsonaro. <br>No intervalo entre os dois levantamentos, o presidente avan\u00e7ou dois pontos percentuais enquanto o petista perdeu cinco. No in\u00edcio do m\u00eas, a vantagem de Lula era de dois pontos. A pesquisa desta quinta ouviu 2.095 eleitores entre 21 e 26 deste m\u00eas e foi registrada no TSE sob o protocolo BR-05418\/2022.<br><em>veja <\/em><\/figcaption><\/figure>\n","protected":false},"excerpt":{"rendered":"","protected":false},"author":1,"featured_media":0,"comment_status":"open","ping_status":"open","sticky":false,"template":"","format":"standard","meta":{"site-sidebar-layout":"default","site-content-layout":"","ast-site-content-layout":"default","site-content-style":"default","site-sidebar-style":"default","ast-global-header-display":"","ast-banner-title-visibility":"","ast-main-header-display":"","ast-hfb-above-header-display":"","ast-hfb-below-header-display":"","ast-hfb-mobile-header-display":"","site-post-title":"","ast-breadcrumbs-content":"","ast-featured-img":"","footer-sml-layout":"","ast-disable-related-posts":"","theme-transparent-header-meta":"","adv-header-id-meta":"","stick-header-meta":"","header-above-stick-meta":"","header-main-stick-meta":"","header-below-stick-meta":"","astra-migrate-meta-layouts":"default","ast-page-background-enabled":"default","ast-page-background-meta":{"desktop":{"background-color":"var(--ast-global-color-4)","background-image":"","background-repeat":"repeat","background-position":"center center","background-size":"auto","background-attachment":"scroll","background-type":"","background-media":"","overlay-type":"","overlay-color":"","overlay-opacity":"","overlay-gradient":""},"tablet":{"background-color":"","background-image":"","background-repeat":"repeat","background-position":"center center","background-size":"auto","background-attachment":"scroll","background-type":"","background-media":"","overlay-type":"","overlay-color":"","overlay-opacity":"","overlay-gradient":""},"mobile":{"background-color":"","background-image":"","background-repeat":"repeat","background-position":"center center","background-size":"auto","background-attachment":"scroll","background-type":"","background-media":"","overlay-type":"","overlay-color":"","overlay-opacity":"","overlay-gradient":""}},"ast-content-background-meta":{"desktop":{"background-color":"var(--ast-global-color-5)","background-image":"","background-repeat":"repeat","background-position":"center center","background-size":"auto","background-attachment":"scroll","background-type":"","background-media":"","overlay-type":"","overlay-color":"","overlay-opacity":"","overlay-gradient":""},"tablet":{"background-color":"var(--ast-global-color-5)","background-image":"","background-repeat":"repeat","background-position":"center center","background-size":"auto","background-attachment":"scroll","background-type":"","background-media":"","overlay-type":"","overlay-color":"","overlay-opacity":"","overlay-gradient":""},"mobile":{"background-color":"var(--ast-global-color-5)","background-image":"","background-repeat":"repeat","background-position":"center center","background-size":"auto","background-attachment":"scroll","background-type":"","background-media":"","overlay-type":"","overlay-color":"","overlay-opacity":"","overlay-gradient":""}},"footnotes":""},"categories":[517],"tags":[8,82,317,192,215,711,50,22,199,528,250,1231],"class_list":["post-12053","post","type-post","status-publish","format-standard","hentry","category-aconteceu","tag-bolsonaro","tag-bolsonaro-tem-razao","tag-eleicoes","tag-eleicoes-2022","tag-lula","tag-lula-ladrao","tag-noticias-do-face","tag-noticias-no-face","tag-noticiasnoface","tag-pesquisa","tag-pesquisas","tag-pesquisas-eleitorais"],"_links":{"self":[{"href":"https:\/\/noticiasnoface.com.br\/index.php\/wp-json\/wp\/v2\/posts\/12053","targetHints":{"allow":["GET"]}}],"collection":[{"href":"https:\/\/noticiasnoface.com.br\/index.php\/wp-json\/wp\/v2\/posts"}],"about":[{"href":"https:\/\/noticiasnoface.com.br\/index.php\/wp-json\/wp\/v2\/types\/post"}],"author":[{"embeddable":true,"href":"https:\/\/noticiasnoface.com.br\/index.php\/wp-json\/wp\/v2\/users\/1"}],"replies":[{"embeddable":true,"href":"https:\/\/noticiasnoface.com.br\/index.php\/wp-json\/wp\/v2\/comments?post=12053"}],"version-history":[{"count":1,"href":"https:\/\/noticiasnoface.com.br\/index.php\/wp-json\/wp\/v2\/posts\/12053\/revisions"}],"predecessor-version":[{"id":12054,"href":"https:\/\/noticiasnoface.com.br\/index.php\/wp-json\/wp\/v2\/posts\/12053\/revisions\/12054"}],"wp:attachment":[{"href":"https:\/\/noticiasnoface.com.br\/index.php\/wp-json\/wp\/v2\/media?parent=12053"}],"wp:term":[{"taxonomy":"category","embeddable":true,"href":"https:\/\/noticiasnoface.com.br\/index.php\/wp-json\/wp\/v2\/categories?post=12053"},{"taxonomy":"post_tag","embeddable":true,"href":"https:\/\/noticiasnoface.com.br\/index.php\/wp-json\/wp\/v2\/tags?post=12053"}],"curies":[{"name":"wp","href":"https:\/\/api.w.org\/{rel}","templated":true}]}}