{"id":12089,"date":"2022-10-28T13:21:56","date_gmt":"2022-10-28T16:21:56","guid":{"rendered":"https:\/\/noticiasnoface.com.br\/?p=12089"},"modified":"2022-10-28T13:21:57","modified_gmt":"2022-10-28T16:21:57","slug":"alexandre-de-moraes-obriga-jovem-pan-a-dizer-que-lula-e-inocente","status":"publish","type":"post","link":"https:\/\/noticiasnoface.com.br\/index.php\/2022\/10\/28\/alexandre-de-moraes-obriga-jovem-pan-a-dizer-que-lula-e-inocente\/","title":{"rendered":"Alexandre de Moraes obriga jovem Pan a dizer \u201cQue Lula \u00e9 inocente\u201d"},"content":{"rendered":"\n<figure class=\"wp-block-image size-large\"><img data-opt-id=1409720040  fetchpriority=\"high\" decoding=\"async\" width=\"300\" height=\"151\" src=\"https:\/\/mlbfrsat7ahr.i.optimole.com\/w:300\/h:151\/q:mauto\/ig:avif\/https:\/\/noticiasnoface.com.br\/wp-content\/uploads\/2022\/10\/img_5841.jpg\" class=\"wp-image-12088\" srcset=\"https:\/\/mlbfrsat7ahr.i.optimole.com\/w:300\/h:151\/q:mauto\/ig:avif\/https:\/\/noticiasnoface.com.br\/wp-content\/uploads\/2022\/10\/img_5841.jpg 300w, https:\/\/mlbfrsat7ahr.i.optimole.com\/w:743\/h:375\/q:mauto\/ig:avif\/https:\/\/noticiasnoface.com.br\/wp-content\/uploads\/2022\/10\/img_5841.jpg 743w\" sizes=\"(max-width: 300px) 100vw, 300px\" \/><figcaption class=\"wp-element-caption\">O presidente do Tribunal Superior Eleitoral (TSE), Alexandre de Moraes, decidiu que a rede de r\u00e1dio e TV Jovem Pan ter\u00e1 de dizer, em seus programas \u201cMorning Show\u201d e \u201cOs Pingos nos Is\u201d, que o ex-presidente Luiz In\u00e1cio Lula da Silva (PT) foi inocentado e que o ex-juiz da Lava Jato, senador eleito Sergio Moro, promoveu um julgamento \u201cincompetente\u201d.<br><a href=\"https:\/\/oantagonista.uol.com.br\/brasil\/jovem-pan-tera-de-dizer-que-lula-foi-inocentado-decide-tse\/\" target=\"_blank\" rel=\"noopener\">A informa\u00e7\u00e3o \u00e9 do site O Antagonista <\/a>e a decis\u00e3o de Moraes foi tomada em dois processos sob sua relatoria.<br><ins class=\"adsbygoogle\">O presidente da Corte Eleitoral deu continuidade a um caso julgado h\u00e1 duas semanas pelo TSE e que determinou censura contra a Jovem Pan ao proibi-la de comentar sobre condena\u00e7\u00f5es do petista. <br><em>\u201c\u00c9 necess\u00e1rio restabelecer a verdade: o Supremo Tribunal Federal confirmou a inoc\u00eancia do ex-presidente Lula derrubando condena\u00e7\u00f5es ileg\u00edtimas impostas por um ju\u00edzo incompetente. A ONU reconheceu que os processos contra Lula desrespeitaram o processo legal e violaram seus direitos pol\u00edticos. Lula venceu tamb\u00e9m 26 processos  contra ele. N\u00e3o h\u00e1 d\u00favida: Lula \u00e9 inocente\u201c, <\/em>diz o direito de resposta lulista aprovado pelo TSE. <\/ins><\/figcaption><\/figure>\n","protected":false},"excerpt":{"rendered":"","protected":false},"author":1,"featured_media":0,"comment_status":"open","ping_status":"open","sticky":false,"template":"","format":"standard","meta":{"site-sidebar-layout":"default","site-content-layout":"","ast-site-content-layout":"default","site-content-style":"default","site-sidebar-style":"default","ast-global-header-display":"","ast-banner-title-visibility":"","ast-main-header-display":"","ast-hfb-above-header-display":"","ast-hfb-below-header-display":"","ast-hfb-mobile-header-display":"","site-post-title":"","ast-breadcrumbs-content":"","ast-featured-img":"","footer-sml-layout":"","ast-disable-related-posts":"","theme-transparent-header-meta":"","adv-header-id-meta":"","stick-header-meta":"","header-above-stick-meta":"","header-main-stick-meta":"","header-below-stick-meta":"","astra-migrate-meta-layouts":"default","ast-page-background-enabled":"default","ast-page-background-meta":{"desktop":{"background-color":"var(--ast-global-color-4)","background-image":"","background-repeat":"repeat","background-position":"center center","background-size":"auto","background-attachment":"scroll","background-type":"","background-media":"","overlay-type":"","overlay-color":"","overlay-opacity":"","overlay-gradient":""},"tablet":{"background-color":"","background-image":"","background-repeat":"repeat","background-position":"center center","background-size":"auto","background-attachment":"scroll","background-type":"","background-media":"","overlay-type":"","overlay-color":"","overlay-opacity":"","overlay-gradient":""},"mobile":{"background-color":"","background-image":"","background-repeat":"repeat","background-position":"center center","background-size":"auto","background-attachment":"scroll","background-type":"","background-media":"","overlay-type":"","overlay-color":"","overlay-opacity":"","overlay-gradient":""}},"ast-content-background-meta":{"desktop":{"background-color":"var(--ast-global-color-5)","background-image":"","background-repeat":"repeat","background-position":"center center","background-size":"auto","background-attachment":"scroll","background-type":"","background-media":"","overlay-type":"","overlay-color":"","overlay-opacity":"","overlay-gradient":""},"tablet":{"background-color":"var(--ast-global-color-5)","background-image":"","background-repeat":"repeat","background-position":"center center","background-size":"auto","background-attachment":"scroll","background-type":"","background-media":"","overlay-type":"","overlay-color":"","overlay-opacity":"","overlay-gradient":""},"mobile":{"background-color":"var(--ast-global-color-5)","background-image":"","background-repeat":"repeat","background-position":"center center","background-size":"auto","background-attachment":"scroll","background-type":"","background-media":"","overlay-type":"","overlay-color":"","overlay-opacity":"","overlay-gradient":""}},"footnotes":""},"categories":[517],"tags":[9,209,126,50,22,199],"class_list":["post-12089","post","type-post","status-publish","format-standard","hentry","category-aconteceu","tag-alexandre-de-moraes","tag-jovem-pan","tag-ministro-alexandre-de-moraes","tag-noticias-do-face","tag-noticias-no-face","tag-noticiasnoface"],"_links":{"self":[{"href":"https:\/\/noticiasnoface.com.br\/index.php\/wp-json\/wp\/v2\/posts\/12089","targetHints":{"allow":["GET"]}}],"collection":[{"href":"https:\/\/noticiasnoface.com.br\/index.php\/wp-json\/wp\/v2\/posts"}],"about":[{"href":"https:\/\/noticiasnoface.com.br\/index.php\/wp-json\/wp\/v2\/types\/post"}],"author":[{"embeddable":true,"href":"https:\/\/noticiasnoface.com.br\/index.php\/wp-json\/wp\/v2\/users\/1"}],"replies":[{"embeddable":true,"href":"https:\/\/noticiasnoface.com.br\/index.php\/wp-json\/wp\/v2\/comments?post=12089"}],"version-history":[{"count":1,"href":"https:\/\/noticiasnoface.com.br\/index.php\/wp-json\/wp\/v2\/posts\/12089\/revisions"}],"predecessor-version":[{"id":12090,"href":"https:\/\/noticiasnoface.com.br\/index.php\/wp-json\/wp\/v2\/posts\/12089\/revisions\/12090"}],"wp:attachment":[{"href":"https:\/\/noticiasnoface.com.br\/index.php\/wp-json\/wp\/v2\/media?parent=12089"}],"wp:term":[{"taxonomy":"category","embeddable":true,"href":"https:\/\/noticiasnoface.com.br\/index.php\/wp-json\/wp\/v2\/categories?post=12089"},{"taxonomy":"post_tag","embeddable":true,"href":"https:\/\/noticiasnoface.com.br\/index.php\/wp-json\/wp\/v2\/tags?post=12089"}],"curies":[{"name":"wp","href":"https:\/\/api.w.org\/{rel}","templated":true}]}}