{"id":12120,"date":"2022-10-29T13:58:54","date_gmt":"2022-10-29T16:58:54","guid":{"rendered":"https:\/\/noticiasnoface.com.br\/?p=12120"},"modified":"2022-10-29T13:58:55","modified_gmt":"2022-10-29T16:58:55","slug":"e-mentira-que-lula-criou-o-mei","status":"publish","type":"post","link":"https:\/\/noticiasnoface.com.br\/index.php\/2022\/10\/29\/e-mentira-que-lula-criou-o-mei\/","title":{"rendered":"\u00c9 mentira que LULA criou o MEI"},"content":{"rendered":"\n<figure class=\"wp-block-image size-large\"><img data-opt-id=755157391  fetchpriority=\"high\" decoding=\"async\" width=\"779\" height=\"1024\" src=\"https:\/\/mlbfrsat7ahr.i.optimole.com\/w:779\/h:1024\/q:mauto\/ig:avif\/https:\/\/noticiasnoface.com.br\/wp-content\/uploads\/2022\/10\/photo-output-20.jpg\" class=\"wp-image-12119\" srcset=\"https:\/\/mlbfrsat7ahr.i.optimole.com\/w:779\/h:1024\/q:mauto\/ig:avif\/https:\/\/noticiasnoface.com.br\/wp-content\/uploads\/2022\/10\/photo-output-20.jpg 779w, https:\/\/mlbfrsat7ahr.i.optimole.com\/w:228\/h:300\/q:mauto\/ig:avif\/https:\/\/noticiasnoface.com.br\/wp-content\/uploads\/2022\/10\/photo-output-20.jpg 228w, https:\/\/mlbfrsat7ahr.i.optimole.com\/w:768\/h:1010\/q:mauto\/ig:avif\/https:\/\/noticiasnoface.com.br\/wp-content\/uploads\/2022\/10\/photo-output-20.jpg 768w, https:\/\/mlbfrsat7ahr.i.optimole.com\/w:821\/h:1080\/q:mauto\/ig:avif\/https:\/\/noticiasnoface.com.br\/wp-content\/uploads\/2022\/10\/photo-output-20.jpg 1169w, https:\/\/mlbfrsat7ahr.i.optimole.com\/w:821\/h:1080\/q:mauto\/ig:avif\/https:\/\/noticiasnoface.com.br\/wp-content\/uploads\/2022\/10\/photo-output-20.jpg 1558w\" sizes=\"(max-width: 779px) 100vw, 779px\" \/><figcaption class=\"wp-element-caption\">Quem criou o MEI ?<br><br>Advogado e engenheiro agr\u00f4nomo, quando deputado ele foi autor do projeto de lei que criou a figura do Microempreendedor Individual (MEI), em 2008. <\/figcaption><\/figure>\n\n\n\n<h2 class=\"wp-block-heading\">Quem foi Mendes Thame?<\/h2>\n\n\n\n<p>O ex-deputado&nbsp;<strong>Ant\u00f4nio Carlos Mendes Thame<\/strong>, um dos fundadores do PSDB e que estava filiado ao PV desde 2016, morreu nesta quinta-feira (28), aos 75 anos. Ele deixa esposa e uma filha.<\/p>\n\n\n\n<p>Ele estava internado no Hospital Unimed de Piracicaba, no interior de S\u00e3o Paulo, para tratar de uma artrose e faleceu ap\u00f3s uma parada cardiorrespirat\u00f3ria. A morte foi confirmada pela Prefeitura de Piracicaba, cidade que ele governou entre 1993 e 1996.<\/p>\n\n\n\n<p>Advogado e engenheiro agr\u00f4nomo, quando deputado ele foi autor do projeto de lei que criou a figura do Microempreendedor Individual (MEI), em 2008.&nbsp;<\/p>\n\n\n\n<p>Pol\u00edticos e partidos lamentaram a morte de Mendes Thame, que tamb\u00e9m foi secret\u00e1rio de Recursos H\u00eddricos, Saneamento e Obras do estado de S\u00e3o Paulo e exerceu sete mandatos na C\u00e2mara dos Deputados.&nbsp;<\/p>\n\n\n\n<p>No Congresso, tamb\u00e9m foi autor da Lei 8.922\/94, que permitiu a movimenta\u00e7\u00e3o do FGTS quando o trabalhador ou qualquer de seus dependentes tiver c\u00e2ncer. <\/p>\n","protected":false},"excerpt":{"rendered":"<p>Quem foi Mendes Thame? O ex-deputado&nbsp;Ant\u00f4nio Carlos Mendes Thame, um dos fundadores do PSDB e que estava filiado ao PV [&hellip;]<\/p>\n","protected":false},"author":1,"featured_media":0,"comment_status":"open","ping_status":"open","sticky":false,"template":"","format":"standard","meta":{"site-sidebar-layout":"default","site-content-layout":"","ast-site-content-layout":"default","site-content-style":"default","site-sidebar-style":"default","ast-global-header-display":"","ast-banner-title-visibility":"","ast-main-header-display":"","ast-hfb-above-header-display":"","ast-hfb-below-header-display":"","ast-hfb-mobile-header-display":"","site-post-title":"","ast-breadcrumbs-content":"","ast-featured-img":"","footer-sml-layout":"","ast-disable-related-posts":"","theme-transparent-header-meta":"","adv-header-id-meta":"","stick-header-meta":"","header-above-stick-meta":"","header-main-stick-meta":"","header-below-stick-meta":"","astra-migrate-meta-layouts":"default","ast-page-background-enabled":"default","ast-page-background-meta":{"desktop":{"background-color":"var(--ast-global-color-4)","background-image":"","background-repeat":"repeat","background-position":"center center","background-size":"auto","background-attachment":"scroll","background-type":"","background-media":"","overlay-type":"","overlay-color":"","overlay-opacity":"","overlay-gradient":""},"tablet":{"background-color":"","background-image":"","background-repeat":"repeat","background-position":"center center","background-size":"auto","background-attachment":"scroll","background-type":"","background-media":"","overlay-type":"","overlay-color":"","overlay-opacity":"","overlay-gradient":""},"mobile":{"background-color":"","background-image":"","background-repeat":"repeat","background-position":"center center","background-size":"auto","background-attachment":"scroll","background-type":"","background-media":"","overlay-type":"","overlay-color":"","overlay-opacity":"","overlay-gradient":""}},"ast-content-background-meta":{"desktop":{"background-color":"var(--ast-global-color-5)","background-image":"","background-repeat":"repeat","background-position":"center center","background-size":"auto","background-attachment":"scroll","background-type":"","background-media":"","overlay-type":"","overlay-color":"","overlay-opacity":"","overlay-gradient":""},"tablet":{"background-color":"var(--ast-global-color-5)","background-image":"","background-repeat":"repeat","background-position":"center center","background-size":"auto","background-attachment":"scroll","background-type":"","background-media":"","overlay-type":"","overlay-color":"","overlay-opacity":"","overlay-gradient":""},"mobile":{"background-color":"var(--ast-global-color-5)","background-image":"","background-repeat":"repeat","background-position":"center center","background-size":"auto","background-attachment":"scroll","background-type":"","background-media":"","overlay-type":"","overlay-color":"","overlay-opacity":"","overlay-gradient":""}},"footnotes":""},"categories":[408],"tags":[492,579,215,711,2009,50,22,199,2011],"class_list":["post-12120","post","type-post","status-publish","format-standard","hentry","category-congresso-nacional","tag-demonio","tag-ladrao","tag-lula","tag-lula-ladrao","tag-mei","tag-noticias-do-face","tag-noticias-no-face","tag-noticiasnoface","tag-verdade"],"_links":{"self":[{"href":"https:\/\/noticiasnoface.com.br\/index.php\/wp-json\/wp\/v2\/posts\/12120","targetHints":{"allow":["GET"]}}],"collection":[{"href":"https:\/\/noticiasnoface.com.br\/index.php\/wp-json\/wp\/v2\/posts"}],"about":[{"href":"https:\/\/noticiasnoface.com.br\/index.php\/wp-json\/wp\/v2\/types\/post"}],"author":[{"embeddable":true,"href":"https:\/\/noticiasnoface.com.br\/index.php\/wp-json\/wp\/v2\/users\/1"}],"replies":[{"embeddable":true,"href":"https:\/\/noticiasnoface.com.br\/index.php\/wp-json\/wp\/v2\/comments?post=12120"}],"version-history":[{"count":1,"href":"https:\/\/noticiasnoface.com.br\/index.php\/wp-json\/wp\/v2\/posts\/12120\/revisions"}],"predecessor-version":[{"id":12121,"href":"https:\/\/noticiasnoface.com.br\/index.php\/wp-json\/wp\/v2\/posts\/12120\/revisions\/12121"}],"wp:attachment":[{"href":"https:\/\/noticiasnoface.com.br\/index.php\/wp-json\/wp\/v2\/media?parent=12120"}],"wp:term":[{"taxonomy":"category","embeddable":true,"href":"https:\/\/noticiasnoface.com.br\/index.php\/wp-json\/wp\/v2\/categories?post=12120"},{"taxonomy":"post_tag","embeddable":true,"href":"https:\/\/noticiasnoface.com.br\/index.php\/wp-json\/wp\/v2\/tags?post=12120"}],"curies":[{"name":"wp","href":"https:\/\/api.w.org\/{rel}","templated":true}]}}