{"id":12142,"date":"2022-10-30T20:23:03","date_gmt":"2022-10-30T23:23:03","guid":{"rendered":"https:\/\/noticiasnoface.com.br\/?p=12142"},"modified":"2022-10-30T20:23:04","modified_gmt":"2022-10-30T23:23:04","slug":"caixao-cai-de-carro-funerario-assistam","status":"publish","type":"post","link":"https:\/\/noticiasnoface.com.br\/index.php\/2022\/10\/30\/caixao-cai-de-carro-funerario-assistam\/","title":{"rendered":"Caix\u00e3o cai de carro funer\u00e1rio, assistam:"},"content":{"rendered":"\n<figure class=\"wp-block-video\"><video height=\"1080\" style=\"aspect-ratio: 1756 \/ 1080;\" width=\"1756\" controls src=\"https:\/\/noticiasnoface.com.br\/wp-content\/uploads\/2022\/10\/video-output-33152209-3266-4a90-8b4f-287b6706233c.mp4\"><\/video><figcaption class=\"wp-element-caption\">Caix\u00e3o cai de carro funer\u00e1rio <\/figcaption><\/figure>\n\n\n\n<figure class=\"wp-block-image size-large\"><img data-opt-id=1055191152  fetchpriority=\"high\" decoding=\"async\" width=\"300\" height=\"168\" src=\"https:\/\/mlbfrsat7ahr.i.optimole.com\/w:300\/h:168\/q:mauto\/ig:avif\/https:\/\/noticiasnoface.com.br\/wp-content\/uploads\/2022\/10\/img_5985.jpg\" class=\"wp-image-12140\" srcset=\"https:\/\/mlbfrsat7ahr.i.optimole.com\/w:300\/h:168\/q:mauto\/ig:avif\/https:\/\/noticiasnoface.com.br\/wp-content\/uploads\/2022\/10\/img_5985.jpg 300w, https:\/\/mlbfrsat7ahr.i.optimole.com\/w:600\/h:336\/q:mauto\/ig:avif\/https:\/\/noticiasnoface.com.br\/wp-content\/uploads\/2022\/10\/img_5985.jpg 600w\" sizes=\"(max-width: 300px) 100vw, 300px\" \/><figcaption class=\"wp-element-caption\">O taxista que aparece nas imagens retirando do meio da rua o caix\u00e3o que despencou do carro de uma funer\u00e1ria com um corpo dentro em <a href=\"https:\/\/g1.globo.com\/sp\/ribeirao-preto-franca\/cidade\/ribeirao-preto\/\" target=\"_blank\" rel=\"noopener\">Ribeir\u00e3o Preto (SP)<\/a> disse nesta sexta-feira (28) que, quando presenciou a cena, pensou que se tratava de uma brincadeira de Halloween.<br><br>O incidente ocorreu por volta das 3h30 desta sexta, no cruzamento da Rua S\u00e3o Sebasti\u00e3o com a Avenida Jer\u00f4nimo Gon\u00e7alves, e foi flagrado por c\u00e2meras de seguran\u00e7a <strong><em>(assista acima)<\/em><\/strong>. O taxista C\u00e1ssio Nunes de Oliveira Costa trabalhava no momento em que se deparou com o caix\u00e3o.<br><br>&#8220;Estava trabalhando, descendo a Rua S\u00e3o Sebasti\u00e3o. Ao chegar no cruzamento, avistei o caix\u00e3o em cima da faixa de pedestres. Na hora, pensei que era devido \u00e0 data comemorativa do Halloween, mas, assim que desci do carro e conversei com um rapaz que j\u00e1 estava no local, ele informou que tinha sido um carro funer\u00e1rio que passou e deixou o caix\u00e3o para tr\u00e1s&#8221;, diz.<br><br><br><img data-opt-id=980101359  fetchpriority=\"high\" decoding=\"async\" src=\"https:\/\/s2.glbimg.com\/G6XDnIpjQczARhtizkFUTg4I5Xc=\/0x0:1108x620\/600x0\/smart\/filters:gifv():strip_icc()\/i.s3.glbimg.com\/v1\/AUTH_59edd422c0c84a879bd37670ae4f538a\/internal_photos\/bs\/2022\/G\/i\/QC01CZSMeUvQN3gC2JdQ\/retira-caixao.jpg\" alt=\"Taxista retirou do meio da rua caix\u00e3o que caiu de carro de funer\u00e1ria em Ribeir\u00e3o Preto \u2014 Foto: Reprodu\u00e7\u00e3o\/C\u00e2meras de seguran\u00e7a\" class=\"i-amphtml-fill-content i-amphtml-replaced-content\"><br>Taxista retirou do meio da rua caix\u00e3o que caiu de carro de funer\u00e1ria em Ribeir\u00e3o Preto \u2014 Foto: Reprodu\u00e7\u00e3o\/C\u00e2meras de seguran\u00e7a <br><br>Ap\u00f3s cair do carro, o caix\u00e3o ainda foi atingido por um \u00f4nibus que estava na avenida e teve a tampa retirada, deixando o corpo exposto. Em seguida, o taxista apareceu e come\u00e7a a remover o caix\u00e3o do meio da rua.<br>C\u00e1ssio conta, ainda, que acionou a Pol\u00edcia Militar, que chegou rapidamente ao local. Segundo ele, cerca de dez minutos depois, o carro da funer\u00e1ria retornou para recolher o caix\u00e3o.<br><br>&#8220;Nunca vi e nunca imaginei presenciar [uma cena como essa]. A princ\u00edpio teve uma conversa de que o corpo tinha sa\u00eddo do caix\u00e3o, mas, n\u00e3o, foi s\u00f3 a tampa que saiu do caix\u00e3o.&#8221; <br><br>A funer\u00e1ria respons\u00e1vel pelo servi\u00e7o n\u00e3o foi identificada at\u00e9 a publica\u00e7\u00e3o desta mat\u00e9ria.<\/figcaption><\/figure>\n","protected":false},"excerpt":{"rendered":"","protected":false},"author":1,"featured_media":0,"comment_status":"open","ping_status":"open","sticky":false,"template":"","format":"standard","meta":{"site-sidebar-layout":"default","site-content-layout":"","ast-site-content-layout":"default","site-content-style":"default","site-sidebar-style":"default","ast-global-header-display":"","ast-banner-title-visibility":"","ast-main-header-display":"","ast-hfb-above-header-display":"","ast-hfb-below-header-display":"","ast-hfb-mobile-header-display":"","site-post-title":"","ast-breadcrumbs-content":"","ast-featured-img":"","footer-sml-layout":"","ast-disable-related-posts":"","theme-transparent-header-meta":"","adv-header-id-meta":"","stick-header-meta":"","header-above-stick-meta":"","header-main-stick-meta":"","header-below-stick-meta":"","astra-migrate-meta-layouts":"default","ast-page-background-enabled":"default","ast-page-background-meta":{"desktop":{"background-color":"var(--ast-global-color-4)","background-image":"","background-repeat":"repeat","background-position":"center center","background-size":"auto","background-attachment":"scroll","background-type":"","background-media":"","overlay-type":"","overlay-color":"","overlay-opacity":"","overlay-gradient":""},"tablet":{"background-color":"","background-image":"","background-repeat":"repeat","background-position":"center center","background-size":"auto","background-attachment":"scroll","background-type":"","background-media":"","overlay-type":"","overlay-color":"","overlay-opacity":"","overlay-gradient":""},"mobile":{"background-color":"","background-image":"","background-repeat":"repeat","background-position":"center center","background-size":"auto","background-attachment":"scroll","background-type":"","background-media":"","overlay-type":"","overlay-color":"","overlay-opacity":"","overlay-gradient":""}},"ast-content-background-meta":{"desktop":{"background-color":"var(--ast-global-color-5)","background-image":"","background-repeat":"repeat","background-position":"center center","background-size":"auto","background-attachment":"scroll","background-type":"","background-media":"","overlay-type":"","overlay-color":"","overlay-opacity":"","overlay-gradient":""},"tablet":{"background-color":"var(--ast-global-color-5)","background-image":"","background-repeat":"repeat","background-position":"center center","background-size":"auto","background-attachment":"scroll","background-type":"","background-media":"","overlay-type":"","overlay-color":"","overlay-opacity":"","overlay-gradient":""},"mobile":{"background-color":"var(--ast-global-color-5)","background-image":"","background-repeat":"repeat","background-position":"center center","background-size":"auto","background-attachment":"scroll","background-type":"","background-media":"","overlay-type":"","overlay-color":"","overlay-opacity":"","overlay-gradient":""}},"footnotes":""},"categories":[517],"tags":[1856,2017,2016,2018,796,516,50,22,199],"class_list":["post-12142","post","type-post","status-publish","format-standard","hentry","category-aconteceu","tag-caiu","tag-caixao","tag-carro-funerario","tag-funeraria","tag-nota-de-repudio","tag-noticias","tag-noticias-do-face","tag-noticias-no-face","tag-noticiasnoface"],"_links":{"self":[{"href":"https:\/\/noticiasnoface.com.br\/index.php\/wp-json\/wp\/v2\/posts\/12142","targetHints":{"allow":["GET"]}}],"collection":[{"href":"https:\/\/noticiasnoface.com.br\/index.php\/wp-json\/wp\/v2\/posts"}],"about":[{"href":"https:\/\/noticiasnoface.com.br\/index.php\/wp-json\/wp\/v2\/types\/post"}],"author":[{"embeddable":true,"href":"https:\/\/noticiasnoface.com.br\/index.php\/wp-json\/wp\/v2\/users\/1"}],"replies":[{"embeddable":true,"href":"https:\/\/noticiasnoface.com.br\/index.php\/wp-json\/wp\/v2\/comments?post=12142"}],"version-history":[{"count":1,"href":"https:\/\/noticiasnoface.com.br\/index.php\/wp-json\/wp\/v2\/posts\/12142\/revisions"}],"predecessor-version":[{"id":12143,"href":"https:\/\/noticiasnoface.com.br\/index.php\/wp-json\/wp\/v2\/posts\/12142\/revisions\/12143"}],"wp:attachment":[{"href":"https:\/\/noticiasnoface.com.br\/index.php\/wp-json\/wp\/v2\/media?parent=12142"}],"wp:term":[{"taxonomy":"category","embeddable":true,"href":"https:\/\/noticiasnoface.com.br\/index.php\/wp-json\/wp\/v2\/categories?post=12142"},{"taxonomy":"post_tag","embeddable":true,"href":"https:\/\/noticiasnoface.com.br\/index.php\/wp-json\/wp\/v2\/tags?post=12142"}],"curies":[{"name":"wp","href":"https:\/\/api.w.org\/{rel}","templated":true}]}}