{"id":12211,"date":"2022-11-02T19:55:38","date_gmt":"2022-11-02T22:55:38","guid":{"rendered":"https:\/\/noticiasnoface.com.br\/?p=12211"},"modified":"2022-11-02T20:01:23","modified_gmt":"2022-11-02T23:01:23","slug":"fenomeno-bolsonaro","status":"publish","type":"post","link":"https:\/\/noticiasnoface.com.br\/index.php\/2022\/11\/02\/fenomeno-bolsonaro\/","title":{"rendered":"Fen\u00f4meno BOLSONARO"},"content":{"rendered":"\n<figure class=\"wp-block-image size-large\"><img data-opt-id=1595954752  fetchpriority=\"high\" decoding=\"async\" width=\"1024\" height=\"576\" src=\"https:\/\/mlbfrsat7ahr.i.optimole.com\/w:1024\/h:576\/q:mauto\/ig:avif\/https:\/\/noticiasnoface.com.br\/wp-content\/uploads\/2022\/11\/img_6127.jpg\" alt=\"\" class=\"wp-image-12210\" srcset=\"https:\/\/mlbfrsat7ahr.i.optimole.com\/w:1024\/h:576\/q:mauto\/ig:avif\/https:\/\/noticiasnoface.com.br\/wp-content\/uploads\/2022\/11\/img_6127.jpg 1024w, https:\/\/mlbfrsat7ahr.i.optimole.com\/w:300\/h:169\/q:mauto\/ig:avif\/https:\/\/noticiasnoface.com.br\/wp-content\/uploads\/2022\/11\/img_6127.jpg 300w, https:\/\/mlbfrsat7ahr.i.optimole.com\/w:768\/h:432\/q:mauto\/ig:avif\/https:\/\/noticiasnoface.com.br\/wp-content\/uploads\/2022\/11\/img_6127.jpg 768w, https:\/\/mlbfrsat7ahr.i.optimole.com\/w:800\/h:450\/q:mauto\/ig:avif\/https:\/\/noticiasnoface.com.br\/wp-content\/uploads\/2022\/11\/img_6127.jpg 800w, https:\/\/mlbfrsat7ahr.i.optimole.com\/w:1200\/h:675\/q:mauto\/ig:avif\/https:\/\/noticiasnoface.com.br\/wp-content\/uploads\/2022\/11\/img_6127.jpg 1200w\" sizes=\"(max-width: 1000px) 100vw, 1000px\" \/><figcaption class=\"wp-element-caption\"><br \/>Milhares de Manifestantes sa\u00edram \u00e0s ruas neste feriado de Finados, 2 de novembro, para protestar contra os resultados da elei\u00e7\u00e3o presidencial vencida por Luiz In\u00e1cio <a class=\"st_tag internal_tag \" href=\"https:\/\/www.contrafatos.com.br\/tag\/lula\/\" target=\"_blank\" rel=\"noopener\">Lula<\/a> da Silva (PT). Segundo a Pol\u00edcia Rodovi\u00e1ria Federal (PRF), o pa\u00eds registra 145 manifesta\u00e7\u00f5es nas rodovias federais em 16 Estados.<br \/>Foram registrados atos pelo menos em Bras\u00edlia, S\u00e3o Paulo, Rio de Janeiro, Belo Horizonte, Recife, Fortaleza, Natal, Bel\u00e9m, Porto Alegre, Florian\u00f3polis e Curitiba.<br \/>Os apoiadores do presidente Jair <a class=\"st_tag internal_tag \" href=\"https:\/\/www.contrafatos.com.br\/tag\/bolsonaro\/\" target=\"_blank\" rel=\"noopener\">Bolsonaro<\/a> se reuniram na chuva do lado de fora do Comando Militar do Leste, no Rio de Janeiro, um dos oito quart\u00e9is-generais do Ex\u00e9rcito, erguendo os punhos, agitando bandeiras e entoando slogans como \u201cFor\u00e7as armadas salvem o Brasil\u201d e \u201cO povo, unido, nunca ser\u00e1 derrotado\u201d. Bolsonaro \u00e9 hoje indiscutivelmente o maior l\u00edder pol\u00edtico do Brasil, e dificilmente ter\u00e1 seus n\u00fameros  superados no combate \u00e0 criminalidade, economia e a\u00e7\u00f5es sociais. <\/figcaption><\/figure>\n","protected":false},"excerpt":{"rendered":"","protected":false},"author":1,"featured_media":0,"comment_status":"open","ping_status":"open","sticky":false,"template":"","format":"standard","meta":{"site-sidebar-layout":"default","site-content-layout":"","ast-site-content-layout":"default","site-content-style":"default","site-sidebar-style":"default","ast-global-header-display":"","ast-banner-title-visibility":"","ast-main-header-display":"","ast-hfb-above-header-display":"","ast-hfb-below-header-display":"","ast-hfb-mobile-header-display":"","site-post-title":"","ast-breadcrumbs-content":"","ast-featured-img":"","footer-sml-layout":"","ast-disable-related-posts":"","theme-transparent-header-meta":"","adv-header-id-meta":"","stick-header-meta":"","header-above-stick-meta":"","header-main-stick-meta":"","header-below-stick-meta":"","astra-migrate-meta-layouts":"default","ast-page-background-enabled":"default","ast-page-background-meta":{"desktop":{"background-color":"var(--ast-global-color-4)","background-image":"","background-repeat":"repeat","background-position":"center center","background-size":"auto","background-attachment":"scroll","background-type":"","background-media":"","overlay-type":"","overlay-color":"","overlay-opacity":"","overlay-gradient":""},"tablet":{"background-color":"","background-image":"","background-repeat":"repeat","background-position":"center center","background-size":"auto","background-attachment":"scroll","background-type":"","background-media":"","overlay-type":"","overlay-color":"","overlay-opacity":"","overlay-gradient":""},"mobile":{"background-color":"","background-image":"","background-repeat":"repeat","background-position":"center center","background-size":"auto","background-attachment":"scroll","background-type":"","background-media":"","overlay-type":"","overlay-color":"","overlay-opacity":"","overlay-gradient":""}},"ast-content-background-meta":{"desktop":{"background-color":"var(--ast-global-color-5)","background-image":"","background-repeat":"repeat","background-position":"center center","background-size":"auto","background-attachment":"scroll","background-type":"","background-media":"","overlay-type":"","overlay-color":"","overlay-opacity":"","overlay-gradient":""},"tablet":{"background-color":"var(--ast-global-color-5)","background-image":"","background-repeat":"repeat","background-position":"center center","background-size":"auto","background-attachment":"scroll","background-type":"","background-media":"","overlay-type":"","overlay-color":"","overlay-opacity":"","overlay-gradient":""},"mobile":{"background-color":"var(--ast-global-color-5)","background-image":"","background-repeat":"repeat","background-position":"center center","background-size":"auto","background-attachment":"scroll","background-type":"","background-media":"","overlay-type":"","overlay-color":"","overlay-opacity":"","overlay-gradient":""}},"footnotes":""},"categories":[153],"tags":[8,202,2037,50,22,2005],"class_list":["post-12211","post","type-post","status-publish","format-standard","hentry","category-politica","tag-bolsonaro","tag-brasil","tag-manifestacoes","tag-noticias-do-face","tag-noticias-no-face","tag-noticiasnoface-face"],"_links":{"self":[{"href":"https:\/\/noticiasnoface.com.br\/index.php\/wp-json\/wp\/v2\/posts\/12211","targetHints":{"allow":["GET"]}}],"collection":[{"href":"https:\/\/noticiasnoface.com.br\/index.php\/wp-json\/wp\/v2\/posts"}],"about":[{"href":"https:\/\/noticiasnoface.com.br\/index.php\/wp-json\/wp\/v2\/types\/post"}],"author":[{"embeddable":true,"href":"https:\/\/noticiasnoface.com.br\/index.php\/wp-json\/wp\/v2\/users\/1"}],"replies":[{"embeddable":true,"href":"https:\/\/noticiasnoface.com.br\/index.php\/wp-json\/wp\/v2\/comments?post=12211"}],"version-history":[{"count":3,"href":"https:\/\/noticiasnoface.com.br\/index.php\/wp-json\/wp\/v2\/posts\/12211\/revisions"}],"predecessor-version":[{"id":12214,"href":"https:\/\/noticiasnoface.com.br\/index.php\/wp-json\/wp\/v2\/posts\/12211\/revisions\/12214"}],"wp:attachment":[{"href":"https:\/\/noticiasnoface.com.br\/index.php\/wp-json\/wp\/v2\/media?parent=12211"}],"wp:term":[{"taxonomy":"category","embeddable":true,"href":"https:\/\/noticiasnoface.com.br\/index.php\/wp-json\/wp\/v2\/categories?post=12211"},{"taxonomy":"post_tag","embeddable":true,"href":"https:\/\/noticiasnoface.com.br\/index.php\/wp-json\/wp\/v2\/tags?post=12211"}],"curies":[{"name":"wp","href":"https:\/\/api.w.org\/{rel}","templated":true}]}}