{"id":12247,"date":"2022-11-03T23:49:32","date_gmt":"2022-11-04T02:49:32","guid":{"rendered":"https:\/\/noticiasnoface.com.br\/?p=12247"},"modified":"2022-11-03T23:49:32","modified_gmt":"2022-11-04T02:49:32","slug":"diretora-do-twitter-e-flagrada-dormindo-na-empresa-preciso-bater-meta","status":"publish","type":"post","link":"https:\/\/noticiasnoface.com.br\/index.php\/2022\/11\/03\/diretora-do-twitter-e-flagrada-dormindo-na-empresa-preciso-bater-meta\/","title":{"rendered":"Diretora do Twitter \u00e9 flagrada dormindo na empresa \u201cpreciso bater meta\u201d"},"content":{"rendered":"\n<figure class=\"wp-block-image size-large\"><img data-opt-id=40994625  fetchpriority=\"high\" decoding=\"async\" width=\"802\" height=\"1024\" src=\"https:\/\/mlbfrsat7ahr.i.optimole.com\/w:802\/h:1024\/q:mauto\/ig:avif\/https:\/\/noticiasnoface.com.br\/wp-content\/uploads\/2022\/11\/img_6198.jpg\" class=\"wp-image-12246\" srcset=\"https:\/\/mlbfrsat7ahr.i.optimole.com\/w:802\/h:1024\/q:mauto\/ig:avif\/https:\/\/noticiasnoface.com.br\/wp-content\/uploads\/2022\/11\/img_6198.jpg 802w, https:\/\/mlbfrsat7ahr.i.optimole.com\/w:235\/h:300\/q:mauto\/ig:avif\/https:\/\/noticiasnoface.com.br\/wp-content\/uploads\/2022\/11\/img_6198.jpg 235w, https:\/\/mlbfrsat7ahr.i.optimole.com\/w:768\/h:981\/q:mauto\/ig:avif\/https:\/\/noticiasnoface.com.br\/wp-content\/uploads\/2022\/11\/img_6198.jpg 768w, https:\/\/mlbfrsat7ahr.i.optimole.com\/w:845\/h:1080\/q:mauto\/ig:avif\/https:\/\/noticiasnoface.com.br\/wp-content\/uploads\/2022\/11\/img_6198.jpg 1203w, https:\/\/mlbfrsat7ahr.i.optimole.com\/w:845\/h:1080\/q:mauto\/ig:avif\/https:\/\/noticiasnoface.com.br\/wp-content\/uploads\/2022\/11\/img_6198.jpg 1242w\" sizes=\"(max-width: 802px) 100vw, 802px\" \/><figcaption class=\"wp-element-caption\">Uma diretora do Twitter foi fotografada dormindo no ch\u00e3o de um escrit\u00f3rio da plataforma de rede social, nesta quarta-feira. A imagem mostra Esther Crawford, que cuida da Gest\u00e3o de Produtos, com uma m\u00e1scara tapando os olhos deitada em um colchonete e coberta por um edredom.A fotografia foi compartilhada em meio ao risco de demiss\u00f5es em massa no Twitter, depois que Elon Musk, homem mais rico do mundo, concluiu o processo de aquisi\u00e7\u00e3o da rede social.<\/figcaption><\/figure>\n\n\n\n<h2 class=\"wp-block-heading\">Era ELON MUSK<\/h2>\n\n\n\n<p>&#8220;Quando voc\u00ea precisa de algo do seu chefe no Twitter de Elon&#8221;, escreveu Evan Jones, gerente de produto do Twitter Spaces. Ele foi respons\u00e1vel por tirar a foto de Esther e compartilh\u00e1-la nas redes.<\/p>\n","protected":false},"excerpt":{"rendered":"<p>Era ELON MUSK &#8220;Quando voc\u00ea precisa de algo do seu chefe no Twitter de Elon&#8221;, escreveu Evan Jones, gerente de [&hellip;]<\/p>\n","protected":false},"author":1,"featured_media":0,"comment_status":"open","ping_status":"open","sticky":false,"template":"","format":"standard","meta":{"site-sidebar-layout":"default","site-content-layout":"","ast-site-content-layout":"default","site-content-style":"default","site-sidebar-style":"default","ast-global-header-display":"","ast-banner-title-visibility":"","ast-main-header-display":"","ast-hfb-above-header-display":"","ast-hfb-below-header-display":"","ast-hfb-mobile-header-display":"","site-post-title":"","ast-breadcrumbs-content":"","ast-featured-img":"","footer-sml-layout":"","ast-disable-related-posts":"","theme-transparent-header-meta":"","adv-header-id-meta":"","stick-header-meta":"","header-above-stick-meta":"","header-main-stick-meta":"","header-below-stick-meta":"","astra-migrate-meta-layouts":"default","ast-page-background-enabled":"default","ast-page-background-meta":{"desktop":{"background-color":"var(--ast-global-color-4)","background-image":"","background-repeat":"repeat","background-position":"center center","background-size":"auto","background-attachment":"scroll","background-type":"","background-media":"","overlay-type":"","overlay-color":"","overlay-opacity":"","overlay-gradient":""},"tablet":{"background-color":"","background-image":"","background-repeat":"repeat","background-position":"center center","background-size":"auto","background-attachment":"scroll","background-type":"","background-media":"","overlay-type":"","overlay-color":"","overlay-opacity":"","overlay-gradient":""},"mobile":{"background-color":"","background-image":"","background-repeat":"repeat","background-position":"center center","background-size":"auto","background-attachment":"scroll","background-type":"","background-media":"","overlay-type":"","overlay-color":"","overlay-opacity":"","overlay-gradient":""}},"ast-content-background-meta":{"desktop":{"background-color":"var(--ast-global-color-5)","background-image":"","background-repeat":"repeat","background-position":"center center","background-size":"auto","background-attachment":"scroll","background-type":"","background-media":"","overlay-type":"","overlay-color":"","overlay-opacity":"","overlay-gradient":""},"tablet":{"background-color":"var(--ast-global-color-5)","background-image":"","background-repeat":"repeat","background-position":"center center","background-size":"auto","background-attachment":"scroll","background-type":"","background-media":"","overlay-type":"","overlay-color":"","overlay-opacity":"","overlay-gradient":""},"mobile":{"background-color":"var(--ast-global-color-5)","background-image":"","background-repeat":"repeat","background-position":"center center","background-size":"auto","background-attachment":"scroll","background-type":"","background-media":"","overlay-type":"","overlay-color":"","overlay-opacity":"","overlay-gradient":""}},"footnotes":""},"categories":[517],"tags":[2047,457,2046,2048,50,22,199,456],"class_list":["post-12247","post","type-post","status-publish","format-standard","hentry","category-aconteceu","tag-diretora","tag-elon-musk","tag-meritocracia","tag-meta","tag-noticias-do-face","tag-noticias-no-face","tag-noticiasnoface","tag-twitter"],"_links":{"self":[{"href":"https:\/\/noticiasnoface.com.br\/index.php\/wp-json\/wp\/v2\/posts\/12247","targetHints":{"allow":["GET"]}}],"collection":[{"href":"https:\/\/noticiasnoface.com.br\/index.php\/wp-json\/wp\/v2\/posts"}],"about":[{"href":"https:\/\/noticiasnoface.com.br\/index.php\/wp-json\/wp\/v2\/types\/post"}],"author":[{"embeddable":true,"href":"https:\/\/noticiasnoface.com.br\/index.php\/wp-json\/wp\/v2\/users\/1"}],"replies":[{"embeddable":true,"href":"https:\/\/noticiasnoface.com.br\/index.php\/wp-json\/wp\/v2\/comments?post=12247"}],"version-history":[{"count":1,"href":"https:\/\/noticiasnoface.com.br\/index.php\/wp-json\/wp\/v2\/posts\/12247\/revisions"}],"predecessor-version":[{"id":12248,"href":"https:\/\/noticiasnoface.com.br\/index.php\/wp-json\/wp\/v2\/posts\/12247\/revisions\/12248"}],"wp:attachment":[{"href":"https:\/\/noticiasnoface.com.br\/index.php\/wp-json\/wp\/v2\/media?parent=12247"}],"wp:term":[{"taxonomy":"category","embeddable":true,"href":"https:\/\/noticiasnoface.com.br\/index.php\/wp-json\/wp\/v2\/categories?post=12247"},{"taxonomy":"post_tag","embeddable":true,"href":"https:\/\/noticiasnoface.com.br\/index.php\/wp-json\/wp\/v2\/tags?post=12247"}],"curies":[{"name":"wp","href":"https:\/\/api.w.org\/{rel}","templated":true}]}}