{"id":12271,"date":"2022-11-04T21:19:58","date_gmt":"2022-11-05T00:19:58","guid":{"rendered":"https:\/\/noticiasnoface.com.br\/?p=12271"},"modified":"2022-11-04T21:20:00","modified_gmt":"2022-11-05T00:20:00","slug":"pm-vai-investigar-policial-e-que-explicou-o-que-significa-cpx","status":"publish","type":"post","link":"https:\/\/noticiasnoface.com.br\/index.php\/2022\/11\/04\/pm-vai-investigar-policial-e-que-explicou-o-que-significa-cpx\/","title":{"rendered":"PM vai investigar Policial e que explicou o que significa CPX"},"content":{"rendered":"\n<figure class=\"wp-block-image size-large\"><img data-opt-id=257660290  fetchpriority=\"high\" decoding=\"async\" width=\"300\" height=\"200\" src=\"https:\/\/mlbfrsat7ahr.i.optimole.com\/w:300\/h:200\/q:mauto\/ig:avif\/https:\/\/noticiasnoface.com.br\/wp-content\/uploads\/2022\/11\/img_6249.jpg\" class=\"wp-image-12270\" srcset=\"https:\/\/mlbfrsat7ahr.i.optimole.com\/w:300\/h:200\/q:mauto\/ig:avif\/https:\/\/noticiasnoface.com.br\/wp-content\/uploads\/2022\/11\/img_6249.jpg 300w, https:\/\/mlbfrsat7ahr.i.optimole.com\/w:649\/h:433\/q:mauto\/ig:avif\/https:\/\/noticiasnoface.com.br\/wp-content\/uploads\/2022\/11\/img_6249.jpg 649w\" sizes=\"(max-width: 300px) 100vw, 300px\" \/><figcaption class=\"wp-element-caption\">A Corregedoria da PM vai investigar um major do Bope de Santa Catarina que mentiu ao dizer que a sigla CPX, usada por <a href=\"https:\/\/g1.globo.com\/politica\/politico\/lula\/\" target=\"_blank\" rel=\"noopener\">Lula<\/a> (<a href=\"https:\/\/g1.globo.com\/politica\/partido\/pt\/\" target=\"_blank\" rel=\"noopener\">PT<\/a>) em um bon\u00e9, tem rela\u00e7\u00e3o com alguma fac\u00e7\u00e3o criminosa. Felipe Sommer, que \u00e9 subcomandante, dava entrevista a um podcast quando fez <a href=\"https:\/\/g1.globo.com\/fato-ou-fake\/eleicoes\/noticia\/2022\/10\/13\/e-fake-que-bone-usado-por-lula-com-abreviacao-cpx-seja-referencia-a-faccao-criminosa-do-rj.ghtml\" target=\"_blank\" rel=\"noopener\">a afirma\u00e7\u00e3o falsa<\/a>.<br><br><a rel=\"noreferrer noopener\" href=\"https:\/\/api.whatsapp.com\/send?text=https:\/\/g1.globo.com\/sc\/santa-catarina\/noticia\/2022\/10\/26\/pm-vai-investigar-oficial-do-bope-de-sc-que-mentiu-sobre-significado-da-sigla-cpx-em-entrevista-a-podcast.ghtml?utm_source%3Dwhatsapp%26utm_medium%3Dshare-engagement%26utm_campaign%3Dte-materias\" target=\"_blank\">Compartilhe no WhatsApp<\/a><br><a rel=\"noreferrer noopener\" href=\"https:\/\/telegram.me\/share\/url?url=https:\/\/g1.globo.com\/sc\/santa-catarina\/noticia\/2022\/10\/26\/pm-vai-investigar-oficial-do-bope-de-sc-que-mentiu-sobre-significado-da-sigla-cpx-em-entrevista-a-podcast.ghtml?utm_source%3Dtelegram%26utm_medium%3Dshare-engagement%26utm_campaign%3Dte-materias\" target=\"_blank\">Compartilhe no Telegram<\/a><br><br>O agente do Bope dava entrevista fardado ao podcast Nem Me Viu, apresentado pelo lutador de MMA Fabr\u00edcio Werdum. Na grava\u00e7\u00e3o, ele \u00e9 questionado por um internauta sobre o que acha da sigla CPX, do bon\u00e9 de Lula (PT) e faz a rela\u00e7\u00e3o do candidato a fac\u00e7\u00f5es.<br><br>&#8220;Muita gente dizendo que CPX \u00e9 abrevia\u00e7\u00e3o de complexo. Negativo, n\u00e3o \u00e9 abrevia\u00e7\u00e3o de complexo, significa cupincha, parceiro de crime. E eu tenho a oportunidade de conversar com diversos policiais do Rio de Janeiro, inclusive policiais que atuam em unidade especializada daquela pol\u00edcia&#8221;, declarou o militar. No trecho ainda diz que se o candidato &#8220;n\u00e3o fosse associado a fac\u00e7\u00f5es, n\u00e3o sairia vivo do local&#8221;.<br><br>Lula (PT) usou um bon\u00e9 com a abrevia\u00e7\u00e3o durante <a href=\"https:\/\/g1.globo.com\/rj\/rio-de-janeiro\/eleicoes\/2022\/noticia\/2022\/10\/12\/lula-cumpre-agenda-de-campanha-no-complexo-do-alemao.ghtml\" target=\"_blank\" rel=\"noopener\">evento de campanha no Complexo do Alem\u00e3o, em 12 de outubro<\/a>. \u00c0 \u00e9poca, apoiadores de Bolsonaro usaram a sigla para associar o candidato a fac\u00e7\u00f5es criminosas. As letras CPX formam a abrevia\u00e7\u00e3o de &#8220;complexo de favelas&#8221; e s\u00e3o, inclusive, usadas pela Pol\u00edcia Militar.<\/figcaption><\/figure>\n","protected":false},"excerpt":{"rendered":"","protected":false},"author":1,"featured_media":0,"comment_status":"open","ping_status":"open","sticky":false,"template":"","format":"standard","meta":{"site-sidebar-layout":"default","site-content-layout":"","ast-site-content-layout":"default","site-content-style":"default","site-sidebar-style":"default","ast-global-header-display":"","ast-banner-title-visibility":"","ast-main-header-display":"","ast-hfb-above-header-display":"","ast-hfb-below-header-display":"","ast-hfb-mobile-header-display":"","site-post-title":"","ast-breadcrumbs-content":"","ast-featured-img":"","footer-sml-layout":"","ast-disable-related-posts":"","theme-transparent-header-meta":"","adv-header-id-meta":"","stick-header-meta":"","header-above-stick-meta":"","header-main-stick-meta":"","header-below-stick-meta":"","astra-migrate-meta-layouts":"default","ast-page-background-enabled":"default","ast-page-background-meta":{"desktop":{"background-color":"var(--ast-global-color-4)","background-image":"","background-repeat":"repeat","background-position":"center center","background-size":"auto","background-attachment":"scroll","background-type":"","background-media":"","overlay-type":"","overlay-color":"","overlay-opacity":"","overlay-gradient":""},"tablet":{"background-color":"","background-image":"","background-repeat":"repeat","background-position":"center center","background-size":"auto","background-attachment":"scroll","background-type":"","background-media":"","overlay-type":"","overlay-color":"","overlay-opacity":"","overlay-gradient":""},"mobile":{"background-color":"","background-image":"","background-repeat":"repeat","background-position":"center center","background-size":"auto","background-attachment":"scroll","background-type":"","background-media":"","overlay-type":"","overlay-color":"","overlay-opacity":"","overlay-gradient":""}},"ast-content-background-meta":{"desktop":{"background-color":"var(--ast-global-color-5)","background-image":"","background-repeat":"repeat","background-position":"center center","background-size":"auto","background-attachment":"scroll","background-type":"","background-media":"","overlay-type":"","overlay-color":"","overlay-opacity":"","overlay-gradient":""},"tablet":{"background-color":"var(--ast-global-color-5)","background-image":"","background-repeat":"repeat","background-position":"center center","background-size":"auto","background-attachment":"scroll","background-type":"","background-media":"","overlay-type":"","overlay-color":"","overlay-opacity":"","overlay-gradient":""},"mobile":{"background-color":"var(--ast-global-color-5)","background-image":"","background-repeat":"repeat","background-position":"center center","background-size":"auto","background-attachment":"scroll","background-type":"","background-media":"","overlay-type":"","overlay-color":"","overlay-opacity":"","overlay-gradient":""}},"footnotes":""},"categories":[517],"tags":[2055,1941,2054,215,516,50,22,2005,2053],"class_list":["post-12271","post","type-post","status-publish","format-standard","hentry","category-aconteceu","tag-alemao","tag-complexo","tag-cpx","tag-lula","tag-noticias","tag-noticias-do-face","tag-noticias-no-face","tag-noticiasnoface-face","tag-pm"],"_links":{"self":[{"href":"https:\/\/noticiasnoface.com.br\/index.php\/wp-json\/wp\/v2\/posts\/12271","targetHints":{"allow":["GET"]}}],"collection":[{"href":"https:\/\/noticiasnoface.com.br\/index.php\/wp-json\/wp\/v2\/posts"}],"about":[{"href":"https:\/\/noticiasnoface.com.br\/index.php\/wp-json\/wp\/v2\/types\/post"}],"author":[{"embeddable":true,"href":"https:\/\/noticiasnoface.com.br\/index.php\/wp-json\/wp\/v2\/users\/1"}],"replies":[{"embeddable":true,"href":"https:\/\/noticiasnoface.com.br\/index.php\/wp-json\/wp\/v2\/comments?post=12271"}],"version-history":[{"count":1,"href":"https:\/\/noticiasnoface.com.br\/index.php\/wp-json\/wp\/v2\/posts\/12271\/revisions"}],"predecessor-version":[{"id":12272,"href":"https:\/\/noticiasnoface.com.br\/index.php\/wp-json\/wp\/v2\/posts\/12271\/revisions\/12272"}],"wp:attachment":[{"href":"https:\/\/noticiasnoface.com.br\/index.php\/wp-json\/wp\/v2\/media?parent=12271"}],"wp:term":[{"taxonomy":"category","embeddable":true,"href":"https:\/\/noticiasnoface.com.br\/index.php\/wp-json\/wp\/v2\/categories?post=12271"},{"taxonomy":"post_tag","embeddable":true,"href":"https:\/\/noticiasnoface.com.br\/index.php\/wp-json\/wp\/v2\/tags?post=12271"}],"curies":[{"name":"wp","href":"https:\/\/api.w.org\/{rel}","templated":true}]}}