{"id":12275,"date":"2022-11-04T21:31:12","date_gmt":"2022-11-05T00:31:12","guid":{"rendered":"https:\/\/noticiasnoface.com.br\/?p=12275"},"modified":"2022-11-04T21:31:13","modified_gmt":"2022-11-05T00:31:13","slug":"bolsonaro-sabe-que-ganhou","status":"publish","type":"post","link":"https:\/\/noticiasnoface.com.br\/index.php\/2022\/11\/04\/bolsonaro-sabe-que-ganhou\/","title":{"rendered":"Bolsonaro sabe que ganhou!"},"content":{"rendered":"\n<figure class=\"wp-block-image size-large\"><img data-opt-id=574656971  fetchpriority=\"high\" decoding=\"async\" width=\"300\" height=\"196\" src=\"https:\/\/mlbfrsat7ahr.i.optimole.com\/w:300\/h:196\/q:mauto\/ig:avif\/https:\/\/noticiasnoface.com.br\/wp-content\/uploads\/2022\/11\/img_6250.jpg\" class=\"wp-image-12273\" srcset=\"https:\/\/mlbfrsat7ahr.i.optimole.com\/w:300\/h:196\/q:mauto\/ig:avif\/https:\/\/noticiasnoface.com.br\/wp-content\/uploads\/2022\/11\/img_6250.jpg 300w, https:\/\/mlbfrsat7ahr.i.optimole.com\/w:613\/h:400\/q:mauto\/ig:avif\/https:\/\/noticiasnoface.com.br\/wp-content\/uploads\/2022\/11\/img_6250.jpg 613w\" sizes=\"(max-width: 300px) 100vw, 300px\" \/><figcaption class=\"wp-element-caption\">Apesar de ter dito ao Supremo que \u201cacabou\u201d, Jair Bolsonaro n\u00e3o desistiu de contestar o resultado das urnas e espera a entrega do relat\u00f3rio de auditoria do Minist\u00e9rio da Defesa, na segunda-feira 7, para retornar \u00e0 pauta. Fontes militares disseram a O Antagonista que o documento levantar\u00e1 v\u00e1rias quest\u00f5es com potencial para realimentar a tese bolsonarista de fraude.<br>Nos grupos de apoiadores, j\u00e1 circulam vers\u00f5es sobre uma \u2018auditoria independente\u2019 que ser\u00e1 divulgada na Argentina, assim como um novo relat\u00f3rio das inser\u00e7\u00f5es de r\u00e1dio e uma planilha com links para os Boletins de Urna de se\u00e7\u00f5es eleitorais onde Bolsonaro teve zero voto ou vota\u00e7\u00e3o inexpressiva.<br>Para essas fontes, seria imposs\u00edvel o presidente n\u00e3o receber sequer 1 voto numa se\u00e7\u00e3o.<br><a href=\"https:\/\/assets.blogdobg.com.br\/uploads\/2022\/11\/13.webp\" target=\"_blank\" rel=\"noopener\">A divulga\u00e7\u00e3o desses dados coincide com nova articula\u00e7\u00e3o para uma greve geral, a partir da mesma segunda, (7). Perfis de apoiadores no exterior j\u00e1 est\u00e3o mobilizados na divulga\u00e7\u00e3o das iniciativas. Ontem, a deputada Carla Zambelli deixou o pa\u00eds alegando buscar nos EUA meios para <em>\u201crestaurar a liberdade de express\u00e3o no pa\u00eds\u201d<\/em>.<br><strong>O Antagonista<\/strong><\/a><\/figcaption><\/figure>\n\n\n\n<figure class=\"wp-block-image size-large\"><img data-opt-id=1227681575  fetchpriority=\"high\" decoding=\"async\" src=\"https:\/\/mlbfrsat7ahr.i.optimole.com\/w:300\/h:185\/q:mauto\/ig:avif\/https:\/\/noticiasnoface.com.br\/wp-content\/uploads\/2022\/11\/img_6251-300x185.jpg\" class=\"wp-image-12274\"\/><figcaption class=\"wp-element-caption\">Houve Fraude, diz relat\u00f3rio <\/figcaption><\/figure>\n","protected":false},"excerpt":{"rendered":"","protected":false},"author":1,"featured_media":0,"comment_status":"open","ping_status":"open","sticky":false,"template":"","format":"standard","meta":{"site-sidebar-layout":"default","site-content-layout":"","ast-site-content-layout":"default","site-content-style":"default","site-sidebar-style":"default","ast-global-header-display":"","ast-banner-title-visibility":"","ast-main-header-display":"","ast-hfb-above-header-display":"","ast-hfb-below-header-display":"","ast-hfb-mobile-header-display":"","site-post-title":"","ast-breadcrumbs-content":"","ast-featured-img":"","footer-sml-layout":"","ast-disable-related-posts":"","theme-transparent-header-meta":"","adv-header-id-meta":"","stick-header-meta":"","header-above-stick-meta":"","header-main-stick-meta":"","header-below-stick-meta":"","astra-migrate-meta-layouts":"default","ast-page-background-enabled":"default","ast-page-background-meta":{"desktop":{"background-color":"var(--ast-global-color-4)","background-image":"","background-repeat":"repeat","background-position":"center center","background-size":"auto","background-attachment":"scroll","background-type":"","background-media":"","overlay-type":"","overlay-color":"","overlay-opacity":"","overlay-gradient":""},"tablet":{"background-color":"","background-image":"","background-repeat":"repeat","background-position":"center center","background-size":"auto","background-attachment":"scroll","background-type":"","background-media":"","overlay-type":"","overlay-color":"","overlay-opacity":"","overlay-gradient":""},"mobile":{"background-color":"","background-image":"","background-repeat":"repeat","background-position":"center center","background-size":"auto","background-attachment":"scroll","background-type":"","background-media":"","overlay-type":"","overlay-color":"","overlay-opacity":"","overlay-gradient":""}},"ast-content-background-meta":{"desktop":{"background-color":"var(--ast-global-color-5)","background-image":"","background-repeat":"repeat","background-position":"center center","background-size":"auto","background-attachment":"scroll","background-type":"","background-media":"","overlay-type":"","overlay-color":"","overlay-opacity":"","overlay-gradient":""},"tablet":{"background-color":"var(--ast-global-color-5)","background-image":"","background-repeat":"repeat","background-position":"center center","background-size":"auto","background-attachment":"scroll","background-type":"","background-media":"","overlay-type":"","overlay-color":"","overlay-opacity":"","overlay-gradient":""},"mobile":{"background-color":"var(--ast-global-color-5)","background-image":"","background-repeat":"repeat","background-position":"center center","background-size":"auto","background-attachment":"scroll","background-type":"","background-media":"","overlay-type":"","overlay-color":"","overlay-opacity":"","overlay-gradient":""}},"footnotes":""},"categories":[517],"tags":[8,317,192,458,2056],"class_list":["post-12275","post","type-post","status-publish","format-standard","hentry","category-aconteceu","tag-bolsonaro","tag-eleicoes","tag-eleicoes-2022","tag-fraude","tag-relatorio"],"_links":{"self":[{"href":"https:\/\/noticiasnoface.com.br\/index.php\/wp-json\/wp\/v2\/posts\/12275","targetHints":{"allow":["GET"]}}],"collection":[{"href":"https:\/\/noticiasnoface.com.br\/index.php\/wp-json\/wp\/v2\/posts"}],"about":[{"href":"https:\/\/noticiasnoface.com.br\/index.php\/wp-json\/wp\/v2\/types\/post"}],"author":[{"embeddable":true,"href":"https:\/\/noticiasnoface.com.br\/index.php\/wp-json\/wp\/v2\/users\/1"}],"replies":[{"embeddable":true,"href":"https:\/\/noticiasnoface.com.br\/index.php\/wp-json\/wp\/v2\/comments?post=12275"}],"version-history":[{"count":1,"href":"https:\/\/noticiasnoface.com.br\/index.php\/wp-json\/wp\/v2\/posts\/12275\/revisions"}],"predecessor-version":[{"id":12276,"href":"https:\/\/noticiasnoface.com.br\/index.php\/wp-json\/wp\/v2\/posts\/12275\/revisions\/12276"}],"wp:attachment":[{"href":"https:\/\/noticiasnoface.com.br\/index.php\/wp-json\/wp\/v2\/media?parent=12275"}],"wp:term":[{"taxonomy":"category","embeddable":true,"href":"https:\/\/noticiasnoface.com.br\/index.php\/wp-json\/wp\/v2\/categories?post=12275"},{"taxonomy":"post_tag","embeddable":true,"href":"https:\/\/noticiasnoface.com.br\/index.php\/wp-json\/wp\/v2\/tags?post=12275"}],"curies":[{"name":"wp","href":"https:\/\/api.w.org\/{rel}","templated":true}]}}