{"id":12279,"date":"2022-11-05T08:19:21","date_gmt":"2022-11-05T11:19:21","guid":{"rendered":"https:\/\/noticiasnoface.com.br\/?p=12279"},"modified":"2022-11-05T08:19:22","modified_gmt":"2022-11-05T11:19:22","slug":"mae-espanca-a-filha-por-conta-de-uma-coxinha-assistam","status":"publish","type":"post","link":"https:\/\/noticiasnoface.com.br\/index.php\/2022\/11\/05\/mae-espanca-a-filha-por-conta-de-uma-coxinha-assistam\/","title":{"rendered":"M\u00e3e espanca a filha por conta de uma coxinha, assistam:"},"content":{"rendered":"\n<figure class=\"wp-block-video\"><video controls src=\"https:\/\/noticiasnoface.com.br\/wp-content\/uploads\/2022\/11\/video-output-e863b53b-4108-4a18-9585-36ca50be42e5.mp4\"><\/video><figcaption class=\"wp-element-caption\">M\u00e3e espanca a filha por uma coxinha<\/figcaption><\/figure>\n\n\n\n<p>Uma adolescente de 16 anos foi brutalmente espancada pela pr\u00f3pria m\u00e3e, identificada como N\u00e1dia, de 40 anos, por causa de uma coxinha. O caso aconteceu no bairro Expedito, em Cariacica, em Esp\u00edrito Santo.<\/p>\n\n\n\n<p>Segundo informa\u00e7\u00f5es preliminares, a menina levou socos e ouviu v\u00e1rios xingamentos da pr\u00f3pria m\u00e3e e precisou ser levada para emerg\u00eancia por conta de v\u00e1rias les\u00f5es na regi\u00e3o da cabe\u00e7a.<\/p>\n\n\n\n<figure class=\"wp-block-image size-large\"><img data-opt-id=69063809  fetchpriority=\"high\" decoding=\"async\" src=\"https:\/\/mlbfrsat7ahr.i.optimole.com\/w:1024\/h:854\/q:mauto\/ig:avif\/https:\/\/noticiasnoface.com.br\/wp-content\/uploads\/2022\/11\/img_6257-1024x854.jpg\" class=\"wp-image-12278\"\/><figcaption class=\"wp-element-caption\">Fim dos tempos !<\/figcaption><\/figure>\n\n\n\n<p>O irm\u00e3o da v\u00edtima que presenciou tudo, alegou que a adolescente tinha comido um salgado da m\u00e3e, mas que avisou que iria contar para ela que havia comido, por\u00e9m n\u00e3o deu tempo, pois a mulher se irritou e j\u00e1 partiu para cima da filha.<\/p>\n\n\n\n<p>A Pol\u00edcia Militar foi acionada pelo irm\u00e3o da adolescente, que chegou at\u00e9 mesmo a registrar v\u00eddeos para mandar para o pai o que a m\u00e3e havia feito com sua irm\u00e3.<\/p>\n\n\n\n<p>Ainda de acordo com ele, n\u00e3o \u00e9 a primeira vez que a mulher \u00e9 violenta com os pr\u00f3prios filhos por motivo banal.<\/p>\n\n\n\n<p>N\u00e1dia foi presa em flagrante e autuada por crime de les\u00e3o corporal qualificada, na forma da lei Maria da Penha com fian\u00e7a estipulada no valor de R$ 1.500,00. Depois disso ela foi conduzida para o Centro Prisional Feminino de Arauc\u00e1ria, onde permanece presa.<\/p>\n","protected":false},"excerpt":{"rendered":"<p>Uma adolescente de 16 anos foi brutalmente espancada pela pr\u00f3pria m\u00e3e, identificada como N\u00e1dia, de 40 anos, por causa de [&hellip;]<\/p>\n","protected":false},"author":1,"featured_media":0,"comment_status":"open","ping_status":"open","sticky":false,"template":"","format":"standard","meta":{"site-sidebar-layout":"default","site-content-layout":"","ast-site-content-layout":"default","site-content-style":"default","site-sidebar-style":"default","ast-global-header-display":"","ast-banner-title-visibility":"","ast-main-header-display":"","ast-hfb-above-header-display":"","ast-hfb-below-header-display":"","ast-hfb-mobile-header-display":"","site-post-title":"","ast-breadcrumbs-content":"","ast-featured-img":"","footer-sml-layout":"","ast-disable-related-posts":"","theme-transparent-header-meta":"","adv-header-id-meta":"","stick-header-meta":"","header-above-stick-meta":"","header-main-stick-meta":"","header-below-stick-meta":"","astra-migrate-meta-layouts":"default","ast-page-background-enabled":"default","ast-page-background-meta":{"desktop":{"background-color":"var(--ast-global-color-4)","background-image":"","background-repeat":"repeat","background-position":"center center","background-size":"auto","background-attachment":"scroll","background-type":"","background-media":"","overlay-type":"","overlay-color":"","overlay-opacity":"","overlay-gradient":""},"tablet":{"background-color":"","background-image":"","background-repeat":"repeat","background-position":"center center","background-size":"auto","background-attachment":"scroll","background-type":"","background-media":"","overlay-type":"","overlay-color":"","overlay-opacity":"","overlay-gradient":""},"mobile":{"background-color":"","background-image":"","background-repeat":"repeat","background-position":"center center","background-size":"auto","background-attachment":"scroll","background-type":"","background-media":"","overlay-type":"","overlay-color":"","overlay-opacity":"","overlay-gradient":""}},"ast-content-background-meta":{"desktop":{"background-color":"var(--ast-global-color-5)","background-image":"","background-repeat":"repeat","background-position":"center center","background-size":"auto","background-attachment":"scroll","background-type":"","background-media":"","overlay-type":"","overlay-color":"","overlay-opacity":"","overlay-gradient":""},"tablet":{"background-color":"var(--ast-global-color-5)","background-image":"","background-repeat":"repeat","background-position":"center center","background-size":"auto","background-attachment":"scroll","background-type":"","background-media":"","overlay-type":"","overlay-color":"","overlay-opacity":"","overlay-gradient":""},"mobile":{"background-color":"var(--ast-global-color-5)","background-image":"","background-repeat":"repeat","background-position":"center center","background-size":"auto","background-attachment":"scroll","background-type":"","background-media":"","overlay-type":"","overlay-color":"","overlay-opacity":"","overlay-gradient":""}},"footnotes":""},"categories":[517],"tags":[2057,1891,696,943,464,50,22,199],"class_list":["post-12279","post","type-post","status-publish","format-standard","hentry","category-aconteceu","tag-coxinha","tag-coxinha-de-galinha","tag-espancar","tag-filha","tag-mae","tag-noticias-do-face","tag-noticias-no-face","tag-noticiasnoface"],"_links":{"self":[{"href":"https:\/\/noticiasnoface.com.br\/index.php\/wp-json\/wp\/v2\/posts\/12279","targetHints":{"allow":["GET"]}}],"collection":[{"href":"https:\/\/noticiasnoface.com.br\/index.php\/wp-json\/wp\/v2\/posts"}],"about":[{"href":"https:\/\/noticiasnoface.com.br\/index.php\/wp-json\/wp\/v2\/types\/post"}],"author":[{"embeddable":true,"href":"https:\/\/noticiasnoface.com.br\/index.php\/wp-json\/wp\/v2\/users\/1"}],"replies":[{"embeddable":true,"href":"https:\/\/noticiasnoface.com.br\/index.php\/wp-json\/wp\/v2\/comments?post=12279"}],"version-history":[{"count":1,"href":"https:\/\/noticiasnoface.com.br\/index.php\/wp-json\/wp\/v2\/posts\/12279\/revisions"}],"predecessor-version":[{"id":12280,"href":"https:\/\/noticiasnoface.com.br\/index.php\/wp-json\/wp\/v2\/posts\/12279\/revisions\/12280"}],"wp:attachment":[{"href":"https:\/\/noticiasnoface.com.br\/index.php\/wp-json\/wp\/v2\/media?parent=12279"}],"wp:term":[{"taxonomy":"category","embeddable":true,"href":"https:\/\/noticiasnoface.com.br\/index.php\/wp-json\/wp\/v2\/categories?post=12279"},{"taxonomy":"post_tag","embeddable":true,"href":"https:\/\/noticiasnoface.com.br\/index.php\/wp-json\/wp\/v2\/tags?post=12279"}],"curies":[{"name":"wp","href":"https:\/\/api.w.org\/{rel}","templated":true}]}}