{"id":12293,"date":"2022-11-05T16:50:02","date_gmt":"2022-11-05T19:50:02","guid":{"rendered":"https:\/\/noticiasnoface.com.br\/?p=12293"},"modified":"2022-11-05T16:50:02","modified_gmt":"2022-11-05T19:50:02","slug":"kombi-pega-fogo-com-familia-dentro-assistam","status":"publish","type":"post","link":"https:\/\/noticiasnoface.com.br\/index.php\/2022\/11\/05\/kombi-pega-fogo-com-familia-dentro-assistam\/","title":{"rendered":"Kombi pega fogo com fam\u00edlia dentro, assistam\/"},"content":{"rendered":"\n<figure class=\"wp-block-video\"><video controls src=\"https:\/\/noticiasnoface.com.br\/wp-content\/uploads\/2022\/11\/2022-11-05_164555_video.mp4\"><\/video><figcaption class=\"wp-element-caption\">&#8220;O frentista gritou que estava pegando fogo. Descemos, abrimos a porta de tr\u00e1s e seguramos para todo mundo descer. Pedimos para que eles se afastassem, porque o nosso medo era de o posto explodir&#8221;, conta o motorista da Kombi. <br \/><br \/>Imagens das c\u00e2meras de seguran\u00e7a do posto de combust\u00edveis registraram o momento em que as chamas surgiram no motor. Os frentistas se assustaram e correram. <br \/><br \/>A porta do ve\u00edculo foi aberta, e os ocupantes desceram, correndo para longe do fogo. Um frentista usou um extintor de inc\u00eandio para conter as chamas que se espalharam pelo ch\u00e3o, por causa do combust\u00edvel. <br \/><br \/>&#8216;LIVRAMENTO&#8217; <br \/><br \/>O motorista da Kombi, Rafael Santana, de 34 anos, \u00e9 presidente do Instituto Filhos de Samambaia. Ele usava o ve\u00edculo para distribuir alimentos para pessoas pobres da regi\u00e3o. <br \/><br \/>Rafael contou ao g1 que ele e os amigos decidiram se reunir, no domingo, para levar as crian\u00e7as para passear. Durante o trajeto, eles pararam para abastecer, e foi quando o ve\u00edculo pegou fogo. <br \/><br \/>Rafael diz que se sente grato por ningu\u00e9m ter ficado ferido. Evang\u00e9lico, ele afirma que passou por um &#8220;livramento&#8221;. O homem, que tamb\u00e9m trabalha com recursos humanos, gravou um v\u00eddeo onde conta o que aconteceu e agradece a Deus por todos terem sa\u00eddo ilesos <br \/><br \/>No v\u00eddeo, Rafael tamb\u00e9m canta uma m\u00fasica religiosa e pede ajuda para consertar a Kombi, que \u00e9 usada para trabalhos sociais do Instituto Filhos de Samambaia. <\/figcaption><\/figure>\n\n\n\n<figure class=\"wp-block-image size-large\"><img data-opt-id=1064276050  fetchpriority=\"high\" decoding=\"async\" src=\"https:\/\/mlbfrsat7ahr.i.optimole.com\/w:300\/h:251\/q:mauto\/ig:avif\/https:\/\/noticiasnoface.com.br\/wp-content\/uploads\/2022\/11\/img_6277-300x251.jpg\" alt=\"\" class=\"wp-image-12292\"\/><\/figure>\n","protected":false},"excerpt":{"rendered":"","protected":false},"author":1,"featured_media":0,"comment_status":"open","ping_status":"open","sticky":false,"template":"","format":"standard","meta":{"site-sidebar-layout":"default","site-content-layout":"","ast-site-content-layout":"default","site-content-style":"default","site-sidebar-style":"default","ast-global-header-display":"","ast-banner-title-visibility":"","ast-main-header-display":"","ast-hfb-above-header-display":"","ast-hfb-below-header-display":"","ast-hfb-mobile-header-display":"","site-post-title":"","ast-breadcrumbs-content":"","ast-featured-img":"","footer-sml-layout":"","ast-disable-related-posts":"","theme-transparent-header-meta":"","adv-header-id-meta":"","stick-header-meta":"","header-above-stick-meta":"","header-main-stick-meta":"","header-below-stick-meta":"","astra-migrate-meta-layouts":"default","ast-page-background-enabled":"default","ast-page-background-meta":{"desktop":{"background-color":"var(--ast-global-color-4)","background-image":"","background-repeat":"repeat","background-position":"center center","background-size":"auto","background-attachment":"scroll","background-type":"","background-media":"","overlay-type":"","overlay-color":"","overlay-opacity":"","overlay-gradient":""},"tablet":{"background-color":"","background-image":"","background-repeat":"repeat","background-position":"center center","background-size":"auto","background-attachment":"scroll","background-type":"","background-media":"","overlay-type":"","overlay-color":"","overlay-opacity":"","overlay-gradient":""},"mobile":{"background-color":"","background-image":"","background-repeat":"repeat","background-position":"center center","background-size":"auto","background-attachment":"scroll","background-type":"","background-media":"","overlay-type":"","overlay-color":"","overlay-opacity":"","overlay-gradient":""}},"ast-content-background-meta":{"desktop":{"background-color":"var(--ast-global-color-5)","background-image":"","background-repeat":"repeat","background-position":"center center","background-size":"auto","background-attachment":"scroll","background-type":"","background-media":"","overlay-type":"","overlay-color":"","overlay-opacity":"","overlay-gradient":""},"tablet":{"background-color":"var(--ast-global-color-5)","background-image":"","background-repeat":"repeat","background-position":"center center","background-size":"auto","background-attachment":"scroll","background-type":"","background-media":"","overlay-type":"","overlay-color":"","overlay-opacity":"","overlay-gradient":""},"mobile":{"background-color":"var(--ast-global-color-5)","background-image":"","background-repeat":"repeat","background-position":"center center","background-size":"auto","background-attachment":"scroll","background-type":"","background-media":"","overlay-type":"","overlay-color":"","overlay-opacity":"","overlay-gradient":""}},"footnotes":""},"categories":[517],"tags":[882,2060,50,22,199,956],"class_list":["post-12293","post","type-post","status-publish","format-standard","hentry","category-aconteceu","tag-fogo","tag-kombi","tag-noticias-do-face","tag-noticias-no-face","tag-noticiasnoface","tag-posto-de-gasolina"],"_links":{"self":[{"href":"https:\/\/noticiasnoface.com.br\/index.php\/wp-json\/wp\/v2\/posts\/12293","targetHints":{"allow":["GET"]}}],"collection":[{"href":"https:\/\/noticiasnoface.com.br\/index.php\/wp-json\/wp\/v2\/posts"}],"about":[{"href":"https:\/\/noticiasnoface.com.br\/index.php\/wp-json\/wp\/v2\/types\/post"}],"author":[{"embeddable":true,"href":"https:\/\/noticiasnoface.com.br\/index.php\/wp-json\/wp\/v2\/users\/1"}],"replies":[{"embeddable":true,"href":"https:\/\/noticiasnoface.com.br\/index.php\/wp-json\/wp\/v2\/comments?post=12293"}],"version-history":[{"count":1,"href":"https:\/\/noticiasnoface.com.br\/index.php\/wp-json\/wp\/v2\/posts\/12293\/revisions"}],"predecessor-version":[{"id":12294,"href":"https:\/\/noticiasnoface.com.br\/index.php\/wp-json\/wp\/v2\/posts\/12293\/revisions\/12294"}],"wp:attachment":[{"href":"https:\/\/noticiasnoface.com.br\/index.php\/wp-json\/wp\/v2\/media?parent=12293"}],"wp:term":[{"taxonomy":"category","embeddable":true,"href":"https:\/\/noticiasnoface.com.br\/index.php\/wp-json\/wp\/v2\/categories?post=12293"},{"taxonomy":"post_tag","embeddable":true,"href":"https:\/\/noticiasnoface.com.br\/index.php\/wp-json\/wp\/v2\/tags?post=12293"}],"curies":[{"name":"wp","href":"https:\/\/api.w.org\/{rel}","templated":true}]}}