{"id":12299,"date":"2022-11-05T20:58:59","date_gmt":"2022-11-05T23:58:59","guid":{"rendered":"https:\/\/noticiasnoface.com.br\/?p=12299"},"modified":"2022-11-05T20:59:00","modified_gmt":"2022-11-05T23:59:00","slug":"nao-tem-explicacao-bolsonaro-ter-zero-votos-em-centenas-de-urnas-diz-vice-de-soraya-tronick","status":"publish","type":"post","link":"https:\/\/noticiasnoface.com.br\/index.php\/2022\/11\/05\/nao-tem-explicacao-bolsonaro-ter-zero-votos-em-centenas-de-urnas-diz-vice-de-soraya-tronick\/","title":{"rendered":"\u201cN\u00e3o tem explica\u00e7\u00e3o Bolsonaro ter ZERO votos em centenas de urnas\u201d diz Vice de Soraya Tronick"},"content":{"rendered":"\n<figure class=\"wp-block-image size-large\"><img data-opt-id=1452095092  fetchpriority=\"high\" decoding=\"async\" src=\"https:\/\/mlbfrsat7ahr.i.optimole.com\/w:auto\/h:auto\/q:mauto\/ig:avif\/https:\/\/noticiasnoface.com.br\/wp-content\/uploads\/2022\/11\/img_6287.jpg\" class=\"wp-image-12298\"\/><figcaption class=\"wp-element-caption\"><br>O ex-secret\u00e1rio da Receita Federal <strong>Marcos Cintra<\/strong> (foto) disse neste s\u00e1bado (5), nas redes sociais, que as d\u00favidas do presidente <strong>Jair Bolsonaro<\/strong> sobre as urnas eletr\u00f4nicas <em>\u201cmerecem respostas\u201d<\/em>.<br>Nos grupos de apoiadores de Bolsonaro,<a href=\"https:\/\/oantagonista.uol.com.br\/brasil\/bolsonaro-nao-desistiu-2\/\" target=\"_blank\" rel=\"noopener\">como mostramos<\/a>, circula uma <strong>planilha com links para os Boletins de Urna de se\u00e7\u00f5es eleitorais<\/strong> em que o presidente teve <strong>zero voto<\/strong> ou vota\u00e7\u00e3o inexpressiva.<br><br><br><em>\u201cVerifiquei os dados do TSE e n\u00e3o vejo explica\u00e7\u00e3o para o JB ter zero votos em centenas de urnas. Ex. Roraima, e em S\u00e3o Paulo, como em Franca, Osasco e Guarulhos\u201d,<\/em> escreveu o ex-candidato a vice-presidente na <strong>chapa de Soraya Thronicke<\/strong>.<br><em>\u201cCuriosamente <strong>n\u00e3o h\u00e1 uma \u00fanica urna em todo o pa\u00eds onde o Bolsonaro tenha tido 100%<\/strong> dos votos. E se h\u00e1 suspeita em uma \u00fanica urna, elas recaem sobre todo o sistema\u201d,<\/em> acrescentou.<br><br>Para Cintra, essas d\u00favidas <em>\u201cs\u00e3o leg\u00edtimas\u201d<\/em> e qualquer cidad\u00e3o tem o <em>\u201cdever de exigir esclarecimentos das autoridades competentes para preservar a democracia e a legitimidade de nossas institui\u00e7\u00f5es\u201d.<\/em><br><em>\u201cQuero ardentemente acreditar que haja explica\u00e7\u00e3o convincente\u201d.<\/em><br>Apesar de ter dito ao Supremo que \u201cacabou\u201d, <strong><a href=\"https:\/\/oantagonista.uol.com.br\/brasil\/bolsonaro-nao-desistiu-2\/\" target=\"_blank\" rel=\"noopener\">Bolsonaro n\u00e3o desistiu de contestar o resultado das urnas.<\/a><\/strong> O ANTAGONISTA <\/figcaption><\/figure>\n","protected":false},"excerpt":{"rendered":"","protected":false},"author":1,"featured_media":0,"comment_status":"open","ping_status":"open","sticky":false,"template":"","format":"standard","meta":{"site-sidebar-layout":"default","site-content-layout":"","ast-site-content-layout":"default","site-content-style":"default","site-sidebar-style":"default","ast-global-header-display":"","ast-banner-title-visibility":"","ast-main-header-display":"","ast-hfb-above-header-display":"","ast-hfb-below-header-display":"","ast-hfb-mobile-header-display":"","site-post-title":"","ast-breadcrumbs-content":"","ast-featured-img":"","footer-sml-layout":"","ast-disable-related-posts":"","theme-transparent-header-meta":"","adv-header-id-meta":"","stick-header-meta":"","header-above-stick-meta":"","header-main-stick-meta":"","header-below-stick-meta":"","astra-migrate-meta-layouts":"default","ast-page-background-enabled":"default","ast-page-background-meta":{"desktop":{"background-color":"var(--ast-global-color-4)","background-image":"","background-repeat":"repeat","background-position":"center center","background-size":"auto","background-attachment":"scroll","background-type":"","background-media":"","overlay-type":"","overlay-color":"","overlay-opacity":"","overlay-gradient":""},"tablet":{"background-color":"","background-image":"","background-repeat":"repeat","background-position":"center center","background-size":"auto","background-attachment":"scroll","background-type":"","background-media":"","overlay-type":"","overlay-color":"","overlay-opacity":"","overlay-gradient":""},"mobile":{"background-color":"","background-image":"","background-repeat":"repeat","background-position":"center center","background-size":"auto","background-attachment":"scroll","background-type":"","background-media":"","overlay-type":"","overlay-color":"","overlay-opacity":"","overlay-gradient":""}},"ast-content-background-meta":{"desktop":{"background-color":"var(--ast-global-color-5)","background-image":"","background-repeat":"repeat","background-position":"center center","background-size":"auto","background-attachment":"scroll","background-type":"","background-media":"","overlay-type":"","overlay-color":"","overlay-opacity":"","overlay-gradient":""},"tablet":{"background-color":"var(--ast-global-color-5)","background-image":"","background-repeat":"repeat","background-position":"center center","background-size":"auto","background-attachment":"scroll","background-type":"","background-media":"","overlay-type":"","overlay-color":"","overlay-opacity":"","overlay-gradient":""},"mobile":{"background-color":"var(--ast-global-color-5)","background-image":"","background-repeat":"repeat","background-position":"center center","background-size":"auto","background-attachment":"scroll","background-type":"","background-media":"","overlay-type":"","overlay-color":"","overlay-opacity":"","overlay-gradient":""}},"footnotes":""},"categories":[517],"tags":[8,82,317,192,215,50,22,199],"class_list":["post-12299","post","type-post","status-publish","format-standard","hentry","category-aconteceu","tag-bolsonaro","tag-bolsonaro-tem-razao","tag-eleicoes","tag-eleicoes-2022","tag-lula","tag-noticias-do-face","tag-noticias-no-face","tag-noticiasnoface"],"_links":{"self":[{"href":"https:\/\/noticiasnoface.com.br\/index.php\/wp-json\/wp\/v2\/posts\/12299","targetHints":{"allow":["GET"]}}],"collection":[{"href":"https:\/\/noticiasnoface.com.br\/index.php\/wp-json\/wp\/v2\/posts"}],"about":[{"href":"https:\/\/noticiasnoface.com.br\/index.php\/wp-json\/wp\/v2\/types\/post"}],"author":[{"embeddable":true,"href":"https:\/\/noticiasnoface.com.br\/index.php\/wp-json\/wp\/v2\/users\/1"}],"replies":[{"embeddable":true,"href":"https:\/\/noticiasnoface.com.br\/index.php\/wp-json\/wp\/v2\/comments?post=12299"}],"version-history":[{"count":1,"href":"https:\/\/noticiasnoface.com.br\/index.php\/wp-json\/wp\/v2\/posts\/12299\/revisions"}],"predecessor-version":[{"id":12300,"href":"https:\/\/noticiasnoface.com.br\/index.php\/wp-json\/wp\/v2\/posts\/12299\/revisions\/12300"}],"wp:attachment":[{"href":"https:\/\/noticiasnoface.com.br\/index.php\/wp-json\/wp\/v2\/media?parent=12299"}],"wp:term":[{"taxonomy":"category","embeddable":true,"href":"https:\/\/noticiasnoface.com.br\/index.php\/wp-json\/wp\/v2\/categories?post=12299"},{"taxonomy":"post_tag","embeddable":true,"href":"https:\/\/noticiasnoface.com.br\/index.php\/wp-json\/wp\/v2\/tags?post=12299"}],"curies":[{"name":"wp","href":"https:\/\/api.w.org\/{rel}","templated":true}]}}