{"id":12308,"date":"2022-11-06T13:37:36","date_gmt":"2022-11-06T16:37:36","guid":{"rendered":"https:\/\/noticiasnoface.com.br\/?p=12308"},"modified":"2022-11-06T13:41:00","modified_gmt":"2022-11-06T16:41:00","slug":"com-cancer-celso-portioli-e-internado-as-pressas","status":"publish","type":"post","link":"https:\/\/noticiasnoface.com.br\/index.php\/2022\/11\/06\/com-cancer-celso-portioli-e-internado-as-pressas\/","title":{"rendered":"Com c\u00e2ncer Celso Portioli \u00e9 internado \u00e0s pressas"},"content":{"rendered":"\n<figure class=\"wp-block-image size-large\"><img data-opt-id=461488374  fetchpriority=\"high\" decoding=\"async\" src=\"https:\/\/mlbfrsat7ahr.i.optimole.com\/w:1024\/h:536\/q:mauto\/ig:avif\/https:\/\/noticiasnoface.com.br\/wp-content\/uploads\/2022\/11\/img_6311-1-1024x536.jpg\" alt=\"\" class=\"wp-image-12310\"\/><figcaption class=\"wp-element-caption\">O apresentador Celso Portiolli, que vem lutando contra um c\u00e2ncer na bexiga, precisou ser internado \u00e0s pressas na noite desta \u00faltima sexta-feira (4).<br \/><br \/>Segundo as informa\u00e7\u00f5es, Celso Portiolli foi tratar uma inflama\u00e7\u00e3o na bexiga e por isso a interna\u00e7\u00e3o foi necess\u00e1ria.<br \/>No hospital, o apresentador do Sistema Brasileiro de Televis\u00e3o \u2013 SBT \u2013 gravou um v\u00eddeo e compartilhou no seu perfil no Instagram, revelando seu estado de sa\u00fade e informando porque foi levado para um hospital em S\u00e3o Paulo.<br \/>Celso Portiolli aproveitou para falar sobre o \u2018Teleton\u2019, que acontece neste fim de semana, e lamentou porque esta ser\u00e1 a primeira vez que ele n\u00e3o participa de uma edi\u00e7\u00e3o do programa que visa arrecadar fundos em prol da Associa\u00e7\u00e3o de Assist\u00eancia \u00e0 crian\u00e7a.<br \/>O artista refor\u00e7ou que continua em tratamento contra o c\u00e2ncer, contudo, ele est\u00e1 com a sa\u00fade em perfeitas condi\u00e7\u00f5es, mas como havia dito anteriormente ao lado do doutor Fernando Maluf, depois de realizar v\u00e1rios exames e ver que tudo est\u00e1 bem, ele precisa continuar com seu tratamento de imunoterapia.<\/figcaption><\/figure>\n","protected":false},"excerpt":{"rendered":"","protected":false},"author":1,"featured_media":0,"comment_status":"open","ping_status":"open","sticky":false,"template":"","format":"standard","meta":{"site-sidebar-layout":"default","site-content-layout":"","ast-site-content-layout":"default","site-content-style":"default","site-sidebar-style":"default","ast-global-header-display":"","ast-banner-title-visibility":"","ast-main-header-display":"","ast-hfb-above-header-display":"","ast-hfb-below-header-display":"","ast-hfb-mobile-header-display":"","site-post-title":"","ast-breadcrumbs-content":"","ast-featured-img":"","footer-sml-layout":"","ast-disable-related-posts":"","theme-transparent-header-meta":"","adv-header-id-meta":"","stick-header-meta":"","header-above-stick-meta":"","header-main-stick-meta":"","header-below-stick-meta":"","astra-migrate-meta-layouts":"default","ast-page-background-enabled":"default","ast-page-background-meta":{"desktop":{"background-color":"var(--ast-global-color-4)","background-image":"","background-repeat":"repeat","background-position":"center center","background-size":"auto","background-attachment":"scroll","background-type":"","background-media":"","overlay-type":"","overlay-color":"","overlay-opacity":"","overlay-gradient":""},"tablet":{"background-color":"","background-image":"","background-repeat":"repeat","background-position":"center center","background-size":"auto","background-attachment":"scroll","background-type":"","background-media":"","overlay-type":"","overlay-color":"","overlay-opacity":"","overlay-gradient":""},"mobile":{"background-color":"","background-image":"","background-repeat":"repeat","background-position":"center center","background-size":"auto","background-attachment":"scroll","background-type":"","background-media":"","overlay-type":"","overlay-color":"","overlay-opacity":"","overlay-gradient":""}},"ast-content-background-meta":{"desktop":{"background-color":"var(--ast-global-color-5)","background-image":"","background-repeat":"repeat","background-position":"center center","background-size":"auto","background-attachment":"scroll","background-type":"","background-media":"","overlay-type":"","overlay-color":"","overlay-opacity":"","overlay-gradient":""},"tablet":{"background-color":"var(--ast-global-color-5)","background-image":"","background-repeat":"repeat","background-position":"center center","background-size":"auto","background-attachment":"scroll","background-type":"","background-media":"","overlay-type":"","overlay-color":"","overlay-opacity":"","overlay-gradient":""},"mobile":{"background-color":"var(--ast-global-color-5)","background-image":"","background-repeat":"repeat","background-position":"center center","background-size":"auto","background-attachment":"scroll","background-type":"","background-media":"","overlay-type":"","overlay-color":"","overlay-opacity":"","overlay-gradient":""}},"footnotes":""},"categories":[517],"tags":[1615,2067,2066,1431,50,22,199,759],"class_list":["post-12308","post","type-post","status-publish","format-standard","hentry","category-aconteceu","tag-apresentador","tag-cancer","tag-celso-portioli","tag-internado","tag-noticias-do-face","tag-noticias-no-face","tag-noticiasnoface","tag-sbt"],"_links":{"self":[{"href":"https:\/\/noticiasnoface.com.br\/index.php\/wp-json\/wp\/v2\/posts\/12308","targetHints":{"allow":["GET"]}}],"collection":[{"href":"https:\/\/noticiasnoface.com.br\/index.php\/wp-json\/wp\/v2\/posts"}],"about":[{"href":"https:\/\/noticiasnoface.com.br\/index.php\/wp-json\/wp\/v2\/types\/post"}],"author":[{"embeddable":true,"href":"https:\/\/noticiasnoface.com.br\/index.php\/wp-json\/wp\/v2\/users\/1"}],"replies":[{"embeddable":true,"href":"https:\/\/noticiasnoface.com.br\/index.php\/wp-json\/wp\/v2\/comments?post=12308"}],"version-history":[{"count":4,"href":"https:\/\/noticiasnoface.com.br\/index.php\/wp-json\/wp\/v2\/posts\/12308\/revisions"}],"predecessor-version":[{"id":12313,"href":"https:\/\/noticiasnoface.com.br\/index.php\/wp-json\/wp\/v2\/posts\/12308\/revisions\/12313"}],"wp:attachment":[{"href":"https:\/\/noticiasnoface.com.br\/index.php\/wp-json\/wp\/v2\/media?parent=12308"}],"wp:term":[{"taxonomy":"category","embeddable":true,"href":"https:\/\/noticiasnoface.com.br\/index.php\/wp-json\/wp\/v2\/categories?post=12308"},{"taxonomy":"post_tag","embeddable":true,"href":"https:\/\/noticiasnoface.com.br\/index.php\/wp-json\/wp\/v2\/tags?post=12308"}],"curies":[{"name":"wp","href":"https:\/\/api.w.org\/{rel}","templated":true}]}}