{"id":12322,"date":"2022-11-06T20:42:09","date_gmt":"2022-11-06T23:42:09","guid":{"rendered":"https:\/\/noticiasnoface.com.br\/?p=12322"},"modified":"2022-11-07T08:48:09","modified_gmt":"2022-11-07T11:48:09","slug":"prinspe-reuri-levou-um-pe-na-bunda-da-feminista","status":"publish","type":"post","link":"https:\/\/noticiasnoface.com.br\/index.php\/2022\/11\/06\/prinspe-reuri-levou-um-pe-na-bunda-da-feminista\/","title":{"rendered":"Prinspe Reuri levou um p\u00e9 na bunda da feminista, eita!"},"content":{"rendered":"\n<figure class=\"wp-block-image size-large\"><img data-opt-id=1215955792  fetchpriority=\"high\" decoding=\"async\" src=\"https:\/\/mlbfrsat7ahr.i.optimole.com\/w:300\/h:225\/q:mauto\/ig:avif\/https:\/\/noticiasnoface.com.br\/wp-content\/uploads\/2022\/11\/img_6346-300x225.jpg\" alt=\"\" class=\"wp-image-12321\"\/><figcaption class=\"wp-element-caption\">Principe Reuri Levou um p\u00e9 na bunda!<\/figcaption><\/figure>\n\n\n\n<p>Acabou o amor?&nbsp;<\/p>\n\n\n\n<p>Segundo Lady Colin Campbell, sim.&nbsp;<\/p>\n\n\n\n<p>Meghan Markle e o pr\u00edncipe Harry podem anunciar oficialmente a separa\u00e7\u00e3o do casal a qualquer momento.&nbsp;<\/p>\n\n\n\n<p>De acordo com informa\u00e7\u00f5es \u00e0s que a correspondente real teve acesso nesta quinta-feira (3), fontes das mais confi\u00e1veis j\u00e1 confirmaram que os dois n\u00e3o v\u00e3o manter o casamento e que, em breve, v\u00e3o se separar.<\/p>\n\n\n\n<p>Campbell afirma que os dois j\u00e1 est\u00e3o morando em endere\u00e7os diferentes e que, no momento, discutem com os respectivos advogados um jeito amig\u00e1vel de terminar o enlace, que durou pouco mais de quatro anos, se a separa\u00e7\u00e3o for mesmo confirmada. A prefer\u00eancia dos dois seria um acordo que agrade o ex-casal no quesito dinheiro.&nbsp;<\/p>\n\n\n\n<p>Procurada por jornais do Reino Unido para comentar a suposta informa\u00e7\u00e3o, a tamb\u00e9m correspondente real Angela Levin falou que n\u00e3o acredita no que a colega disse.&nbsp;<\/p>\n\n\n\n<p>Lady C, como \u00e9 conhecida a expert royal, garantiu que ouviu a mesma vers\u00e3o da hist\u00f3ria do div\u00f3rcio de duas pessoas diferentes, mas igualmente pr\u00f3ximas \u00e0 duquesa e ao duque de Sussex em momentos e encontros totalmente independentes.<\/p>\n\n\n\n<p>A jornalista que ficou famosa como correspondente real \u00e9 nascida na Jamaica e radicada na Inglaterra h\u00e1 20 anos. Ela tem 73 anos de idade e \u00e9 autora de uma biografia n\u00e3o autorizada dos Sussex &#8211; Meghan e Harry &#8211; lan\u00e7ada em 2020. Ela tamb\u00e9m j\u00e1 escreveu um livro do mesmo g\u00eanero sobre a princesa Diana e a rainha Elizabeth II, no come\u00e7o de 1990, ambos best-sellers \u00e0 \u00e9poca. <\/p>\n","protected":false},"excerpt":{"rendered":"<p>Acabou o amor?&nbsp; Segundo Lady Colin Campbell, sim.&nbsp; Meghan Markle e o pr\u00edncipe Harry podem anunciar oficialmente a separa\u00e7\u00e3o do [&hellip;]<\/p>\n","protected":false},"author":1,"featured_media":0,"comment_status":"open","ping_status":"open","sticky":false,"template":"","format":"standard","meta":{"site-sidebar-layout":"default","site-content-layout":"","ast-site-content-layout":"default","site-content-style":"default","site-sidebar-style":"default","ast-global-header-display":"","ast-banner-title-visibility":"","ast-main-header-display":"","ast-hfb-above-header-display":"","ast-hfb-below-header-display":"","ast-hfb-mobile-header-display":"","site-post-title":"","ast-breadcrumbs-content":"","ast-featured-img":"","footer-sml-layout":"","ast-disable-related-posts":"","theme-transparent-header-meta":"","adv-header-id-meta":"","stick-header-meta":"","header-above-stick-meta":"","header-main-stick-meta":"","header-below-stick-meta":"","astra-migrate-meta-layouts":"default","ast-page-background-enabled":"default","ast-page-background-meta":{"desktop":{"background-color":"var(--ast-global-color-4)","background-image":"","background-repeat":"repeat","background-position":"center center","background-size":"auto","background-attachment":"scroll","background-type":"","background-media":"","overlay-type":"","overlay-color":"","overlay-opacity":"","overlay-gradient":""},"tablet":{"background-color":"","background-image":"","background-repeat":"repeat","background-position":"center center","background-size":"auto","background-attachment":"scroll","background-type":"","background-media":"","overlay-type":"","overlay-color":"","overlay-opacity":"","overlay-gradient":""},"mobile":{"background-color":"","background-image":"","background-repeat":"repeat","background-position":"center center","background-size":"auto","background-attachment":"scroll","background-type":"","background-media":"","overlay-type":"","overlay-color":"","overlay-opacity":"","overlay-gradient":""}},"ast-content-background-meta":{"desktop":{"background-color":"var(--ast-global-color-5)","background-image":"","background-repeat":"repeat","background-position":"center center","background-size":"auto","background-attachment":"scroll","background-type":"","background-media":"","overlay-type":"","overlay-color":"","overlay-opacity":"","overlay-gradient":""},"tablet":{"background-color":"var(--ast-global-color-5)","background-image":"","background-repeat":"repeat","background-position":"center center","background-size":"auto","background-attachment":"scroll","background-type":"","background-media":"","overlay-type":"","overlay-color":"","overlay-opacity":"","overlay-gradient":""},"mobile":{"background-color":"var(--ast-global-color-5)","background-image":"","background-repeat":"repeat","background-position":"center center","background-size":"auto","background-attachment":"scroll","background-type":"","background-media":"","overlay-type":"","overlay-color":"","overlay-opacity":"","overlay-gradient":""}},"footnotes":""},"categories":[517],"tags":[2072,2071,50,22,199,2069,2070,1994],"class_list":["post-12322","post","type-post","status-publish","format-standard","hentry","category-aconteceu","tag-familia-real","tag-feminista","tag-noticias-do-face","tag-noticias-no-face","tag-noticiasnoface","tag-principe","tag-principe-reuri","tag-separacao"],"_links":{"self":[{"href":"https:\/\/noticiasnoface.com.br\/index.php\/wp-json\/wp\/v2\/posts\/12322","targetHints":{"allow":["GET"]}}],"collection":[{"href":"https:\/\/noticiasnoface.com.br\/index.php\/wp-json\/wp\/v2\/posts"}],"about":[{"href":"https:\/\/noticiasnoface.com.br\/index.php\/wp-json\/wp\/v2\/types\/post"}],"author":[{"embeddable":true,"href":"https:\/\/noticiasnoface.com.br\/index.php\/wp-json\/wp\/v2\/users\/1"}],"replies":[{"embeddable":true,"href":"https:\/\/noticiasnoface.com.br\/index.php\/wp-json\/wp\/v2\/comments?post=12322"}],"version-history":[{"count":3,"href":"https:\/\/noticiasnoface.com.br\/index.php\/wp-json\/wp\/v2\/posts\/12322\/revisions"}],"predecessor-version":[{"id":12346,"href":"https:\/\/noticiasnoface.com.br\/index.php\/wp-json\/wp\/v2\/posts\/12322\/revisions\/12346"}],"wp:attachment":[{"href":"https:\/\/noticiasnoface.com.br\/index.php\/wp-json\/wp\/v2\/media?parent=12322"}],"wp:term":[{"taxonomy":"category","embeddable":true,"href":"https:\/\/noticiasnoface.com.br\/index.php\/wp-json\/wp\/v2\/categories?post=12322"},{"taxonomy":"post_tag","embeddable":true,"href":"https:\/\/noticiasnoface.com.br\/index.php\/wp-json\/wp\/v2\/tags?post=12322"}],"curies":[{"name":"wp","href":"https:\/\/api.w.org\/{rel}","templated":true}]}}