{"id":12330,"date":"2022-11-06T22:42:24","date_gmt":"2022-11-07T01:42:24","guid":{"rendered":"https:\/\/noticiasnoface.com.br\/?p=12330"},"modified":"2022-11-06T22:42:24","modified_gmt":"2022-11-07T01:42:24","slug":"vereadores-derrubam-vetos-a-emendas-que-beneficiam-pessoas-com-deficiencia","status":"publish","type":"post","link":"https:\/\/noticiasnoface.com.br\/index.php\/2022\/11\/06\/vereadores-derrubam-vetos-a-emendas-que-beneficiam-pessoas-com-deficiencia\/","title":{"rendered":"Vereadores derrubam vetos a emendas que beneficiam pessoas com defici\u00eancia"},"content":{"rendered":"\n<figure class=\"wp-block-image size-large\"><img data-opt-id=1613463557  fetchpriority=\"high\" decoding=\"async\" src=\"https:\/\/mlbfrsat7ahr.i.optimole.com\/w:1024\/h:674\/q:mauto\/ig:avif\/https:\/\/noticiasnoface.com.br\/wp-content\/uploads\/2022\/11\/img_6354-1024x674.jpg\" class=\"wp-image-12329\"\/><figcaption class=\"wp-element-caption\">Durante a sess\u00e3o ordin\u00e1ria desta quinta-feira (03), a C\u00e2mara Municipal de Natal apreciou tr\u00eas vetos parciais do Executivo aplicados a emendas parlamentares aprovadas e encartadas pelo Legislativo ao Plano Plurianual para o quadri\u00eanio 2022-2025; dois foram derrubados e um mantido pelo plen\u00e1rio. Os impedimentos rejeitados dispunham sobre iniciativas do vereador T\u00e9rcio Tinoco (Uni\u00e3o Brasil) e o acatado aborda uma mat\u00e9ria do vereador Milklei Leite (PV). Esta \u00faltima trata da constru\u00e7\u00e3o de gin\u00e1sios poliesportivos da zona Norte.<br>O vereador Raniere Barbosa (Avante), vice-l\u00edder do governo, explicou as raz\u00f5es dos vetos. &#8220;As emendas encaminhadas pelos parlamentares cometem invas\u00e3o de compet\u00eancia e geram despesas para o Executivo, ferindo a constitucionalidade da Lei Org\u00e2nica. Realizamos uma discuss\u00e3o t\u00e9cnica, todavia, estamos numa casa pol\u00edtica, o que faz com que muitas vezes o m\u00e9rito dos projetos se sobrep\u00f5em \u00e0s determina\u00e7\u00f5es t\u00e9cnicas&#8221;, pontuou.  <br>O vereador T\u00e9rcio Tinoco comemorou a manuten\u00e7\u00e3o das suas emendas que direcionam recursos para adapta\u00e7\u00e3o de 15% dos ve\u00edculos oficiais da Prefeitura para pessoas com defici\u00eancia e incremento da Bolsa Atleta para o esporte ol\u00edmpico e paral\u00edmpico. &#8220;N\u00e3o vi motivo para o Executivo vetar esses textos, mas felizmente conseguimos derrubar os dois impedimentos com a ajuda de todas as bancadas deste parlamento. Assim, conseguimos avan\u00e7ar na pauta da inclus\u00e3o social na capital potiguar&#8221;.<br>Em regime de urg\u00eancia, o plen\u00e1rio aprovou o Projeto de Lei n\u00b0 33\/2020 que reconhece como de Utilidade P\u00fablica Municipal a Associa\u00e7\u00e3o Cultural Casa do Cordel, institui\u00e7\u00e3o que apoia e realiza a\u00e7\u00f5es voltadas para o desenvolvimento da cultura cordelista no Rio Grande do Norte. A autora da proposta, vereadora J\u00falia Arruda (PCdoB), informou que a Casa do Cordel possui um acervo que compreende folhetos, livros e objetos antigos. <br>&#8220;Localizada no centro da cidade, cora\u00e7\u00e3o da boemia natalense, presta relevantes servi\u00e7os \u00e0 cultura popular, sendo merecedora de reconhecimento do Poder P\u00fablico&#8221;, disse ela. <br>Tamb\u00e9m receberam parecer favor\u00e1vel dois projetos de lei em segunda discuss\u00e3o: PL 116\/2022, do vereador Hermes C\u00e2mara (PTB), sobre o reconhecimento de Utilidade P\u00fablica Municipal da Federa\u00e7\u00e3o do Rio Grande do Norte de Lutas Profissionais \u2013 FRNLP; PL 08\/2022, do vereador Aroldo Alves (PSDB), que institui o Dia do Trabalhador Rural, a ser comemorado no dia 24 de maio no \u00e2mbito do munic\u00edpio. <br>Por fim, tr\u00eas textos em primeira discuss\u00e3o foram acatados: PL 218\/2020, da vereadora Divaneide Bas\u00edlio (PT), que cria o Dia Municipal da Esclerodermia, a ser comemorado anualmente, no dia 29 de Junho, quando se comemora o &#8220;Dia Mundial da Esclerodermia; PL 303\/2020, da vereadora Nina Souza (PDT), que denomina formalmente a travessa Jo\u00e3o Medeiros Filho, localizada na lateral direita da UERN, e o PL 341\/2022, do presidente da Casa, vereador Paulinho Freire (Uni\u00e3o Brasil), que reconhece como de Utilidade P\u00fablica Municipal o Servi\u00e7o Nacional de Aprendizagem Comercial \u2013 SENAC\/RN.<br><strong><em>Texto: Junior Martins<br>Fotos: Elp\u00eddio J\u00fanior<\/em><\/strong><\/figcaption><\/figure>\n","protected":false},"excerpt":{"rendered":"","protected":false},"author":1,"featured_media":0,"comment_status":"open","ping_status":"open","sticky":false,"template":"","format":"standard","meta":{"site-sidebar-layout":"default","site-content-layout":"","ast-site-content-layout":"default","site-content-style":"default","site-sidebar-style":"default","ast-global-header-display":"","ast-banner-title-visibility":"","ast-main-header-display":"","ast-hfb-above-header-display":"","ast-hfb-below-header-display":"","ast-hfb-mobile-header-display":"","site-post-title":"","ast-breadcrumbs-content":"","ast-featured-img":"","footer-sml-layout":"","ast-disable-related-posts":"","theme-transparent-header-meta":"","adv-header-id-meta":"","stick-header-meta":"","header-above-stick-meta":"","header-main-stick-meta":"","header-below-stick-meta":"","astra-migrate-meta-layouts":"default","ast-page-background-enabled":"default","ast-page-background-meta":{"desktop":{"background-color":"var(--ast-global-color-4)","background-image":"","background-repeat":"repeat","background-position":"center center","background-size":"auto","background-attachment":"scroll","background-type":"","background-media":"","overlay-type":"","overlay-color":"","overlay-opacity":"","overlay-gradient":""},"tablet":{"background-color":"","background-image":"","background-repeat":"repeat","background-position":"center center","background-size":"auto","background-attachment":"scroll","background-type":"","background-media":"","overlay-type":"","overlay-color":"","overlay-opacity":"","overlay-gradient":""},"mobile":{"background-color":"","background-image":"","background-repeat":"repeat","background-position":"center center","background-size":"auto","background-attachment":"scroll","background-type":"","background-media":"","overlay-type":"","overlay-color":"","overlay-opacity":"","overlay-gradient":""}},"ast-content-background-meta":{"desktop":{"background-color":"var(--ast-global-color-5)","background-image":"","background-repeat":"repeat","background-position":"center center","background-size":"auto","background-attachment":"scroll","background-type":"","background-media":"","overlay-type":"","overlay-color":"","overlay-opacity":"","overlay-gradient":""},"tablet":{"background-color":"var(--ast-global-color-5)","background-image":"","background-repeat":"repeat","background-position":"center center","background-size":"auto","background-attachment":"scroll","background-type":"","background-media":"","overlay-type":"","overlay-color":"","overlay-opacity":"","overlay-gradient":""},"mobile":{"background-color":"var(--ast-global-color-5)","background-image":"","background-repeat":"repeat","background-position":"center center","background-size":"auto","background-attachment":"scroll","background-type":"","background-media":"","overlay-type":"","overlay-color":"","overlay-opacity":"","overlay-gradient":""}},"footnotes":""},"categories":[517],"tags":[],"class_list":["post-12330","post","type-post","status-publish","format-standard","hentry","category-aconteceu"],"_links":{"self":[{"href":"https:\/\/noticiasnoface.com.br\/index.php\/wp-json\/wp\/v2\/posts\/12330","targetHints":{"allow":["GET"]}}],"collection":[{"href":"https:\/\/noticiasnoface.com.br\/index.php\/wp-json\/wp\/v2\/posts"}],"about":[{"href":"https:\/\/noticiasnoface.com.br\/index.php\/wp-json\/wp\/v2\/types\/post"}],"author":[{"embeddable":true,"href":"https:\/\/noticiasnoface.com.br\/index.php\/wp-json\/wp\/v2\/users\/1"}],"replies":[{"embeddable":true,"href":"https:\/\/noticiasnoface.com.br\/index.php\/wp-json\/wp\/v2\/comments?post=12330"}],"version-history":[{"count":1,"href":"https:\/\/noticiasnoface.com.br\/index.php\/wp-json\/wp\/v2\/posts\/12330\/revisions"}],"predecessor-version":[{"id":12331,"href":"https:\/\/noticiasnoface.com.br\/index.php\/wp-json\/wp\/v2\/posts\/12330\/revisions\/12331"}],"wp:attachment":[{"href":"https:\/\/noticiasnoface.com.br\/index.php\/wp-json\/wp\/v2\/media?parent=12330"}],"wp:term":[{"taxonomy":"category","embeddable":true,"href":"https:\/\/noticiasnoface.com.br\/index.php\/wp-json\/wp\/v2\/categories?post=12330"},{"taxonomy":"post_tag","embeddable":true,"href":"https:\/\/noticiasnoface.com.br\/index.php\/wp-json\/wp\/v2\/tags?post=12330"}],"curies":[{"name":"wp","href":"https:\/\/api.w.org\/{rel}","templated":true}]}}