{"id":12349,"date":"2022-11-07T09:07:31","date_gmt":"2022-11-07T12:07:31","guid":{"rendered":"https:\/\/noticiasnoface.com.br\/?p=12349"},"modified":"2022-11-07T09:11:59","modified_gmt":"2022-11-07T12:11:59","slug":"prefeita-de-extremoz-compra-imovel-de-2-milhoes-escondido-e-sem-licitacao","status":"publish","type":"post","link":"https:\/\/noticiasnoface.com.br\/index.php\/2022\/11\/07\/prefeita-de-extremoz-compra-imovel-de-2-milhoes-escondido-e-sem-licitacao\/","title":{"rendered":"Prefeita de extremoz compra im\u00f3vel de 2 milh\u00f5es escondido e sem licita\u00e7\u00e3o"},"content":{"rendered":"\n<figure class=\"wp-block-image size-full\"><img data-opt-id=1325719895  fetchpriority=\"high\" decoding=\"async\" width=\"690\" height=\"444\" src=\"https:\/\/mlbfrsat7ahr.i.optimole.com\/w:auto\/h:auto\/q:mauto\/ig:avif\/https:\/\/noticiasnoface.com.br\/wp-content\/uploads\/2022\/11\/C284DCBD-151A-4C5D-9FBA-AF9265ACC676.jpeg\" alt=\"\" class=\"wp-image-12350\" srcset=\"https:\/\/mlbfrsat7ahr.i.optimole.com\/w:690\/h:444\/q:mauto\/ig:avif\/https:\/\/noticiasnoface.com.br\/wp-content\/uploads\/2022\/11\/C284DCBD-151A-4C5D-9FBA-AF9265ACC676.jpeg 690w, https:\/\/mlbfrsat7ahr.i.optimole.com\/w:300\/h:193\/q:mauto\/ig:avif\/https:\/\/noticiasnoface.com.br\/wp-content\/uploads\/2022\/11\/C284DCBD-151A-4C5D-9FBA-AF9265ACC676.jpeg 300w\" sizes=\"(max-width: 690px) 100vw, 690px\" \/><figcaption class=\"wp-element-caption\">prefeitura de Extremoz e suas transpar\u00eancias.<br><br><br>Recebi de um morador da cidade, na noite desse domingo, uma foto da 1\u00aa p\u00e1gina do Di\u00e1rio Oficial do Munic\u00edpio datado de 28 de Dezembro de 2021, pen\u00faltimo dia do ano passado, no apagar das luzes do 1\u00ba ano de mandato da prefeita Jussara Sales, a publica\u00e7\u00e3o de uma compra de um im\u00f3vel para a secretaria municipal de educa\u00e7\u00e3o construir um equipamento educacional .<br><br><br>A compra \u00e9 esquisit\u00edssima e segundo a nossa fonte da cidade, foi motivo de den\u00fancia no MPF, j\u00e1 que a compra foi feita com recursos da educa\u00e7\u00e3o federal.<br><br><br>O blog consultou seis corretores de im\u00f3veis que atuam na regi\u00e3o de Extremoz e nenhum deles avaliou o im\u00f3vel por mais de 800 mil reais.<br><br><br>No comando da pasta da educa\u00e7\u00e3o na \u00e9poca da aquisi\u00e7\u00e3o &#8220;aloprada&#8221; estava o vereador Anderson Barbosa, o mesmo que em janeiro de 2020 chamou uma mulher para &#8220;trocar balas&#8221; com ele.<br><br><br>Amanh\u00e3 o blog trar\u00e1 as fotos atuais do im\u00f3vel.\u00a0<br><br><br>Em tempo: pense num povo corajoso!<br><br><br>Em tempo 2: n\u00e3o bastou o exemplo do ex-prefeito Joaz Oliveira Motta?<br><br><br>Em tempo 3: o povo de Extremoz t\u00e1 anunciando suas casas para vender baseadas na avaliza\u00e7\u00e3o da prefeitura para adiquirir esse im\u00f3vel. T\u00e1 sendo melhor comprar um apartamento de cobertura na Praia de Miami em Natal. Assim, al\u00e9m de ser vizinho de ex-governadores, senadores, deputados, voc\u00ea acorda de frente para o mar.<br><br><br>Em tempo 4: o vereador Anderson Barbosa e a Prefeita Jussara v\u00e3o ganhar o trof\u00e9u &#8220;CORAGEM NA GEST\u00c3O&#8221;.\u00a0<br><br><br>Em tempo 5: o valor da reforma no im\u00f3vel \u00e9 outra aberra\u00e7\u00e3o. Ser\u00e1 motivo de outra mat\u00e9ria.<br><br><br>Em tempo 6: no local do &#8220;pr\u00e9dio de ouro&#8221; ser\u00e1 instalado um Centro de Refer\u00eancia em Tecnologia para a Educa\u00e7\u00e3o Fundamental no munic\u00edpio e atualmente abriga a Secretaria de Educa\u00e7\u00e3o do Munic\u00edpio.\u00a0<br><br><br>Em tempo 7: a empresa vendedora do im\u00f3vel foi aberta poucos meses antes da transa\u00e7\u00e3o. Seu dono \u00e9 s\u00f3cio em outras 9 empresas, que juntas n\u00e3o somam metade do valor do neg\u00f3cio, em Capital Social.<br><br><br>Em tempo 8: a empresa de neg\u00f3cios imobili\u00e1rios est\u00e1 se preparando para negociar outro im\u00f3vel com a prefeitura. Aguardem detalhes da futura negocia\u00e7\u00e3o.<br><br><br>Em tempo 9: o blog recebeu tamb\u00e9m a FICHA DO IM\u00d3VEL, documento da pr\u00f3pria prefeitura que avalia o im\u00f3vel em R$ 212.169,32.\u00a0<br><br><\/figcaption><\/figure>\n","protected":false},"excerpt":{"rendered":"","protected":false},"author":1,"featured_media":0,"comment_status":"open","ping_status":"open","sticky":false,"template":"","format":"standard","meta":{"site-sidebar-layout":"default","site-content-layout":"","ast-site-content-layout":"default","site-content-style":"default","site-sidebar-style":"default","ast-global-header-display":"","ast-banner-title-visibility":"","ast-main-header-display":"","ast-hfb-above-header-display":"","ast-hfb-below-header-display":"","ast-hfb-mobile-header-display":"","site-post-title":"","ast-breadcrumbs-content":"","ast-featured-img":"","footer-sml-layout":"","ast-disable-related-posts":"","theme-transparent-header-meta":"","adv-header-id-meta":"","stick-header-meta":"","header-above-stick-meta":"","header-main-stick-meta":"","header-below-stick-meta":"","astra-migrate-meta-layouts":"default","ast-page-background-enabled":"default","ast-page-background-meta":{"desktop":{"background-color":"var(--ast-global-color-4)","background-image":"","background-repeat":"repeat","background-position":"center center","background-size":"auto","background-attachment":"scroll","background-type":"","background-media":"","overlay-type":"","overlay-color":"","overlay-opacity":"","overlay-gradient":""},"tablet":{"background-color":"","background-image":"","background-repeat":"repeat","background-position":"center center","background-size":"auto","background-attachment":"scroll","background-type":"","background-media":"","overlay-type":"","overlay-color":"","overlay-opacity":"","overlay-gradient":""},"mobile":{"background-color":"","background-image":"","background-repeat":"repeat","background-position":"center center","background-size":"auto","background-attachment":"scroll","background-type":"","background-media":"","overlay-type":"","overlay-color":"","overlay-opacity":"","overlay-gradient":""}},"ast-content-background-meta":{"desktop":{"background-color":"var(--ast-global-color-5)","background-image":"","background-repeat":"repeat","background-position":"center center","background-size":"auto","background-attachment":"scroll","background-type":"","background-media":"","overlay-type":"","overlay-color":"","overlay-opacity":"","overlay-gradient":""},"tablet":{"background-color":"var(--ast-global-color-5)","background-image":"","background-repeat":"repeat","background-position":"center center","background-size":"auto","background-attachment":"scroll","background-type":"","background-media":"","overlay-type":"","overlay-color":"","overlay-opacity":"","overlay-gradient":""},"mobile":{"background-color":"var(--ast-global-color-5)","background-image":"","background-repeat":"repeat","background-position":"center center","background-size":"auto","background-attachment":"scroll","background-type":"","background-media":"","overlay-type":"","overlay-color":"","overlay-opacity":"","overlay-gradient":""}},"footnotes":""},"categories":[517],"tags":[2075,50,22,199],"class_list":["post-12349","post","type-post","status-publish","format-standard","hentry","category-aconteceu","tag-extremoz","tag-noticias-do-face","tag-noticias-no-face","tag-noticiasnoface"],"_links":{"self":[{"href":"https:\/\/noticiasnoface.com.br\/index.php\/wp-json\/wp\/v2\/posts\/12349","targetHints":{"allow":["GET"]}}],"collection":[{"href":"https:\/\/noticiasnoface.com.br\/index.php\/wp-json\/wp\/v2\/posts"}],"about":[{"href":"https:\/\/noticiasnoface.com.br\/index.php\/wp-json\/wp\/v2\/types\/post"}],"author":[{"embeddable":true,"href":"https:\/\/noticiasnoface.com.br\/index.php\/wp-json\/wp\/v2\/users\/1"}],"replies":[{"embeddable":true,"href":"https:\/\/noticiasnoface.com.br\/index.php\/wp-json\/wp\/v2\/comments?post=12349"}],"version-history":[{"count":1,"href":"https:\/\/noticiasnoface.com.br\/index.php\/wp-json\/wp\/v2\/posts\/12349\/revisions"}],"predecessor-version":[{"id":12351,"href":"https:\/\/noticiasnoface.com.br\/index.php\/wp-json\/wp\/v2\/posts\/12349\/revisions\/12351"}],"wp:attachment":[{"href":"https:\/\/noticiasnoface.com.br\/index.php\/wp-json\/wp\/v2\/media?parent=12349"}],"wp:term":[{"taxonomy":"category","embeddable":true,"href":"https:\/\/noticiasnoface.com.br\/index.php\/wp-json\/wp\/v2\/categories?post=12349"},{"taxonomy":"post_tag","embeddable":true,"href":"https:\/\/noticiasnoface.com.br\/index.php\/wp-json\/wp\/v2\/tags?post=12349"}],"curies":[{"name":"wp","href":"https:\/\/api.w.org\/{rel}","templated":true}]}}